{"id":7329,"date":"2020-08-04T11:52:19","date_gmt":"2020-08-04T14:52:19","guid":{"rendered":"https:\/\/vos.homolog.arsnova.work\/?p=7329"},"modified":"2020-08-04T11:52:19","modified_gmt":"2020-08-04T14:52:19","slug":"bsv-especial-coronavirus-19-aglomeracoes-centrao-e-a-nota-de-200","status":"publish","type":"post","link":"https:\/\/vos.homolog.arsnova.work\/?p=7329","title":{"rendered":"BSV Especial Coronav\u00edrus #19 Aglomera\u00e7\u00f5es, centr\u00e3o e a nota de 200"},"content":{"rendered":"<p style=\"text-align: justify;\"><strong>O Brasil est\u00e1 em um momento bastante delicado. J\u00e1 passamos do 90 mil mortos em fun\u00e7\u00e3o do novo coronav\u00edrus, mas o presidente Jair Bolsonaro, que h\u00e1 algumas semanas testou positivo, parece n\u00e3o se preocupar, afinal, est\u00e1 em viagem pelo Brasil, provocando aglomera\u00e7\u00f5es, cumprimentando as pessoas e, \u00e9 claro, removendo a m\u00e1scara. <\/strong><\/p>\n<h5 style=\"text-align: center;\">.<\/h5>\n<h5 style=\"text-align: center;\">Foi o que ele fez no Piau\u00ed, por exemplo, descumprindo TODOS os protocolos de seguran\u00e7a<\/h5>\n<h5 style=\"text-align: center;\">.<\/h5>\n<p style=\"text-align: justify;\">Bem, Ele pode n\u00e3o estar preocupado com a pandemia, mas h\u00e1 uma movimenta\u00e7\u00e3o de bastidores que deve estar tirando o sono de Jair Bolsonaro. O racha do <strong>BLOC\u00c3O.<\/strong> O Bloc\u00e3o da C\u00e2mara \u00e9 um grupo de partidos formado, basicamente, por grande parte do Centr\u00e3o e por deputados da base aliada do governo. J\u00e1 o <strong>Centr\u00e3o<\/strong> \u00e9 o grupo informal de partidos que costumam buscar proximidade com o governo em troca de vantagens, sem muita solidez ideol\u00f3gica. O que acontece agora \u00e9 que partidos que fazem parte do centr\u00e3o como MDB, DEM, PTB e PROS est\u00e3o desembarcando do bloc\u00e3o e isso pode ser um pepino enorme para o governo.<\/p>\n<h5 style=\"text-align: center;\">.<\/h5>\n<h5 style=\"text-align: center;\">Mas isso levanta uma quest\u00e3o maior. \u00c9 poss\u00edvel governar sem o Centr\u00e3o?<\/h5>\n<h5 style=\"text-align: center;\">.<\/h5>\n<p style=\"text-align: justify;\">Ah, n\u00e3o podemos deixar de falar, ainda, na nova nota de 200 reais. Que estampar\u00e1 o Lobo-Guar\u00e1, embora o lugar de honra seja, nos nossos cora\u00e7\u00f5es, da querida ema.<\/p>\n<p style=\"text-align: justify;\"><strong>Participam Ge\u00f3rgia Santos, Fl\u00e1via Cunha, Igor Natusch e T\u00e9rcio Saccol.\u00a0Voc\u00ea tamb\u00e9m pode ouvir o epis\u00f3dio no\u00a0<a href=\"https:\/\/open.spotify.com\/show\/5I8zWzbmuDvEx9Wp6Gtnyd\" target=\"_blank\" rel=\"noopener\">Spotify<\/a>,\u00a0<a href=\"https:\/\/podcasts.apple.com\/us\/podcast\/bendita-sois-v%C3%B3s\/id1436913300\" target=\"_blank\" rel=\"noopener\">Itunes<\/a>\u00a0e\u00a0<a href=\"https:\/\/castbox.fm\/channel\/Bendita-Sois-V%C3%B3s-id1474946?country=br\" target=\"_blank\" rel=\"noopener\">Castbox<\/a>.\u00a0<\/strong><\/p>\n<p style=\"text-align: center;\"><iframe loading=\"lazy\" src=\"https:\/\/w.soundcloud.com\/player\/?url=https%3A\/\/api.soundcloud.com\/tracks\/869632849&amp;color=%23ff5500&amp;auto_play=false&amp;hide_related=false&amp;show_comments=true&amp;show_user=true&amp;show_reposts=false&amp;show_teaser=true&amp;visual=true\" width=\"100%\" height=\"300\" frameborder=\"no\" scrolling=\"no\"><\/iframe><\/p>\n<div style=\"font-size: 10px; color: #cccccc; line-break: anywhere; word-break: normal; overflow: hidden; white-space: nowrap; text-overflow: ellipsis; font-family: Interstate,Lucida Grande,Lucida Sans Unicode,Lucida Sans,Garuda,Verdana,Tahoma,sans-serif; font-weight: 100;\"><a style=\"color: #cccccc; text-decoration: none;\" title=\"V\u00f3s Pessoas no Plural\" href=\"https:\/\/soundcloud.com\/vos-social\" target=\"_blank\" rel=\"noopener\">V\u00f3s Pessoas no Plural<\/a> \u00b7 <a style=\"color: #cccccc; text-decoration: none;\" title=\"BSV Especial Coronav\u00edrus #19 Aglomera\u00e7\u00f5es, centr\u00e3o e a nota de 200\" href=\"https:\/\/soundcloud.com\/vos-social\/bsv-especial-coronavirus-19-aglomeracoes-centrao-e-a-nota-de-200\" target=\"_blank\" rel=\"noopener\">BSV Especial Coronav\u00edrus #19 Aglomera\u00e7\u00f5es, centr\u00e3o e a nota de 200<\/a><\/div>\n","protected":false},"excerpt":{"rendered":"<p>O Brasil est\u00e1 em um momento bastante delicado. J\u00e1 passamos do 90 mil mortos em fun\u00e7\u00e3o do novo coronav\u00edrus, mas [&hellip;]<\/p>\n","protected":false},"author":3,"featured_media":7330,"comment_status":"open","ping_status":"open","sticky":false,"template":"","format":"standard","meta":{"_acf_changed":false,"footnotes":""},"categories":[1541],"tags":[2287,870,800,2286,2196,2158,2283,2156,2285,2284,2165,228],"class_list":["post-7329","post","type-post","status-publish","format-standard","has-post-thumbnail","hentry","category-podcasts","tag-blocao","tag-bolsonaro","tag-brasil","tag-centrao","tag-corona","tag-coronavirus","tag-ema","tag-epidemia","tag-nota-de-200","tag-nova-nota","tag-pandemia","tag-politica"],"acf":[],"_links":{"self":[{"href":"https:\/\/vos.homolog.arsnova.work\/index.php?rest_route=\/wp\/v2\/posts\/7329","targetHints":{"allow":["GET"]}}],"collection":[{"href":"https:\/\/vos.homolog.arsnova.work\/index.php?rest_route=\/wp\/v2\/posts"}],"about":[{"href":"https:\/\/vos.homolog.arsnova.work\/index.php?rest_route=\/wp\/v2\/types\/post"}],"author":[{"embeddable":true,"href":"https:\/\/vos.homolog.arsnova.work\/index.php?rest_route=\/wp\/v2\/users\/3"}],"replies":[{"embeddable":true,"href":"https:\/\/vos.homolog.arsnova.work\/index.php?rest_route=%2Fwp%2Fv2%2Fcomments&post=7329"}],"version-history":[{"count":0,"href":"https:\/\/vos.homolog.arsnova.work\/index.php?rest_route=\/wp\/v2\/posts\/7329\/revisions"}],"wp:featuredmedia":[{"embeddable":true,"href":"https:\/\/vos.homolog.arsnova.work\/index.php?rest_route=\/wp\/v2\/media\/7330"}],"wp:attachment":[{"href":"https:\/\/vos.homolog.arsnova.work\/index.php?rest_route=%2Fwp%2Fv2%2Fmedia&parent=7329"}],"wp:term":[{"taxonomy":"category","embeddable":true,"href":"https:\/\/vos.homolog.arsnova.work\/index.php?rest_route=%2Fwp%2Fv2%2Fcategories&post=7329"},{"taxonomy":"post_tag","embeddable":true,"href":"https:\/\/vos.homolog.arsnova.work\/index.php?rest_route=%2Fwp%2Fv2%2Ftags&post=7329"}],"curies":[{"name":"wp","href":"https:\/\/api.w.org\/{rel}","templated":true}]}}