{"id":7322,"date":"2020-07-31T23:48:28","date_gmt":"2020-08-01T02:48:28","guid":{"rendered":"https:\/\/vos.homolog.arsnova.work\/?p=7322"},"modified":"2020-07-31T23:52:25","modified_gmt":"2020-08-01T02:52:25","slug":"democracia-infectada","status":"publish","type":"post","link":"https:\/\/vos.homolog.arsnova.work\/?p=7322","title":{"rendered":"Democracia infectada"},"content":{"rendered":"<h5 class=\"p1\" style=\"text-align: center;\">A elei\u00e7\u00e3o de Jair Bolsonaro infectou a democracia brasileira com um v\u00edrus antigo<\/h5>\n<h5 class=\"p1\" style=\"text-align: center;\">O v\u00edrus do autoritarismo<\/h5>\n<h5 class=\"p1\" style=\"text-align: center;\">.<\/h5>\n<p class=\"p1\" style=\"text-align: justify;\">Desde 2013 testemunhamos a fragiliza\u00e7\u00e3o do regime democr\u00e1tico no Brasil. No come\u00e7o de tudo, as manifesta\u00e7\u00f5es, depois um derrotado que n\u00e3o admite o resultado das elei\u00e7\u00f5es, o que leva a mais manifesta\u00e7\u00f5es e um golpe institucional. Depois a prefer\u00eancia por um candidato autorit\u00e1rio. At\u00e9 que chegamos \u00e0 militariza\u00e7\u00e3o do governo, mesmo conhecendo a experi\u00eancia da Ditadura. Tudo isso levou a uma constante perda de direitos, aumento da j\u00e1 profunda desigualdade social e um crescimento da radicaliza\u00e7\u00e3o pol\u00edtica no pa\u00eds. Como se n\u00e3o bastasse, em 2020, o mundo \u00e9 assolado por um v\u00edrus novo. O novo coronav\u00edrus, que no caso do Brasil acentua os problemas gerados pelo v\u00edrus antigo e hoje temos milhares de mortos por completa inaptid\u00e3o de um governo autorit\u00e1rio e militarizado.<\/p>\n<h5 class=\"p1\" style=\"text-align: center;\">.<\/h5>\n<h5 class=\"p1\" style=\"text-align: center;\">Vivemos, hoje, em uma democracia infectada<\/h5>\n<h5 style=\"text-align: center;\">.<\/h5>\n<p class=\"p1\" style=\"text-align: justify;\">Produ\u00e7\u00e3o: Ge\u00f3rgia Santos e Raquel Grabauska. Texto, apresenta\u00e7\u00e3o e edi\u00e7\u00e3o: Ge\u00f3rgia Santos. Dire\u00e7\u00e3o art\u00edstica e locu\u00e7\u00e3o: Raquel Grabauska. Trilha Sonora: Gustavo Finkler<\/p>\n<p style=\"text-align: center;\"><iframe loading=\"lazy\" src=\"https:\/\/anchor.fm\/vos-social\/embed\/episodes\/Democracia-infectada-ehh0ct\" width=\"400px\" height=\"102px\" frameborder=\"0\" scrolling=\"no\"><\/iframe><\/p>\n","protected":false},"excerpt":{"rendered":"<p>A elei\u00e7\u00e3o de Jair Bolsonaro infectou a democracia brasileira com um v\u00edrus antigo O v\u00edrus do autoritarismo . Desde 2013 [&hellip;]<\/p>\n","protected":false},"author":3,"featured_media":7323,"comment_status":"open","ping_status":"open","sticky":false,"template":"","format":"standard","meta":{"_acf_changed":false,"footnotes":""},"categories":[1541],"tags":[870,2196,2158,595,770,829,1279,2247,2165,1544,228,590],"class_list":["post-7322","post","type-post","status-publish","format-standard","has-post-thumbnail","hentry","category-podcasts","tag-bolsonaro","tag-corona","tag-coronavirus","tag-democracia","tag-direitos-humanos","tag-ditadura-militar","tag-golpe","tag-militares","tag-pandemia","tag-podcast","tag-politica","tag-saude"],"acf":[],"_links":{"self":[{"href":"https:\/\/vos.homolog.arsnova.work\/index.php?rest_route=\/wp\/v2\/posts\/7322","targetHints":{"allow":["GET"]}}],"collection":[{"href":"https:\/\/vos.homolog.arsnova.work\/index.php?rest_route=\/wp\/v2\/posts"}],"about":[{"href":"https:\/\/vos.homolog.arsnova.work\/index.php?rest_route=\/wp\/v2\/types\/post"}],"author":[{"embeddable":true,"href":"https:\/\/vos.homolog.arsnova.work\/index.php?rest_route=\/wp\/v2\/users\/3"}],"replies":[{"embeddable":true,"href":"https:\/\/vos.homolog.arsnova.work\/index.php?rest_route=%2Fwp%2Fv2%2Fcomments&post=7322"}],"version-history":[{"count":0,"href":"https:\/\/vos.homolog.arsnova.work\/index.php?rest_route=\/wp\/v2\/posts\/7322\/revisions"}],"wp:featuredmedia":[{"embeddable":true,"href":"https:\/\/vos.homolog.arsnova.work\/index.php?rest_route=\/wp\/v2\/media\/7323"}],"wp:attachment":[{"href":"https:\/\/vos.homolog.arsnova.work\/index.php?rest_route=%2Fwp%2Fv2%2Fmedia&parent=7322"}],"wp:term":[{"taxonomy":"category","embeddable":true,"href":"https:\/\/vos.homolog.arsnova.work\/index.php?rest_route=%2Fwp%2Fv2%2Fcategories&post=7322"},{"taxonomy":"post_tag","embeddable":true,"href":"https:\/\/vos.homolog.arsnova.work\/index.php?rest_route=%2Fwp%2Fv2%2Ftags&post=7322"}],"curies":[{"name":"wp","href":"https:\/\/api.w.org\/{rel}","templated":true}]}}