{"id":7317,"date":"2020-07-31T20:13:34","date_gmt":"2020-07-31T23:13:34","guid":{"rendered":"https:\/\/vos.homolog.arsnova.work\/?p=7317"},"modified":"2020-07-31T20:13:34","modified_gmt":"2020-07-31T23:13:34","slug":"a-distopia-da-ficcao-e-da-vida-real","status":"publish","type":"post","link":"https:\/\/vos.homolog.arsnova.work\/?p=7317","title":{"rendered":"A distopia da fic\u00e7\u00e3o e da vida real"},"content":{"rendered":"<h5 style=\"text-align: center\">O BRASIL ATUAL \u00c9 UMA DISTOPIA?<\/h5>\n<p><span style=\"font-weight: 400\">Escrevo esse texto enquanto se aproxima mais um final de semana de distanciamento social devido \u00e0 pandemia do coronav\u00edrus. Sei que nem todo mundo tem o privil\u00e9gio do <em>home office<\/em> como eu, que muitos trabalham na linha de frente do combate \u00e0 doen\u00e7a ou em profiss\u00f5es que exigem a sa\u00edda \u00e0s ruas. Por\u00e9m, considero imprudente e dif\u00edcil de compreender o comportamento de quem nega a gravidade do atual momento e frequenta pra\u00e7as, parques, beira-mar ou a casa de amigos e familiares nos dias de folga.\u00a0<\/span><\/p>\n<p style=\"text-align: justify\"><span style=\"font-weight: 400\">\u00c0s vezes, me parece que o que enfrentamos no Brasil atual \u00e9 o enredo de uma distopia, e n\u00e3o a vida real. Com essa ideia em mente, pesquisei obras nacionais com essa tem\u00e1tica para tentar entender a cegueira seletiva dos brasileiros em rela\u00e7\u00e3o ao risco de contamina\u00e7\u00e3o pela Covid-19.<\/span><\/p>\n<h5 style=\"text-align: center\"><strong>E SE AS PESSOAS PUDESSEM ENXERGAR O PROBLEMA?<\/strong><\/h5>\n<p style=\"text-align: justify\"><span style=\"font-weight: 400\"><a href=\"https:\/\/vos.homolog.arsnova.work\/wp-content\/uploads\/2020\/07\/a_torre_acima_do_v\u00e9u.jpg\"><img loading=\"lazy\" decoding=\"async\" class=\"size-medium wp-image-7316 alignleft\" src=\"https:\/\/vos.homolog.arsnova.work\/wp-content\/uploads\/2020\/07\/a_torre_acima_do_v\u00e9u-210x300.jpg\" alt=\"\" width=\"210\" height=\"300\" srcset=\"https:\/\/vos.homolog.arsnova.work\/wp-content\/uploads\/2020\/07\/a_torre_acima_do_v\u00e9u-210x300.jpg 210w, https:\/\/vos.homolog.arsnova.work\/wp-content\/uploads\/2020\/07\/a_torre_acima_do_v\u00e9u.jpg 349w\" sizes=\"auto, (max-width: 210px) 100vw, 210px\" \/><\/a>Na distopia\u00a0<a href=\"http:\/\/robertaspindler.com.br\/wp\/product\/a-torre-acima-do-veu\/\" target=\"_blank\" rel=\"noopener\"><em>A Torre Acima do V\u00e9u<\/em><\/a>, de Roberta Splinder, lan\u00e7ado em 2015, a causa da contamina\u00e7\u00e3o \u00e9 vis\u00edvel: uma inexplic\u00e1vel neblina t\u00f3xica. Mesmo com a n\u00e9voa sendo percept\u00edvel a olho nu, as autoridades tentam minimizar o problema:<\/span><\/p>\n<h5 style=\"text-align: justify\"><em><span style=\"font-weight: 400\">\u201cO homem engoliu em seco, mas n\u00e3o recuou. Ficar dentro da n\u00e9voa n\u00e3o era uma op\u00e7\u00e3o. Se num \u00fanico dia a situa\u00e7\u00e3o j\u00e1 se encontrava daquele jeito, com pessoas saindo \u00e0s ruas e pregando o fim do mundo, a tend\u00eancia era s\u00f3 piorar. Al\u00e9m disso, os boatos dos efeitos da n\u00e9voa o assustavam demais. Seu apartamento pertencia a um pr\u00e9dio mais baixo, constru\u00e7\u00e3o antiga que foi engolida pela neblina, n\u00e3o queria ficar ali e acabar morrendo envenenado. Tinha que subir, sair daquelas brumas cinzentas de qualquer jeito. Cerrou os punhos, pronto para um inevit\u00e1vel embate.\u00a0<\/span><\/em><\/h5>\n<h5 style=\"text-align: justify\"><em><span style=\"font-weight: 400\">&#8211; Voc\u00ea n\u00e3o pode nos deixar aqui fora &#8211; gritou. &#8211; Por favor, tem gente sufocando com a n\u00e9voa. \u00c9 perigoso.<\/span><\/em><\/h5>\n<h5 style=\"text-align: justify\"><em><span style=\"font-weight: 400\">&#8211; Ningu\u00e9m sufocou. As transmiss\u00f5es n\u00e3o falaram nada disso &#8211; o seguran\u00e7a atalhou depressa, trocando olhares nervosos com seus outros companheiros. Nenhum deles usava m\u00e1scara de g\u00e1s. Se a n\u00e9voa fizesse mal \u00e0 sa\u00fade, estavam t\u00e3o condenados quanto as pessoas que intimidavam.\u201d\u00a0<\/span><\/em><\/h5>\n<h5 style=\"text-align: center\"><strong>E COMO SERIA SE A CORRUP\u00c7\u00c3O FOSSE A CAUSA DE UMA EPIDEMIA?<\/strong><\/h5>\n<p style=\"text-align: justify\"><span style=\"font-weight: 400\"><a href=\"https:\/\/vos.homolog.arsnova.work\/wp-content\/uploads\/2020\/07\/desta_terra_nada_vai_sobrar.jpg\"><img loading=\"lazy\" decoding=\"async\" class=\"size-medium wp-image-7318 alignleft\" src=\"https:\/\/vos.homolog.arsnova.work\/wp-content\/uploads\/2020\/07\/desta_terra_nada_vai_sobrar-203x300.jpg\" alt=\"\" width=\"203\" height=\"300\" srcset=\"https:\/\/vos.homolog.arsnova.work\/wp-content\/uploads\/2020\/07\/desta_terra_nada_vai_sobrar-203x300.jpg 203w, https:\/\/vos.homolog.arsnova.work\/wp-content\/uploads\/2020\/07\/desta_terra_nada_vai_sobrar.jpg 339w\" sizes=\"auto, (max-width: 203px) 100vw, 203px\" \/><\/a>Esse \u00e9 um dos destaques do romance <\/span><a href=\"https:\/\/globaleditora.com.br\/catalogos\/livro\/?id=4049\" target=\"_blank\" rel=\"noopener\"><i><span style=\"font-weight: 400\">Desta Terra Nada Vai Sobrar, a N\u00e3o Ser o Vento que Sopra Sobre Ela<\/span><\/i><\/a><span style=\"font-weight: 400\">, de Ign\u00e1cio Loyola Brand\u00e3o, lan\u00e7ado em 2018. O autor, que ocupa a cadeira 11 da Academia Brasileira de Letras desde mar\u00e7o de 2019, j\u00e1 escreveu outras obras dentro do g\u00eanero da distopia, como <\/span><i><span style=\"font-weight: 400\">Zero <\/span><\/i><span style=\"font-weight: 400\">e <\/span><a href=\"https:\/\/vos.homolog.arsnova.work\/voos-literarios\/que-pais-e-esse-na-literatura\/\" target=\"_blank\" rel=\"noopener\"><i><span style=\"font-weight: 400\">N\u00e3o Haver\u00e1 Pa\u00eds Nenhum<\/span><\/i><\/a><span style=\"font-weight: 400\">. Dessa vez, o escritor cria um futuro em que os brasileiros s\u00e3o vigiados desde o nascimento por tornozeleiras eletr\u00f4nicas e o pa\u00eds enfrenta diferentes contamina\u00e7\u00f5es, entre elas a <\/span><b>Corruptela Pest\u00edfera<\/b><span style=\"font-weight: 400\">:<\/span><\/p>\n<h5 style=\"text-align: justify\"><em><span style=\"font-weight: 400\">&#8220;A popula\u00e7\u00e3o se habituou a carregar m\u00e1scaras, usadas quando caravanas fecham\u00a0<\/span><span style=\"font-weight: 400\">cruzamentos. Nas laterais, adesivos gigantescos: <\/span><\/em><\/h5>\n<h5 style=\"text-align: justify\"><em><strong>Esta caravana \u00e9 um empreendimento do governo para o bem?estar da popula\u00e7\u00e3o.\u00a0<\/strong><\/em><\/h5>\n<h5 style=\"text-align: justify\"><em><span style=\"font-weight: 400\">Impacientes, as pessoas buzinam, as caravanas demoram.\u00a0\u00a0<\/span><span style=\"font-weight: 400\">A marcha \u00e9 lenta, nada pode interromp\u00ea?la. At\u00e9 quando vamos suportar esses trens? Pior s\u00e3o as composi\u00e7\u00f5es especiais que transportam os mortos pela Corruptela Pestifera. A epidemia ocasionada pela corrup\u00e7\u00e3o dos parlamentos, do Judici\u00e1rio, dos minist\u00e9rios, das secretarias, das confrarias de lobistas, dos doleiros, dos empres\u00e1rios que negociavam leis, provocou uma doen\u00e7a incur\u00e1vel, pior do que o c\u00e2ncer, a gripe espanhola, a peste negra, a aids. Morrem milhares.\u201d<\/span><\/em><\/h5>\n<h5 style=\"text-align: justify\">O BRASIL 2020 \u00c9 UMA DISTOPIA?<\/h5>\n<p style=\"text-align: justify\"><span style=\"font-weight: 400\">Voltando \u00e0 nossa realidade, causa cada vez mais espanto a quem acredita na Ci\u00eancia a tranquilidade de quem usa m\u00e1scara no queixo, promove aglomera\u00e7\u00f5es e est\u00e1 em um clima festivo quando ultrapassamos a triste marca oficial de 90 mil mortos. Ser\u00e1 que se existisse a <\/span><b>Corruptela Pest\u00edfera <\/b><span style=\"font-weight: 400\">imaginada pelo genial Ign\u00e1cio de Loyola Brand\u00e3o haveria tamanha nega\u00e7\u00e3o da realidade por parte dos governantes? Ter\u00edamos tanto descaso por uma parcela cada vez maior da popula\u00e7\u00e3o, composta por inconsequentes de diferentes faixas et\u00e1rias e classes sociais?<\/span><\/p>\n<h6><span style=\"font-weight: 400\"><strong>UM PS NECESS\u00c1RIO:<\/strong> <\/span><\/h6>\n<p style=\"text-align: justify\"><span style=\"font-weight: 400\">N<\/span><span style=\"font-weight: 400\">\u00e3o tenho s\u00edndrome de vira-lata e observo essa falta de consci\u00eancia e empatia n\u00e3o apenas no povo brasileiro. Basta lembrarmos das imagens dos pubs londrinos lotados logo ap\u00f3s a quarentena e da segunda onda de contamina\u00e7\u00e3o que j\u00e1 atinge alguns pa\u00edses europeus.\u00a0<\/span><\/p>\n<h5 style=\"text-align: justify\"><strong>A mim, s\u00f3 resta lamentar essa triste realidade, escrever textos de alerta e seguir confinada. Aos companheiros de isolamento social, desejo persist\u00eancia. <\/strong><\/h5>\n<h5 style=\"text-align: justify\"><strong>#vaipassar\u00a0<\/strong><\/h5>\n<p><em>Imagem: Capa do disco Dystopia, da banda Megadeth\/ Reprodu\u00e7\u00e3o<\/em><\/p>\n","protected":false},"excerpt":{"rendered":"<p>O BRASIL ATUAL \u00c9 UMA DISTOPIA? Escrevo esse texto enquanto se aproxima mais um final de semana de distanciamento social [&hellip;]<\/p>\n","protected":false},"author":5,"featured_media":7319,"comment_status":"open","ping_status":"open","sticky":false,"template":"","format":"standard","meta":{"_acf_changed":false,"footnotes":""},"categories":[4],"tags":[2281,2158,2278,2280,396,2279,2165,2282],"class_list":["post-7317","post","type-post","status-publish","format-standard","has-post-thumbnail","hentry","category-voos-literarios","tag-a-torre-acima-do-veu","tag-coronavirus","tag-covid_19","tag-desta-terra-nada-vai-sobrar","tag-distopia","tag-ignacio-de-loyola-brandao","tag-pandemia","tag-roberta-spindler"],"acf":[],"_links":{"self":[{"href":"https:\/\/vos.homolog.arsnova.work\/index.php?rest_route=\/wp\/v2\/posts\/7317","targetHints":{"allow":["GET"]}}],"collection":[{"href":"https:\/\/vos.homolog.arsnova.work\/index.php?rest_route=\/wp\/v2\/posts"}],"about":[{"href":"https:\/\/vos.homolog.arsnova.work\/index.php?rest_route=\/wp\/v2\/types\/post"}],"author":[{"embeddable":true,"href":"https:\/\/vos.homolog.arsnova.work\/index.php?rest_route=\/wp\/v2\/users\/5"}],"replies":[{"embeddable":true,"href":"https:\/\/vos.homolog.arsnova.work\/index.php?rest_route=%2Fwp%2Fv2%2Fcomments&post=7317"}],"version-history":[{"count":0,"href":"https:\/\/vos.homolog.arsnova.work\/index.php?rest_route=\/wp\/v2\/posts\/7317\/revisions"}],"wp:featuredmedia":[{"embeddable":true,"href":"https:\/\/vos.homolog.arsnova.work\/index.php?rest_route=\/wp\/v2\/media\/7319"}],"wp:attachment":[{"href":"https:\/\/vos.homolog.arsnova.work\/index.php?rest_route=%2Fwp%2Fv2%2Fmedia&parent=7317"}],"wp:term":[{"taxonomy":"category","embeddable":true,"href":"https:\/\/vos.homolog.arsnova.work\/index.php?rest_route=%2Fwp%2Fv2%2Fcategories&post=7317"},{"taxonomy":"post_tag","embeddable":true,"href":"https:\/\/vos.homolog.arsnova.work\/index.php?rest_route=%2Fwp%2Fv2%2Ftags&post=7317"}],"curies":[{"name":"wp","href":"https:\/\/api.w.org\/{rel}","templated":true}]}}