{"id":7312,"date":"2020-07-27T15:05:01","date_gmt":"2020-07-27T18:05:01","guid":{"rendered":"https:\/\/vos.homolog.arsnova.work\/?p=7312"},"modified":"2020-07-27T15:05:01","modified_gmt":"2020-07-27T18:05:01","slug":"bsv-especial-coronavirus-18-voce-sabe-com-quem-esta-falando","status":"publish","type":"post","link":"https:\/\/vos.homolog.arsnova.work\/?p=7312","title":{"rendered":"BSV Especial Coronav\u00edrus #18 &#8220;Voc\u00ea sabe com quem est\u00e1 falando?&#8221;"},"content":{"rendered":"<p style=\"text-align: justify;\"><strong>N\u00f3s estamos preocupados com os rumos do Brasil e da pandemia do novo coronav\u00edrus. Mas nem todo mundo est\u00e1. H\u00e1 quem esteja mais preocupado em manter o status, seja l\u00e1 o que isso significa. <a href=\"https:\/\/vos.homolog.arsnova.work\/voos-literarios\/os-elitistas-arrogantes-de-um-pais-desigual\/\" target=\"_blank\" rel=\"noopener\">O brasileiro sem conviveu com o famigerado, \u201cVoc\u00ea sabe com quem est\u00e1 falando?\u201d Mas agora essa estupidez elitista foi transplantada para a pandemia.<\/a> Inclusive oficialmente. \u00c9lcio Franco Filho, secret\u00e1rio executivo do Minist\u00e9rio da Sa\u00fade, n\u00e3o se constrangeu em destratar um gar\u00e7om que seria \u00e1gua durante uma reuni\u00e3o.<span class=\"Apple-converted-space\">\u00a0<\/span><\/strong><\/p>\n<h5 style=\"text-align: center;\">.<\/h5>\n<h5 style=\"text-align: center;\">E a coisa continua nas ruas<\/h5>\n<h5 style=\"text-align: center;\">.<\/h5>\n<h5 style=\"text-align: center;\"><\/h5>\n<p style=\"text-align: justify;\">No Rio de Janeiro, um homem disse que pagava o sal\u00e1rio dos fiscais sanit\u00e1rio e sua companheira foi r\u00e1pida em dizer aos servidores que ele n\u00e3o era um cidad\u00e3o, mas um engenheiro civil, \u201cmuito melhor do que voc\u00ea\u201d. Em Santos, S\u00e3o Paulo, desde o dia primeiro de maio \u00e9 obrigat\u00f3rio o uso de m\u00e1scaras na cidade. Mas o desembargador do Tribunal de Justi\u00e7a de S\u00e3o Paulo Eduardo Siqueira resolveu n\u00e3o usar. E ainda agrediu verbalmente os guardas municipais que estavam cumprindo sua fun\u00e7\u00e3o, chamando-os de analfabetos.<\/p>\n<h5 style=\"text-align: center;\">.<\/h5>\n<h5 style=\"text-align: center;\">Esse pa\u00eds \u00e9 constru\u00eddo sobre a percep\u00e7\u00e3o do status. E isso \u00e9 doente<\/h5>\n<h5 style=\"text-align: center;\">.<\/h5>\n<p style=\"text-align: justify;\">E por mais rid\u00edculo que seja, esse elitismo aparece em todos os cantos. At\u00e9 na reportagem em que uma mulher que n\u00e3o usava m\u00e1scara aparece dizendo que n\u00e3o usaria a prote\u00e7\u00e3o e que era advogada, \u201cmeu amor\u201d. Em Porto Alegre, empres\u00e1rios decidem se haver\u00e1 lockdown ou n\u00e3o, uma quest\u00e3o de sa\u00fade p\u00fablica. Enfim, h\u00e1 muitas pessoas que se acham acima da pandemia. Ricos, doutores, professores, jornalistas, intelectuais que querem acabar com o novo coronav\u00edrus por decreto.<span class=\"Apple-converted-space\">\u00a0<\/span><\/p>\n<p style=\"text-align: justify;\"><strong>Para falar sobre a cultura do \u201cvoc\u00ea sabe com quem est\u00e1 falando?\u201d e as diversas formas em que isso afeta a pandemia, participam do programa os jornalistas Ge\u00f3rgia Santos, Fl\u00e1via Cunha, Igor Natusch e T\u00e9rcio Saccol.\u00a0Voc\u00ea tamb\u00e9m pode ouvir o epis\u00f3dio no\u00a0<a href=\"https:\/\/open.spotify.com\/show\/5I8zWzbmuDvEx9Wp6Gtnyd\" target=\"_blank\" rel=\"noopener\">Spotify<\/a>,\u00a0<a href=\"https:\/\/podcasts.apple.com\/us\/podcast\/bendita-sois-v%C3%B3s\/id1436913300\" target=\"_blank\" rel=\"noopener\">Itunes<\/a>\u00a0e\u00a0<a href=\"https:\/\/castbox.fm\/channel\/Bendita-Sois-V%C3%B3s-id1474946?country=br\" target=\"_blank\" rel=\"noopener\">Castbox<\/a>.\u00a0<\/strong><\/p>\n<p>&nbsp;<\/p>\n<p style=\"text-align: center;\"><iframe loading=\"lazy\" src=\"https:\/\/w.soundcloud.com\/player\/?url=https%3A\/\/api.soundcloud.com\/tracks\/865481152&amp;color=%23ff5500&amp;auto_play=false&amp;hide_related=false&amp;show_comments=true&amp;show_user=true&amp;show_reposts=false&amp;show_teaser=true&amp;visual=true\" width=\"100%\" height=\"300\" frameborder=\"no\" scrolling=\"no\"><\/iframe><\/p>\n<div style=\"font-size: 10px; color: #cccccc; line-break: anywhere; word-break: normal; overflow: hidden; white-space: nowrap; text-overflow: ellipsis; font-family: Interstate,Lucida Grande,Lucida Sans Unicode,Lucida Sans,Garuda,Verdana,Tahoma,sans-serif; font-weight: 100;\"><a style=\"color: #cccccc; text-decoration: none;\" title=\"V\u00f3s Pessoas no Plural\" href=\"https:\/\/soundcloud.com\/vos-social\" target=\"_blank\" rel=\"noopener\">V\u00f3s Pessoas no Plural<\/a> \u00b7 <a style=\"color: #cccccc; text-decoration: none;\" title=\"BSV Especial Coronav\u00edrus #18 &quot;Voc\u00ea sabe com quem est\u00e1 falando?&quot;\" href=\"https:\/\/soundcloud.com\/vos-social\/bsv-especial-coronavirus-18-voce-sabe-com-quem-esta-falando\" target=\"_blank\" rel=\"noopener\">BSV Especial Coronav\u00edrus #18 &#8220;Voc\u00ea sabe com quem est\u00e1 falando?&#8221;<\/a><\/div>\n","protected":false},"excerpt":{"rendered":"<p>N\u00f3s estamos preocupados com os rumos do Brasil e da pandemia do novo coronav\u00edrus. Mas nem todo mundo est\u00e1. H\u00e1 [&hellip;]<\/p>\n","protected":false},"author":3,"featured_media":7313,"comment_status":"open","ping_status":"open","sticky":false,"template":"","format":"standard","meta":{"_acf_changed":false,"footnotes":""},"categories":[1541],"tags":[2277,800,2196,2158,2275,2156,113,2165,228,590,2276],"class_list":["post-7312","post","type-post","status-publish","format-standard","has-post-thumbnail","hentry","category-podcasts","tag-arrogancia","tag-brasil","tag-corona","tag-coronavirus","tag-elitismo","tag-epidemia","tag-ignorancia","tag-pandemia","tag-politica","tag-saude","tag-soberba"],"acf":[],"_links":{"self":[{"href":"https:\/\/vos.homolog.arsnova.work\/index.php?rest_route=\/wp\/v2\/posts\/7312","targetHints":{"allow":["GET"]}}],"collection":[{"href":"https:\/\/vos.homolog.arsnova.work\/index.php?rest_route=\/wp\/v2\/posts"}],"about":[{"href":"https:\/\/vos.homolog.arsnova.work\/index.php?rest_route=\/wp\/v2\/types\/post"}],"author":[{"embeddable":true,"href":"https:\/\/vos.homolog.arsnova.work\/index.php?rest_route=\/wp\/v2\/users\/3"}],"replies":[{"embeddable":true,"href":"https:\/\/vos.homolog.arsnova.work\/index.php?rest_route=%2Fwp%2Fv2%2Fcomments&post=7312"}],"version-history":[{"count":0,"href":"https:\/\/vos.homolog.arsnova.work\/index.php?rest_route=\/wp\/v2\/posts\/7312\/revisions"}],"wp:featuredmedia":[{"embeddable":true,"href":"https:\/\/vos.homolog.arsnova.work\/index.php?rest_route=\/wp\/v2\/media\/7313"}],"wp:attachment":[{"href":"https:\/\/vos.homolog.arsnova.work\/index.php?rest_route=%2Fwp%2Fv2%2Fmedia&parent=7312"}],"wp:term":[{"taxonomy":"category","embeddable":true,"href":"https:\/\/vos.homolog.arsnova.work\/index.php?rest_route=%2Fwp%2Fv2%2Fcategories&post=7312"},{"taxonomy":"post_tag","embeddable":true,"href":"https:\/\/vos.homolog.arsnova.work\/index.php?rest_route=%2Fwp%2Fv2%2Ftags&post=7312"}],"curies":[{"name":"wp","href":"https:\/\/api.w.org\/{rel}","templated":true}]}}