{"id":7305,"date":"2020-07-25T17:41:28","date_gmt":"2020-07-25T20:41:28","guid":{"rendered":"https:\/\/vos.homolog.arsnova.work\/?p=7305"},"modified":"2020-07-25T17:41:28","modified_gmt":"2020-07-25T20:41:28","slug":"os-elitistas-arrogantes-de-um-pais-desigual","status":"publish","type":"post","link":"https:\/\/vos.homolog.arsnova.work\/?p=7305","title":{"rendered":"Os elitistas arrogantes de um pa\u00eds desigual"},"content":{"rendered":"<p style=\"text-align: justify\"><span style=\"font-weight: 400\">Muito j\u00e1 se falou sobre a postura do \u201cVoc\u00ea sabe com quem est\u00e1 falando?\u201d em fiscaliza\u00e7\u00f5es de cumprimento de decretos para conter o avan\u00e7o do novo coronav\u00edrus. Nos epis\u00f3dios mais simb\u00f3licos, o do engenheiro que se recusava a ser chamado de cidad\u00e3o e o do desembargador que tratava como analfabeto o guarda municipal, os elitistas se deu mal. A mulher do engenheiro foi demitida do emprego p\u00fablico que ocupava no Rio de Janeiro &#8211; j\u00e1 que a fala grosseira partiu dela &#8211; e descobriu-se depois que ele nem estava trabalhando na \u00e1rea, tendo recorrido ao aux\u00edlio emergencial do governo para sobreviver.\u00a0 Elitistas arrogantes e de fachada, nesse caso. J\u00e1 o desembargador, que ao longo de d\u00e9cadas envolveu-se em diversas situa\u00e7\u00f5es de abuso de autoridade, viu-se obrigado a dar desculpas p\u00fablicas para os guardas municipais atingidos por seus insultos.\u00a0<\/span><\/p>\n<h6>A ATUALIDADE DE LIMA BARRETO<\/h6>\n<p style=\"text-align: justify\"><span style=\"font-weight: 400\">Esses exemplos de comportamentos elitistas n\u00e3o s\u00e3o casos isolados decorrentes do momento atual. A pandemia apenas colocou em evid\u00eancia um comportamento recorrente na elite brasileira e que, certamente, n\u00e3o \u00e9 recente. Um registro liter\u00e1rio da arrog\u00e2ncia decorrente da titula\u00e7\u00e3o e do consequente status derivado disso est\u00e1 no livro <em>Os Bruzudangas<\/em>, de Lima Barreto, lan\u00e7ado pouco depois de sua morte, em 1922. A obra est\u00e1 dispon\u00edvel, na \u00edntegra, no site <a href=\"https:\/\/www.estantevirtual.com.br\/livros\/raymundo-faoro\/machado-de-assis-a-piramide-e-o-trapezio\/3198704658\" target=\"_blank\" rel=\"noopener\">Dom\u00ednio P\u00fablico<\/a>.<\/span><\/p>\n<p><span style=\"font-weight: 400\">As cr\u00f4nicas sobre um pa\u00eds ficcional lembram muito o Brasil do s\u00e9culo 21:<\/span><\/p>\n<h6 style=\"text-align: justify\"><em><span style=\"font-weight: 400\">\u201cA aristocracia doutoral \u00e9 constitu\u00edda pelos cidad\u00e3os formados nas escolas, chamadas superiores, que s\u00e3o as de medicina, as de direito e as de engenharia. H\u00e1 de parecer que n\u00e3o existe a\u00ed nenhuma nobreza; que os cidad\u00e3os que obt\u00eam t\u00edtulos em tais escolas v\u00e3o exercer uma profiss\u00e3o como outra qualquer. \u00c9 um engano. Em outro qualquer pa\u00eds, isto pode se dar; na Bruzundanga, n\u00e3o. L\u00e1, o cidad\u00e3o que se asma de um t\u00edtulo em uma das escolas citadas, obt\u00e9m privil\u00e9gios especiais, alguns constantes das leis e outros consignados nos costumes. O povo mesmo aceita esse estado de coisas e tem um respeito religioso pela sua nobreza de doutores.\u201d<\/span><\/em><\/h6>\n<p style=\"text-align: justify\"><a href=\"https:\/\/vos.homolog.arsnova.work\/wp-content\/uploads\/2020\/07\/Lima-Barreto.jpg\"><img loading=\"lazy\" decoding=\"async\" class=\"size-medium wp-image-7303 alignleft\" src=\"https:\/\/vos.homolog.arsnova.work\/wp-content\/uploads\/2020\/07\/Lima-Barreto-300x186.jpg\" alt=\"\" width=\"300\" height=\"186\" srcset=\"https:\/\/vos.homolog.arsnova.work\/wp-content\/uploads\/2020\/07\/Lima-Barreto-300x186.jpg 300w, https:\/\/vos.homolog.arsnova.work\/wp-content\/uploads\/2020\/07\/Lima-Barreto.jpg 709w\" sizes=\"auto, (max-width: 300px) 100vw, 300px\" \/><\/a><span style=\"font-weight: 400\">Como podemos perceber no trecho acima, Lima Barreto foi um grande cr\u00edtico social de sua \u00e9poca. Em muitas de suas obras, denunciava que o fim do Imp\u00e9rio e a Primeira Rep\u00fablica n\u00e3o beneficiaram as camadas mais pobres da popula\u00e7\u00e3o, ao manter privil\u00e9gios de militares e da aristocracia brasileira. Cem anos depois, pouca coisa parece ter mudado em Bruzundanga. <\/span><\/p>\n<p style=\"text-align: justify\"><span style=\"font-weight: 400\">Mas seguimos na luta para virar esse jogo e fazer os elitistas respeitarem o artigo quinto<\/span><span style=\"font-weight: 400\">\u00a0da Constitui\u00e7\u00e3o Brasileira:\u00a0<\/span><\/p>\n<h5 style=\"text-align: center\"><strong>Todos s\u00e3o iguais perante a lei, sem distin\u00e7\u00e3o de qualquer natureza.<\/strong><\/h5>\n<h6 style=\"text-align: justify\">PARA IR AL\u00c9M<\/h6>\n<p style=\"text-align: justify\"><span style=\"font-weight: 400\">Machado de Assis tamb\u00e9m foi outro grande cr\u00edtico do elitismo na sociedade brasileira. O jurista e soci\u00f3logo Raymundo Faoro fez uma\u00a0 an\u00e1lise da obra machadiana por essa perspectiva no livro <\/span><a href=\"https:\/\/www.estantevirtual.com.br\/livros\/raymundo-faoro\/machado-de-assis-a-piramide-e-o-trapezio\/3198704658\" target=\"_blank\" rel=\"noopener\"><i><span style=\"font-weight: 400\">Machado de Assis &#8211; a pir\u00e2mide e o trap\u00e9zio<\/span><\/i><\/a><span style=\"font-weight: 400\">.<\/span><\/p>\n<p><em>Imagens: Reprodu\u00e7\u00e3o\/Internet<\/em><\/p>\n","protected":false},"excerpt":{"rendered":"<p>Muito j\u00e1 se falou sobre a postura do \u201cVoc\u00ea sabe com quem est\u00e1 falando?\u201d em fiscaliza\u00e7\u00f5es de cumprimento de decretos [&hellip;]<\/p>\n","protected":false},"author":5,"featured_media":7306,"comment_status":"open","ping_status":"open","sticky":false,"template":"","format":"standard","meta":{"_acf_changed":false,"footnotes":""},"categories":[4],"tags":[2273,2272,2269,374,2274,2271],"class_list":["post-7305","post","type-post","status-publish","format-standard","has-post-thumbnail","hentry","category-voos-literarios","tag-a-piramide-e-o-trapezio","tag-elite-brasileira","tag-lima-barreto","tag-machado-de-assis","tag-os-bruzudangas","tag-voce-sabe-com-quem-esta-falando"],"acf":[],"_links":{"self":[{"href":"https:\/\/vos.homolog.arsnova.work\/index.php?rest_route=\/wp\/v2\/posts\/7305","targetHints":{"allow":["GET"]}}],"collection":[{"href":"https:\/\/vos.homolog.arsnova.work\/index.php?rest_route=\/wp\/v2\/posts"}],"about":[{"href":"https:\/\/vos.homolog.arsnova.work\/index.php?rest_route=\/wp\/v2\/types\/post"}],"author":[{"embeddable":true,"href":"https:\/\/vos.homolog.arsnova.work\/index.php?rest_route=\/wp\/v2\/users\/5"}],"replies":[{"embeddable":true,"href":"https:\/\/vos.homolog.arsnova.work\/index.php?rest_route=%2Fwp%2Fv2%2Fcomments&post=7305"}],"version-history":[{"count":0,"href":"https:\/\/vos.homolog.arsnova.work\/index.php?rest_route=\/wp\/v2\/posts\/7305\/revisions"}],"wp:featuredmedia":[{"embeddable":true,"href":"https:\/\/vos.homolog.arsnova.work\/index.php?rest_route=\/wp\/v2\/media\/7306"}],"wp:attachment":[{"href":"https:\/\/vos.homolog.arsnova.work\/index.php?rest_route=%2Fwp%2Fv2%2Fmedia&parent=7305"}],"wp:term":[{"taxonomy":"category","embeddable":true,"href":"https:\/\/vos.homolog.arsnova.work\/index.php?rest_route=%2Fwp%2Fv2%2Fcategories&post=7305"},{"taxonomy":"post_tag","embeddable":true,"href":"https:\/\/vos.homolog.arsnova.work\/index.php?rest_route=%2Fwp%2Fv2%2Ftags&post=7305"}],"curies":[{"name":"wp","href":"https:\/\/api.w.org\/{rel}","templated":true}]}}