{"id":7218,"date":"2020-05-29T20:16:54","date_gmt":"2020-05-29T23:16:54","guid":{"rendered":"https:\/\/vos.homolog.arsnova.work\/?p=7218"},"modified":"2020-05-29T20:16:54","modified_gmt":"2020-05-29T23:16:54","slug":"ouca-bsv-especial-coronavirus-12-acabou-porra","status":"publish","type":"post","link":"https:\/\/vos.homolog.arsnova.work\/?p=7218","title":{"rendered":"OU\u00c7A BSV Especial Coronav\u00edrus #12 &#8220;Acabou, porra&#8221;"},"content":{"rendered":"<p style=\"text-align: justify;\">N\u00f3s pens\u00e1vamos que o assunto dominante seria o avan\u00e7o da Covid-19 pelo Brasil, mas n\u00e3o \u00e9. O assunto dominante continua sendo Jair Bolsonaro, que est\u00e1 em guerra declarada contra o Supremo Tribunal Federal (STF).<\/p>\n<h5 style=\"text-align: center;\">.<\/h5>\n<h5 style=\"text-align: center;\">Bolsonaro afirma que o STF age contra a liberdade de express\u00e3o. Logo ele, que espantou a imprensa do Planalto. Pela primeira vez no per\u00edodo democr\u00e1tico, parte dos ve\u00edculos da m\u00eddia tradicional se recusa a fazer cobertura por falta de seguran\u00e7a<\/h5>\n<h5 style=\"text-align: center;\">.<\/h5>\n<p style=\"text-align: justify;\">Esses defensores da liberdade de express\u00e3o que acham normal uma amea\u00e7a de morte. Como disse Eduardo Bolsonaro em entrevista ao jornalista Jos\u00e9 Lu\u00eds Datena, na intimidade, at\u00e9 um pais pode dizer que quer matar o filho.<\/p>\n<p style=\"text-align: justify;\"><strong>Que coronav\u00edrus, que nada, nem Ministro da Sa\u00fade temos. Participam os jornalistas Ge\u00f3rgia Santos, Fl\u00e1via Cunha, Igor Natusch e T\u00e9rcio Saccol.\u00a0Voc\u00ea tamb\u00e9m pode ouvir o epis\u00f3dio no\u00a0<a href=\"https:\/\/open.spotify.com\/show\/5I8zWzbmuDvEx9Wp6Gtnyd\" target=\"_blank\" rel=\"noopener\">Spotify<\/a>,\u00a0<a href=\"https:\/\/podcasts.apple.com\/us\/podcast\/bendita-sois-v%C3%B3s\/id1436913300\" target=\"_blank\" rel=\"noopener\">Itunes<\/a>\u00a0e\u00a0<a href=\"https:\/\/castbox.fm\/channel\/Bendita-Sois-V%C3%B3s-id1474946?country=br\" target=\"_blank\" rel=\"noopener\">Castbox<\/a>.\u00a0<\/strong><\/p>\n<p style=\"text-align: center;\"><iframe loading=\"lazy\" src=\"https:\/\/w.soundcloud.com\/player\/?url=https%3A\/\/api.soundcloud.com\/tracks\/830787832&amp;color=%23ff5500&amp;auto_play=false&amp;hide_related=false&amp;show_comments=true&amp;show_user=true&amp;show_reposts=false&amp;show_teaser=true&amp;visual=true\" width=\"100%\" height=\"300\" frameborder=\"no\" scrolling=\"no\"><\/iframe><\/p>\n<div style=\"font-size: 10px; color: #cccccc; line-break: anywhere; word-break: normal; overflow: hidden; white-space: nowrap; text-overflow: ellipsis; font-family: Interstate,Lucida Grande,Lucida Sans Unicode,Lucida Sans,Garuda,Verdana,Tahoma,sans-serif; font-weight: 100;\"><a style=\"color: #cccccc; text-decoration: none;\" title=\"V\u00f3s Pessoas no Plural\" href=\"https:\/\/soundcloud.com\/vos-social\" target=\"_blank\" rel=\"noopener\">V\u00f3s Pessoas no Plural<\/a> \u00b7 <a style=\"color: #cccccc; text-decoration: none;\" title=\"BSV Especial Coronav\u00edrus #12 &quot;Acabou, porra&quot;\" href=\"https:\/\/soundcloud.com\/vos-social\/bsv-especial-coronavirus-12-acabou-porra\" target=\"_blank\" rel=\"noopener\">BSV Especial Coronav\u00edrus #12 &#8220;Acabou, porra&#8221;<\/a><\/div>\n","protected":false},"excerpt":{"rendered":"<p>N\u00f3s pens\u00e1vamos que o assunto dominante seria o avan\u00e7o da Covid-19 pelo Brasil, mas n\u00e3o \u00e9. O assunto dominante continua [&hellip;]<\/p>\n","protected":false},"author":3,"featured_media":6104,"comment_status":"open","ping_status":"open","sticky":false,"template":"","format":"standard","meta":{"_acf_changed":false,"footnotes":""},"categories":[1541],"tags":[870,2196,2158,2188,32,595,2156,2165,228,2229,590,120],"class_list":["post-7218","post","type-post","status-publish","format-standard","has-post-thumbnail","hentry","category-podcasts","tag-bolsonaro","tag-corona","tag-coronavirus","tag-covid","tag-crise","tag-democracia","tag-epidemia","tag-pandemia","tag-politica","tag-ruptura","tag-saude","tag-stf"],"acf":[],"_links":{"self":[{"href":"https:\/\/vos.homolog.arsnova.work\/index.php?rest_route=\/wp\/v2\/posts\/7218","targetHints":{"allow":["GET"]}}],"collection":[{"href":"https:\/\/vos.homolog.arsnova.work\/index.php?rest_route=\/wp\/v2\/posts"}],"about":[{"href":"https:\/\/vos.homolog.arsnova.work\/index.php?rest_route=\/wp\/v2\/types\/post"}],"author":[{"embeddable":true,"href":"https:\/\/vos.homolog.arsnova.work\/index.php?rest_route=\/wp\/v2\/users\/3"}],"replies":[{"embeddable":true,"href":"https:\/\/vos.homolog.arsnova.work\/index.php?rest_route=%2Fwp%2Fv2%2Fcomments&post=7218"}],"version-history":[{"count":0,"href":"https:\/\/vos.homolog.arsnova.work\/index.php?rest_route=\/wp\/v2\/posts\/7218\/revisions"}],"wp:featuredmedia":[{"embeddable":true,"href":"https:\/\/vos.homolog.arsnova.work\/index.php?rest_route=\/wp\/v2\/media\/6104"}],"wp:attachment":[{"href":"https:\/\/vos.homolog.arsnova.work\/index.php?rest_route=%2Fwp%2Fv2%2Fmedia&parent=7218"}],"wp:term":[{"taxonomy":"category","embeddable":true,"href":"https:\/\/vos.homolog.arsnova.work\/index.php?rest_route=%2Fwp%2Fv2%2Fcategories&post=7218"},{"taxonomy":"post_tag","embeddable":true,"href":"https:\/\/vos.homolog.arsnova.work\/index.php?rest_route=%2Fwp%2Fv2%2Ftags&post=7218"}],"curies":[{"name":"wp","href":"https:\/\/api.w.org\/{rel}","templated":true}]}}