{"id":7209,"date":"2020-05-22T23:17:55","date_gmt":"2020-05-23T02:17:55","guid":{"rendered":"https:\/\/vos.homolog.arsnova.work\/?p=7209"},"modified":"2020-05-22T23:17:55","modified_gmt":"2020-05-23T02:17:55","slug":"bsv-especial-coronavirus-11-enfim-o-video-de-bolsonaro","status":"publish","type":"post","link":"https:\/\/vos.homolog.arsnova.work\/?p=7209","title":{"rendered":"BSV Especial Coronav\u00edrus #11 Enfim, o v\u00eddeo de Bolsonaro"},"content":{"rendered":"<p style=\"text-align: justify;\"><strong>E como j\u00e1 \u00e9 de praxe, estamos sextando! De novo por culpa de Jair Bolsonaro.\u00a0O ministro Celso de Mello, do Supremo Tribunal Federal, derrubou o sigilo do v\u00eddeo da famigerada reuni\u00e3o ministerial do dia 22 de abril. Segundo S\u00e9rgio Moro, foi nesta reuni\u00e3o em que o presidente amea\u00e7ou interferir na Pol\u00edcia Federal.<\/strong><\/p>\n<p style=\"text-align: justify;\">O v\u00eddeo \u00e9 bastante claro com rela\u00e7\u00e3o a tentativa de interfer\u00eancia e confirma a den\u00fancia de Moro. Mostra que Bolsonaro incorreu em\u00a0crime de responsabilidade. Mas o v\u00eddeo mostra mais que isso.<\/p>\n<h5 style=\"text-align: center;\">.<\/h5>\n<h5 style=\"text-align: center;\">Mostra que somos governados por pessoas ignorantes, grosseiras, ineptas e cru\u00e9is<\/h5>\n<h5 style=\"text-align: center;\">.<\/h5>\n<p style=\"text-align: justify;\">O ministro da educa\u00e7\u00e3o, Abraham Weintraub, pede a pris\u00e3o de ministros do STF e destila podrid\u00e3o. O ministro do meio ambiente, Ricardo Salles, quer aproveitar que a m\u00eddia s\u00f3 fala em Covid para afrouxar regula\u00e7\u00e3o ambiental. O ministro da Economia, Paulo Guedes, garante que o Brasil surpreendera o mundo. J\u00e1 est\u00e1 surpreendendo. Estamos perto de ser o pa\u00eds com o maior n\u00famero de mortes por dia em fun\u00e7\u00e3o do coronav\u00edrus.<\/p>\n<p style=\"text-align: justify;\"><strong>Participam os jornalistas Ge\u00f3rgia Santos, Fl\u00e1via Cunha, Igor Natuch e T\u00e9rcio Saccol.Voc\u00ea tamb\u00e9m pode ouvir o epis\u00f3dio no\u00a0<a href=\"https:\/\/open.spotify.com\/show\/5I8zWzbmuDvEx9Wp6Gtnyd\" target=\"_blank\" rel=\"noopener\">Spotify<\/a>,\u00a0<a href=\"https:\/\/podcasts.apple.com\/us\/podcast\/bendita-sois-v%C3%B3s\/id1436913300\" target=\"_blank\" rel=\"noopener\">Itunes<\/a>\u00a0e\u00a0<a href=\"https:\/\/castbox.fm\/channel\/Bendita-Sois-V%C3%B3s-id1474946?country=br\" target=\"_blank\" rel=\"noopener\">Castbox<\/a>.\u00a0<\/strong><\/p>\n<p style=\"text-align: center;\"><iframe loading=\"lazy\" src=\"https:\/\/w.soundcloud.com\/player\/?url=https%3A\/\/api.soundcloud.com\/tracks\/826221154&amp;color=%23ff5500&amp;auto_play=false&amp;hide_related=false&amp;show_comments=true&amp;show_user=true&amp;show_reposts=false&amp;show_teaser=true&amp;visual=true\" width=\"100%\" height=\"300\" frameborder=\"no\" scrolling=\"no\"><\/iframe><\/p>\n<div style=\"font-size: 10px; color: #cccccc; line-break: anywhere; word-break: normal; overflow: hidden; white-space: nowrap; text-overflow: ellipsis; font-family: Interstate,Lucida Grande,Lucida Sans Unicode,Lucida Sans,Garuda,Verdana,Tahoma,sans-serif; font-weight: 100;\"><a style=\"color: #cccccc; text-decoration: none;\" title=\"V\u00f3s Pessoas no Plural\" href=\"https:\/\/soundcloud.com\/vos-social\" target=\"_blank\" rel=\"noopener\">V\u00f3s Pessoas no Plural<\/a> \u00b7 <a style=\"color: #cccccc; text-decoration: none;\" title=\"BSV Especial Coronav\u00edrus #10 Enfim, o v\u00eddeo de Bolsonaro\" href=\"https:\/\/soundcloud.com\/vos-social\/bsv-especial-coronavirus-10-enfim-o-video-de-bolsonaro\" target=\"_blank\" rel=\"noopener\">BSV Especial Coronav\u00edrus #10 Enfim, o v\u00eddeo de Bolsonaro<\/a><\/div>\n","protected":false},"excerpt":{"rendered":"<p>E como j\u00e1 \u00e9 de praxe, estamos sextando! De novo por culpa de Jair Bolsonaro.\u00a0O ministro Celso de Mello, do [&hellip;]<\/p>\n","protected":false},"author":3,"featured_media":6484,"comment_status":"open","ping_status":"open","sticky":false,"template":"","format":"standard","meta":{"_acf_changed":false,"footnotes":""},"categories":[1541],"tags":[870,2158,2188,32,2156,1661,2165,228,590,120],"class_list":["post-7209","post","type-post","status-publish","format-standard","has-post-thumbnail","hentry","category-podcasts","tag-bolsonaro","tag-coronavirus","tag-covid","tag-crise","tag-epidemia","tag-moro","tag-pandemia","tag-politica","tag-saude","tag-stf"],"acf":[],"_links":{"self":[{"href":"https:\/\/vos.homolog.arsnova.work\/index.php?rest_route=\/wp\/v2\/posts\/7209","targetHints":{"allow":["GET"]}}],"collection":[{"href":"https:\/\/vos.homolog.arsnova.work\/index.php?rest_route=\/wp\/v2\/posts"}],"about":[{"href":"https:\/\/vos.homolog.arsnova.work\/index.php?rest_route=\/wp\/v2\/types\/post"}],"author":[{"embeddable":true,"href":"https:\/\/vos.homolog.arsnova.work\/index.php?rest_route=\/wp\/v2\/users\/3"}],"replies":[{"embeddable":true,"href":"https:\/\/vos.homolog.arsnova.work\/index.php?rest_route=%2Fwp%2Fv2%2Fcomments&post=7209"}],"version-history":[{"count":0,"href":"https:\/\/vos.homolog.arsnova.work\/index.php?rest_route=\/wp\/v2\/posts\/7209\/revisions"}],"wp:featuredmedia":[{"embeddable":true,"href":"https:\/\/vos.homolog.arsnova.work\/index.php?rest_route=\/wp\/v2\/media\/6484"}],"wp:attachment":[{"href":"https:\/\/vos.homolog.arsnova.work\/index.php?rest_route=%2Fwp%2Fv2%2Fmedia&parent=7209"}],"wp:term":[{"taxonomy":"category","embeddable":true,"href":"https:\/\/vos.homolog.arsnova.work\/index.php?rest_route=%2Fwp%2Fv2%2Fcategories&post=7209"},{"taxonomy":"post_tag","embeddable":true,"href":"https:\/\/vos.homolog.arsnova.work\/index.php?rest_route=%2Fwp%2Fv2%2Ftags&post=7209"}],"curies":[{"name":"wp","href":"https:\/\/api.w.org\/{rel}","templated":true}]}}