{"id":7201,"date":"2020-05-22T13:50:46","date_gmt":"2020-05-22T16:50:46","guid":{"rendered":"https:\/\/vos.homolog.arsnova.work\/?p=7201"},"modified":"2020-05-22T13:50:46","modified_gmt":"2020-05-22T16:50:46","slug":"o-cadete-e-o-capitao-um-livro-necessario","status":"publish","type":"post","link":"https:\/\/vos.homolog.arsnova.work\/?p=7201","title":{"rendered":"O cadete e o capit\u00e3o, um livro necess\u00e1rio"},"content":{"rendered":"<p style=\"text-align: justify\"><span style=\"font-weight: 400\">Estava lendo o livro\u00a0<\/span><a href=\"https:\/\/todavialivros.com.br\/livros\/o-cadete-e-o-capitao-a-vida-de-jair-bolsonaro-no-quartel\" target=\"_blank\" rel=\"noopener\"><i><span style=\"font-weight: 400\">O Cadete e o capit\u00e3o: A vida de Jair Bolsonaro no quartel<\/span><\/i><\/a><span style=\"font-weight: 400\"> quando soube pelas redes sociais da morte do autor da obra. Luiz Maklouf Carvalho era jornalista e escritor, e trabalhava como rep\u00f3rter do jornal <\/span><i><span style=\"font-weight: 400\">O Estado de S\u00e3o Paulo<\/span><\/i><span style=\"font-weight: 400\"> desde 2016. Morreu com 67 anos, depois de uma longa luta contra um c\u00e2ncer no pulm\u00e3o. Mesmo antes de saber do ocorrido, eu pensava no trabalho exaustivo que o jornalista teve para chegar ao resultado de seu \u00faltimo livro, ao ter acesso \u00e0 c\u00f3pia do processo do julgamento de Bolsonaro no Superior Tribunal Militar, que resultou na ida para a reserva do ent\u00e3o jovem capit\u00e3o.\u00a0<\/span><\/p>\n<h6><strong>O PROCESSO<\/strong><\/h6>\n<p style=\"text-align: justify\"><span style=\"font-weight: 400\">Bolsonaro foi acusado de participa\u00e7\u00e3o no planejamento de atentados a bomba, em 1987, como forma de pressionar por melhores sal\u00e1rios para oficiais. Luiz Maklouf Carvalho ouviu diversas pessoas envolvidas de alguma forma com o caso antes de publicar a obra. Menos o protagonista da hist\u00f3ria, que sequer respondeu aos diversos pedidos de entrevista. Como o bom rep\u00f3rter que foi, o autor consegue contextualizar as circunst\u00e2ncias do incidente que levou ao processo em \u00e2mbito militar, al\u00e9m de lembrar aos leitores mais jovens o contexto pol\u00edtico da \u00e9poca. O presidente Jos\u00e9 Sarney governava um pa\u00eds rec\u00e9m-sa\u00eddo de longos anos de ditadura militar. O clima na caserna era de ressentimento n\u00e3o expresso em rela\u00e7\u00e3o ao governo civil.\u00a0<\/span><\/p>\n<p style=\"text-align: justify\"><span style=\"font-weight: 400\">E Bolsonaro aproveitou-se da situa\u00e7\u00e3o para provocar tumulto. Um ano antes do vazamento do plano dos ataques com bombas, ele escreveu um artigo \u00e0 revista <\/span><i><span style=\"font-weight: 400\">Veja<\/span><\/i><span style=\"font-weight: 400\">,\u00a0 reclamando a respeito das condi\u00e7\u00f5es salariais no Ex\u00e9rcito. Uma clara insubordina\u00e7\u00e3o \u00e0 r\u00edgida hierarquia militar. Pouco tempo depois, \u00e9 citado em uma reportagem sobre a ideia dos atentados e acaba processado.\u00a0<\/span><\/p>\n<h6><strong>&#8220;SEM M\u00c1GOAS, SEM M\u00c1GOAS&#8221;<\/strong><\/h6>\n<p style=\"text-align: justify\"><span style=\"font-weight: 400\">\u00a0<\/span><span style=\"font-weight: 400\">A obra de Luiz Maklouf Carvalho vai e volta no tempo para nos mostrar como os incidentes da d\u00e9cada de 1980 influenciam na pol\u00edtica atual. O autor cita um relato de bastidores antes da entrevista dada pelo ent\u00e3o candidato \u00e0 presid\u00eancia ao Jornal Nacional em agosto de 2018, aos jornalistas William Bonner e Renata Vasconcellos&gt;\u00a0<\/span><\/p>\n<h6 style=\"text-align: justify\"><em><span style=\"font-weight: 400\">\u201cO diretor de jornalismo Ali Kamel o conduziu \u00e0 bancada minutos antes de entrarem no ar, para\u00a0 que sentisse o ambiente e conhecesse a posi\u00e7\u00e3o das c\u00e2meras, robotizadas. \u2018Parece uma mesa para metralhadora\u2019, ele brincou, fazendo o gesto de atirar. \u2018Fique certo de que n\u00e3o \u00e9\u2019, retrucou Bonner, brincando tamb\u00e9m.<\/span><\/em><\/h6>\n<h6 style=\"text-align: justify\"><em><span style=\"font-weight: 400\">[&#8230;] De repente ele se virou para o diretor de jornalismo Ali Kamel. \u2018Ali [&#8230;], a gente j\u00e1 se cruzou por telefone ali pelos anos de 1988, n\u00e3o?\u2019 Quem viu a cena, conta que Kamel hesitou uns segundos &#8211; n\u00e3o esperava a pergunta -, e disse: \u2018Sim, sim, eu tinha 25 e era chefe de reda\u00e7\u00e3o da <\/span><span style=\"font-weight: 400\">Veja <\/span><span style=\"font-weight: 400\">no Rio.\u2019 Bolsonaro respondeu: \u2018Sem m\u00e1goas, sem m\u00e1goas.\u2019\u00a0<\/span><\/em><\/h6>\n<h6 style=\"text-align: justify\"><em><span style=\"font-weight: 400\">Kamel replicou, na hora: \u2018M\u00e1goas? Mas como assim? Foi depois daquela reportagem que o senhor se lan\u00e7ou na vida pol\u00edtica!\u2019. Bolsonaro riu, a seu estilo, e emendou: \u2018\u00c9 isso mesmo. Sabe que h\u00e1 uns dez anos eu encontrei num aeroporto a Cassia Maria Rodrigues. Eu n\u00e3o a reconheci, tinha muitos anos que n\u00e3o a via. Mas ela disse: \u2018Deputado, sou a Cassia, aquela rep\u00f3rter da <\/span><span style=\"font-weight: 400\">Veja<\/span><span style=\"font-weight: 400\"> que denunciou o senhor\u2019. Eu disse para ela: \u2018Que denunciou que nada! Voc\u00ea me catapultou para a pol\u00edtica!&#8221;<\/span><\/em><\/h6>\n<h6 style=\"text-align: justify\">LEITURA NECESS\u00c1RIA<\/h6>\n<p style=\"text-align: justify\"><span style=\"font-weight: 400\">No momento, prossigo a penosa leitura do livro <\/span><i><span style=\"font-weight: 400\">O Cadete e o capit\u00e3o<\/span><\/i><span style=\"font-weight: 400\">. N\u00e3o por ser mal escrito, pelo contr\u00e1rio. O texto \u00e9 fluido e n\u00e3o \u00e9 nada entediante. Por\u00e9m, as imagens mentais que fa\u00e7o do sorriso de esc\u00e1rnio de Bolsonaro durante a pandemia que vivemos me impede de avan\u00e7ar com mais rapidez.<\/span><\/p>\n<p><span style=\"font-weight: 400\">De qualquer forma, aconselho a leitura da obra, lembrando a famosa m\u00e1xima de Sun Tzu, em <em>A Arte da Guerra<\/em>:<\/span><\/p>\n<h5 style=\"text-align: justify\"><em><span style=\"font-weight: 400\">&#8220;Se voc\u00ea conhece o inimigo e conhece a si mesmo, n\u00e3o precisa temer o resultado de cem batalhas. Se voc\u00ea se conhece mas n\u00e3o conhece o inimigo, para cada vit\u00f3ria ganha sofrer\u00e1 tamb\u00e9m uma derrota. Se voc\u00ea n\u00e3o conhece nem o inimigo nem a si mesmo, perder\u00e1 todas as batalhas.&#8221;<\/span><\/em><\/h5>\n<h6 style=\"text-align: justify\"><strong>TRAJET\u00d3RIA DE LUIZ MAKLOUF CARVALHO<\/strong><\/h6>\n<p style=\"text-align: justify\"><span style=\"font-weight: 400\">Em 16 de maio, a editora Todavia publicou em suas redes sociais essa nota de pesar:<\/span><\/p>\n<p style=\"text-align: justify\"><span style=\"font-weight: 400\"><a href=\"https:\/\/vos.homolog.arsnova.work\/wp-content\/uploads\/2020\/05\/o_cadete_e_o_capitao2.jpg\"><img loading=\"lazy\" decoding=\"async\" class=\"size-medium wp-image-7203 alignleft\" src=\"https:\/\/vos.homolog.arsnova.work\/wp-content\/uploads\/2020\/05\/o_cadete_e_o_capitao2-243x300.jpg\" alt=\"\" width=\"243\" height=\"300\" srcset=\"https:\/\/vos.homolog.arsnova.work\/wp-content\/uploads\/2020\/05\/o_cadete_e_o_capitao2-243x300.jpg 243w, https:\/\/vos.homolog.arsnova.work\/wp-content\/uploads\/2020\/05\/o_cadete_e_o_capitao2-768x949.jpg 768w, https:\/\/vos.homolog.arsnova.work\/wp-content\/uploads\/2020\/05\/o_cadete_e_o_capitao2.jpg 777w\" sizes=\"auto, (max-width: 243px) 100vw, 243px\" \/><\/a>&#8220;A Todavia lamenta profundamente a morte do grande jornalista e escritor Luiz Maklouf Carvalho.\u00a0<\/span><span style=\"font-weight: 400\">Um dos maiores rep\u00f3rteres do Brasil em atividade, Maklouf atuava no jornal Estado de S. Paulo desde janeiro de 2016. Passou pelas reda\u00e7\u00f5es da Piau\u00ed, Veja, Jornal da Tarde, entre outros ve\u00edculos. Apurador meticuloso e incans\u00e1vel, foi autor de livros e reportagens fundamentais.<\/span><\/p>\n<p style=\"text-align: justify\"><span style=\"font-weight: 400\">Vencedor de dois pr\u00eamios Jabuti de livro-reportagem &#8211; &#8220;Mulheres que foram \u00e0 luta armada&#8221; (Globo) e &#8220;J\u00e1 vi esse filme: Reportagens (e pol\u00eamicas) sobre Lula e\/ou o PT&#8221; (Gera\u00e7\u00e3o Editorial) &#8211; , lan\u00e7ou pela Todavia, no ano passado, seu \u00faltimo livro: &#8220;O cadete e o capit\u00e3o: A vida de Jair Bolsonaro no quartel\u201d, com uma apura\u00e7\u00e3o irretoc\u00e1vel que revelou fatos controversos da biografia do atual presidente.\u00a0<\/span><\/p>\n<p style=\"text-align: justify\"><span style=\"font-weight: 400\">Uma grande perda para o jornalismo e para a cultura brasileira.&#8221;<\/span><\/p>\n<p><em>Imagens: Facebook Editora Todavia\/Reprodu\u00e7\u00e3o<\/em><\/p>\n<p>&nbsp;<\/p>\n<p>&nbsp;<\/p>\n","protected":false},"excerpt":{"rendered":"<p>Estava lendo o livro\u00a0O Cadete e o capit\u00e3o: A vida de Jair Bolsonaro no quartel quando soube pelas redes sociais [&hellip;]<\/p>\n","protected":false},"author":5,"featured_media":7205,"comment_status":"open","ping_status":"open","sticky":false,"template":"","format":"standard","meta":{"_acf_changed":false,"footnotes":""},"categories":[4],"tags":[766,2228,2227,2226],"class_list":["post-7201","post","type-post","status-publish","format-standard","has-post-thumbnail","hentry","category-voos-literarios","tag-jair-bolsonaro","tag-livro-reportagem","tag-luiz-maklouf-carvalho","tag-o-cadete-e-o-capitao"],"acf":[],"_links":{"self":[{"href":"https:\/\/vos.homolog.arsnova.work\/index.php?rest_route=\/wp\/v2\/posts\/7201","targetHints":{"allow":["GET"]}}],"collection":[{"href":"https:\/\/vos.homolog.arsnova.work\/index.php?rest_route=\/wp\/v2\/posts"}],"about":[{"href":"https:\/\/vos.homolog.arsnova.work\/index.php?rest_route=\/wp\/v2\/types\/post"}],"author":[{"embeddable":true,"href":"https:\/\/vos.homolog.arsnova.work\/index.php?rest_route=\/wp\/v2\/users\/5"}],"replies":[{"embeddable":true,"href":"https:\/\/vos.homolog.arsnova.work\/index.php?rest_route=%2Fwp%2Fv2%2Fcomments&post=7201"}],"version-history":[{"count":0,"href":"https:\/\/vos.homolog.arsnova.work\/index.php?rest_route=\/wp\/v2\/posts\/7201\/revisions"}],"wp:featuredmedia":[{"embeddable":true,"href":"https:\/\/vos.homolog.arsnova.work\/index.php?rest_route=\/wp\/v2\/media\/7205"}],"wp:attachment":[{"href":"https:\/\/vos.homolog.arsnova.work\/index.php?rest_route=%2Fwp%2Fv2%2Fmedia&parent=7201"}],"wp:term":[{"taxonomy":"category","embeddable":true,"href":"https:\/\/vos.homolog.arsnova.work\/index.php?rest_route=%2Fwp%2Fv2%2Fcategories&post=7201"},{"taxonomy":"post_tag","embeddable":true,"href":"https:\/\/vos.homolog.arsnova.work\/index.php?rest_route=%2Fwp%2Fv2%2Ftags&post=7201"}],"curies":[{"name":"wp","href":"https:\/\/api.w.org\/{rel}","templated":true}]}}