{"id":4269,"date":"2018-05-04T23:16:41","date_gmt":"2018-05-05T02:16:41","guid":{"rendered":"https:\/\/vos.homolog.arsnova.work\/?p=4269"},"modified":"2018-05-04T23:16:41","modified_gmt":"2018-05-05T02:16:41","slug":"proibido-estacionar","status":"publish","type":"post","link":"https:\/\/vos.homolog.arsnova.work\/?p=4269","title":{"rendered":"Proibido estacionar"},"content":{"rendered":"<p>Tenho vivido algumas situa\u00e7\u00f5es que me deixam com vergonha de ser adulta e ter que explicar o que \u00e9 ser adulto para meus filhos. Na frente da escola do meu filho mais velho tem uma placa: proibido estacionar. Carga e descarga permitida.<\/p>\n<p>O que acontece? Carros estacionados. carros em fila dupla. Mil buzinas. Todo dia eu fico constrangida. TODOS OS DIAS. Desde fevereiro, n\u00e3o teve nenhum dia em que n\u00e3o tivessem carros estacionados na vaga destinada ao embarque e desembarque.<\/p>\n<p><a href=\"https:\/\/vos.homolog.arsnova.work\/wp-content\/uploads\/2018\/05\/unnamed-6-1.jpg\"><img loading=\"lazy\" decoding=\"async\" class=\"alignnone size-medium wp-image-4271\" src=\"https:\/\/vos.homolog.arsnova.work\/wp-content\/uploads\/2018\/05\/unnamed-6-1-187x300.jpg\" alt=\"\" width=\"187\" height=\"300\" \/><\/a><\/p>\n<p>\u00c9 grave? Pra mim \u00e9. Muito. Como vou falar pra eles sobre isso? Eles n\u00e3o entendem porque tem que caminhar cinco quadras enquanto os colegas sobem e descem na frente da escola. (nem penso em entrar aqui na conversa de carro\/transporte p\u00fablico, isso rende outros textos\u2026)<\/p>\n<p>Fila dupla \u00e9 inaceit\u00e1vel. Mas fila dupla em frente de escola, pra mim \u00e9 ainda pior. Porque como pais, cobramos v\u00e1rias posturas da escola na educa\u00e7\u00e3o de nossos filhos. E n\u00e3o conseguimos respeitar o b\u00e1sico do b\u00e1sico: n\u00e3o estacione onde \u00e9 proibido. n\u00e3o parar em fila dupla. O que estamos ensinado para os nossos filhos? O que n\u00e3o nos foi ensinado? O que nos negamos a aprender?<\/p>\n<p><a href=\"https:\/\/vos.homolog.arsnova.work\/wp-content\/uploads\/2018\/05\/unnamed-3.jpg\"><img loading=\"lazy\" decoding=\"async\" class=\"alignnone size-medium wp-image-4275\" src=\"https:\/\/vos.homolog.arsnova.work\/wp-content\/uploads\/2018\/05\/unnamed-3-300x169.jpg\" alt=\"\" width=\"300\" height=\"169\" \/><\/a><\/p>\n<p>Tem um funcion\u00e1rio da escola que fica ali parado, acompanhando a entrada e sa\u00edda das crian\u00e7as. E ele nunca disse nada. A diretora da escola v\u00ea. E nunca disse nada. Eu vejo. E nunca disse nada. Fico constrangida de falar. E fico com vergonha por n\u00e3o falar. Algu\u00e9m teria que falar sobre isso. J\u00e1 me perguntei sobre quem deveria falar sobre isso, mas a \u00fanica coisa que consigo pensar \u00e9 que n\u00e3o precisaria algu\u00e9m falar se existisse o m\u00ednimo de respeito com os outros. n\u00e3o s\u00f3 os outros pais, n\u00e3o s\u00f3 os vizinhos (uns santos que aturam isso todos os dias!! Um beijo, vizinhos!!!!), n\u00e3o s\u00f3 aos pedestres. \u00c9 um desrespeito geral, ali a \u00fanica coisa que importa \u00e9 que tu precisa resolver a tua vida. Ent\u00e3o se tu pode ficar ali parado numa vaga que \u00e9 para embarque\/desembarque, tu tamb\u00e9m deve poder estacionar mesmo em fila dupla, n\u00e3o precisa parar na faixa de seguran\u00e7a para o pedestre, n\u00e3o precisa deixar a ambul\u00e2ncia passar\u2026 Para os pais que deixam seus filhos de carro na escola, meu pedido, por favor, um pouquinho de respeito. E n\u00e3o adianta depois vir falar mal dos pol\u00edticos, por favor\u2026<\/p>\n<p>Confesso que fiquei com vergonha de escrever sobre isso. Num mundo onde tem gente morrendo de fome, gente sem casa, sem o m\u00ednimo do m\u00ednimo de dignidade, eu escrevo sobre n\u00e3o conseguirmos respeitar uma placa de tr\u00e2nsito&#8230;<\/p>\n","protected":false},"excerpt":{"rendered":"<p>Tenho vivido algumas situa\u00e7\u00f5es que me deixam com vergonha de ser adulta e ter que explicar o que \u00e9 ser [&hellip;]<\/p>\n","protected":false},"author":10,"featured_media":4273,"comment_status":"open","ping_status":"open","sticky":false,"template":"","format":"standard","meta":{"_acf_changed":false,"footnotes":""},"categories":[17],"tags":[1119,1251,1250],"class_list":["post-4269","post","type-post","status-publish","format-standard","has-post-thumbnail","hentry","category-raquel-grabauska","tag-escola","tag-proibido-parar","tag-transito"],"acf":[],"_links":{"self":[{"href":"https:\/\/vos.homolog.arsnova.work\/index.php?rest_route=\/wp\/v2\/posts\/4269","targetHints":{"allow":["GET"]}}],"collection":[{"href":"https:\/\/vos.homolog.arsnova.work\/index.php?rest_route=\/wp\/v2\/posts"}],"about":[{"href":"https:\/\/vos.homolog.arsnova.work\/index.php?rest_route=\/wp\/v2\/types\/post"}],"author":[{"embeddable":true,"href":"https:\/\/vos.homolog.arsnova.work\/index.php?rest_route=\/wp\/v2\/users\/10"}],"replies":[{"embeddable":true,"href":"https:\/\/vos.homolog.arsnova.work\/index.php?rest_route=%2Fwp%2Fv2%2Fcomments&post=4269"}],"version-history":[{"count":0,"href":"https:\/\/vos.homolog.arsnova.work\/index.php?rest_route=\/wp\/v2\/posts\/4269\/revisions"}],"wp:featuredmedia":[{"embeddable":true,"href":"https:\/\/vos.homolog.arsnova.work\/index.php?rest_route=\/wp\/v2\/media\/4273"}],"wp:attachment":[{"href":"https:\/\/vos.homolog.arsnova.work\/index.php?rest_route=%2Fwp%2Fv2%2Fmedia&parent=4269"}],"wp:term":[{"taxonomy":"category","embeddable":true,"href":"https:\/\/vos.homolog.arsnova.work\/index.php?rest_route=%2Fwp%2Fv2%2Fcategories&post=4269"},{"taxonomy":"post_tag","embeddable":true,"href":"https:\/\/vos.homolog.arsnova.work\/index.php?rest_route=%2Fwp%2Fv2%2Ftags&post=4269"}],"curies":[{"name":"wp","href":"https:\/\/api.w.org\/{rel}","templated":true}]}}