{"id":4157,"date":"2018-04-12T10:39:25","date_gmt":"2018-04-12T13:39:25","guid":{"rendered":"https:\/\/vos.homolog.arsnova.work\/?p=4157"},"modified":"2018-04-12T21:59:59","modified_gmt":"2018-04-13T00:59:59","slug":"sem-lula-ciro-gomes-e-o-alvo-e-a-artilharia-so-comecou","status":"publish","type":"post","link":"https:\/\/vos.homolog.arsnova.work\/?p=4157","title":{"rendered":"Sem Lula, Ciro Gomes \u00e9 o alvo &#8211; e a artilharia s\u00f3 come\u00e7ou"},"content":{"rendered":"<p style=\"text-align: justify;\">Se havia d\u00favida sobre quem se destacaria no campo da centro-esquerda ap\u00f3s a sa\u00edda de Lula da lista de pr\u00e9-candidatos, as a\u00e7\u00f5es de MBL e seus ap\u00eandices no come\u00e7o desta semana deixaram pouca ou nenhuma margem para d\u00favida. <strong>Ciro Gomes (PDT) e sua equipe podem ir se preparando, pois \u00e9 com ele que os setores mais \u00e0 direita &#8211; incluindo, \u00e9 claro, o submundo das redes sociais &#8211; devem se entreter nos pr\u00f3ximos meses.<\/strong><\/p>\n<p>.<\/p>\n<h4 style=\"text-align: justify;\">O c\u00e1lculo \u00e9 simples. Se o seu candidato n\u00e3o vai poder contar com nenhum dos votos que seriam organicamente de Lula (e quanto mais \u00e0 direita, mais improv\u00e1vel essa heran\u00e7a se torna), o ideal \u00e9 que esses eleitores sejam pulverizados ao m\u00e1ximo, diminuindo o impacto geral de suas escolhas e aumentando as suas chances de chegar ao segundo turno com os votos que j\u00e1 est\u00e3o ao alcance.<\/h4>\n<p>.<\/p>\n<p style=\"text-align: justify;\">Ciro Gomes \u00e9 o candidato que mais obviamente herda votos de Lula, em especial se o barbudo n\u00e3o fizer uma indica\u00e7\u00e3o expl\u00edcita para alguma outra candidatura. Cr\u00edtico severo dos rumos de Michel Temer, in\u00fameras vezes se posicionou a favor de Lula na disputa jur\u00eddica que acabou levando-o para a pris\u00e3o. \u00c9 visto, de forma difusa, como candidato vi\u00e1vel contra o bloco solidamente direitista, e conta com suporte partid\u00e1rio e financeiro bem maior do que Manuela D&#8217;\u00c1vila e Guilherme Boulos, que estiveram mais visivelmente ao lado do ex-presidente nos \u00faltimos dias.<\/p>\n<p>.<\/p>\n<h4 style=\"text-align: justify;\">Ciro Gomes adotou uma postura menos expl\u00edcita em seu apoio a Lula: buscou ser ouvido, mas n\u00e3o ser visto. O que pode ganhar a antipatia de defensores mais entusiasmados do petista, mas evita a gera\u00e7\u00e3o de imagens que podem prejudicar o pr\u00e9-candidato do PDT junto ao eleitor mais moderado, que eventualmente deteste Lula, mas tamb\u00e9m n\u00e3o esteja l\u00e1 muito inclinado para o lado mais conservador (ou mesmo reacion\u00e1rio) da balan\u00e7a.<\/h4>\n<p>.<\/p>\n<p style=\"text-align: justify;\">Por tudo isso, Ciro vira alvo, na tentativa de abat\u00ea-lo antes que possa decolar. <strong>N\u00e3o foi outra coisa a presen\u00e7a, no come\u00e7o da semana, do youtuber Mam\u00e3e Falei no F\u00f3rum da Liberdade: a miss\u00e3o era provocar Ciro, tir\u00e1-lo do prumo, colher elementos visuais e midi\u00e1ticos que possam convencer pessoas a n\u00e3o votar nele.<\/strong> N\u00e3o deu muito certo (o ridicularizado\u00a0 nas redes, no fim das contas, foi o pr\u00f3prio aliado do MBL), mas seguir\u00e1 sendo um objetivo &#8211; e considerando o bem conhecido pavio curto do pr\u00e9-candidato, \u00e9 temer\u00e1rio dizer que n\u00e3o possa dar certo em uma ocasi\u00e3o futura.<\/p>\n<p style=\"text-align: justify;\">Nesse sentido, a equipe de Ciro Gomes precisa estar atenta. Ali\u00e1s, me surpreende que os assessores dos pr\u00e9-candidatos ainda sejam pegos de surpresa pelas a\u00e7\u00f5es de provocadores como Mam\u00e3e Falei. Todo mundo sabe quem s\u00e3o, o que buscam e de que modo tentam obter o capital pol\u00edtico desejado. <strong>Cada um dos que trabalham ao lado dos presidenci\u00e1veis deveria, por pura quest\u00e3o estrat\u00e9gica, estar preparado para reconhecer essas pessoas e evitar que entrem em contato direto com pr\u00e9-candidatos. E figuras como Ciro Gomes, por mais experientes e habilidosas que sejam, precisam estar preparadas para agir quando um desses aparecer em sua frente, com respostas afiadas ou, quem sabe, resposta nenhuma.<\/strong> N\u00e3o \u00e9 poss\u00edvel que, a essa altura do campeonato de brutalidade que virou a pol\u00edtica brasileira, algu\u00e9m ainda seja tra\u00eddo pela ingenuidade.<\/p>\n<p>.<\/p>\n<h3 style=\"text-align: justify;\">S\u00d3 PARA N\u00c3O PASSAR EM BRANCO:<\/h3>\n<p style=\"text-align: justify;\">Diante da mobiliza\u00e7\u00e3o de vereadores e deputados em diferentes esferas, incorporando &#8220;Lula&#8221;, &#8220;Moro&#8221; e &#8220;Lava-Jato&#8221; a seus nomes, n\u00e3o sei se fico tocado pela singeleza da estrat\u00e9gia ou preocupado pela falta de profundidade na hora de expor posi\u00e7\u00f5es e diverg\u00eancias pol\u00edticas. \u00c9 o fen\u00f4meno dos nomes com Guarani-Kaiow\u00e1 (eles mesmos question\u00e1veis talvez, mas certamente mais incisivos enquanto posicionamento) degradado ao n\u00edvel de bate-boca juvenil e escancarado nos tel\u00f5es de casas legislativas Brasil afora. Mas enfim, n\u00e3o \u00e9 de hoje que a pol\u00edtica brasileira virou um puxadinho do Facebook.<\/p>\n<p style=\"text-align: justify;\"><em>Foto: Murilo Silva\/CAPOL<\/em><\/p>\n","protected":false},"excerpt":{"rendered":"<p>Se havia d\u00favida sobre quem se destacaria no campo da centro-esquerda ap\u00f3s a sa\u00edda de Lula da lista de pr\u00e9-candidatos, [&hellip;]<\/p>\n","protected":false},"author":14,"featured_media":4158,"comment_status":"open","ping_status":"open","sticky":false,"template":"","format":"standard","meta":{"_acf_changed":false,"footnotes":""},"categories":[20],"tags":[462,530,464,1207,109,744,1208,778],"class_list":["post-4157","post","type-post","status-publish","format-standard","has-post-thumbnail","hentry","category-igor-natusch","tag-ciro-gomes","tag-crise-politica","tag-eleicoes-2018","tag-guerra-politica","tag-lula","tag-mbl","tag-pdt","tag-pt"],"acf":[],"_links":{"self":[{"href":"https:\/\/vos.homolog.arsnova.work\/index.php?rest_route=\/wp\/v2\/posts\/4157","targetHints":{"allow":["GET"]}}],"collection":[{"href":"https:\/\/vos.homolog.arsnova.work\/index.php?rest_route=\/wp\/v2\/posts"}],"about":[{"href":"https:\/\/vos.homolog.arsnova.work\/index.php?rest_route=\/wp\/v2\/types\/post"}],"author":[{"embeddable":true,"href":"https:\/\/vos.homolog.arsnova.work\/index.php?rest_route=\/wp\/v2\/users\/14"}],"replies":[{"embeddable":true,"href":"https:\/\/vos.homolog.arsnova.work\/index.php?rest_route=%2Fwp%2Fv2%2Fcomments&post=4157"}],"version-history":[{"count":0,"href":"https:\/\/vos.homolog.arsnova.work\/index.php?rest_route=\/wp\/v2\/posts\/4157\/revisions"}],"wp:featuredmedia":[{"embeddable":true,"href":"https:\/\/vos.homolog.arsnova.work\/index.php?rest_route=\/wp\/v2\/media\/4158"}],"wp:attachment":[{"href":"https:\/\/vos.homolog.arsnova.work\/index.php?rest_route=%2Fwp%2Fv2%2Fmedia&parent=4157"}],"wp:term":[{"taxonomy":"category","embeddable":true,"href":"https:\/\/vos.homolog.arsnova.work\/index.php?rest_route=%2Fwp%2Fv2%2Fcategories&post=4157"},{"taxonomy":"post_tag","embeddable":true,"href":"https:\/\/vos.homolog.arsnova.work\/index.php?rest_route=%2Fwp%2Fv2%2Ftags&post=4157"}],"curies":[{"name":"wp","href":"https:\/\/api.w.org\/{rel}","templated":true}]}}