{"id":4153,"date":"2018-04-11T14:39:37","date_gmt":"2018-04-11T17:39:37","guid":{"rendered":"https:\/\/vos.homolog.arsnova.work\/?p=4153"},"modified":"2018-04-11T14:40:19","modified_gmt":"2018-04-11T17:40:19","slug":"a-politica-imita-a-vida","status":"publish","type":"post","link":"https:\/\/vos.homolog.arsnova.work\/?p=4153","title":{"rendered":"A pol\u00edtica imita a vida"},"content":{"rendered":"<p style=\"text-align: justify;\">Por muito tempo, at\u00e9 j\u00e1 adulta, eu n\u00e3o tinha certeza sobre onde me encaixava no espectro pol\u00edtico. Eu nem gostava muito de politica porque n\u00e3o acreditava nos pol\u00edticos. N\u00e3o gostava de radicalismos. Meus pais votavam no trabalhismo ou na direita, mesmo n\u00e3o sendo radicais, e tamb\u00e9m n\u00e3o o faziam por ideologia. Minha madrinha j\u00e1 era esquerda roxa. Fazia greve e estava sempre lutando por direitos e igualdade.<\/p>\n<blockquote><p><strong>Questionava-me se era poss\u00edvel gostar s\u00f3 de um pol\u00edtico e n\u00e3o do partido dele, e vice e versa. Me arrepiava com o &#8220;Lula l\u00e1&#8221; desde 89, mas na minha volta sempre falavam mal do PT<\/strong><\/p><\/blockquote>\n<p style=\"text-align: justify;\"><strong>At\u00e9 o dia em que descobri que o posicionamento pol\u00edtico da gente tem mais a ver com o nosso posicionamento na vida do que com qualquer outra coisa.<\/strong>\u00a0Os dois tem extremos, e eu achava errado. Talvez por isso me sentia confusa. Mas foi s\u00f3 perceber que muitos s\u00e3o mais fortes que um s\u00f3 e que defender igualdade e direitos b\u00e1sicos dos cidad\u00e3os s\u00e3o obriga\u00e7\u00f5es. Foi s\u00f3 olhar para a hist\u00f3ria \u00e9 perceber que grandes na\u00e7\u00f5es precisaram de radicalismos, de revolu\u00e7\u00f5es, para viverem de respeito pleno.<\/p>\n<p>Que se preocupar com os outros e n\u00e3o s\u00f3 consigo mesmo, se revoltar com injusti\u00e7as e desigualdades, n\u00e3o achar normal gente morando na rua e crian\u00e7a pedindo comida, querer mudar um pedacinho do mundo s\u00e3o parte de uma personalidade, da minha personalidade, genu\u00edna de que pensa no pr\u00f3ximo, de quem n\u00e3o consegue se ver como indiv\u00edduo sozinho no mundo.<\/p>\n<blockquote><p><strong>Eu cobri dois momentos tristes da nossa hist\u00f3ria: o impeachment de Dilma Rousseff e a pris\u00e3o de Lula. Eu cobri uma mobiliza\u00e7\u00e3o popular em cada um destes eventos, de gente que acredita tanto nestes valores que quer recuper\u00e1-los.<\/strong><\/p><\/blockquote>\n<p>Acho que agora, j\u00e1 adulta e com a ajuda da minha profiss\u00e3o, minha pergunta foi respondida e as coisas ficaram mais claras. Sim, eu estou triste com o que est\u00e3o fazendo com a nossa democracia. Sim, n\u00f3s precisamos de novos l\u00edderes pol\u00edticos e uma gera\u00e7\u00e3o menos corrupta. Sim, h\u00e1 um grande l\u00edder, apesar de voc\u00ea.<\/p>\n<div class=\"yj6qo\" style=\"text-align: justify;\"><\/div>\n","protected":false},"excerpt":{"rendered":"<p>Por muito tempo, at\u00e9 j\u00e1 adulta, eu n\u00e3o tinha certeza sobre onde me encaixava no espectro pol\u00edtico. Eu nem gostava [&hellip;]<\/p>\n","protected":false},"author":7,"featured_media":4154,"comment_status":"open","ping_status":"open","sticky":false,"template":"","format":"standard","meta":{"_acf_changed":false,"footnotes":""},"categories":[14],"tags":[1205,1206,729,1157,179,109,228],"class_list":["post-4153","post","type-post","status-publish","format-standard","has-post-thumbnail","hentry","category-reporteando","tag-direita","tag-direitos","tag-esquerda","tag-igualdade","tag-jornalismo","tag-lula","tag-politica"],"acf":[],"_links":{"self":[{"href":"https:\/\/vos.homolog.arsnova.work\/index.php?rest_route=\/wp\/v2\/posts\/4153","targetHints":{"allow":["GET"]}}],"collection":[{"href":"https:\/\/vos.homolog.arsnova.work\/index.php?rest_route=\/wp\/v2\/posts"}],"about":[{"href":"https:\/\/vos.homolog.arsnova.work\/index.php?rest_route=\/wp\/v2\/types\/post"}],"author":[{"embeddable":true,"href":"https:\/\/vos.homolog.arsnova.work\/index.php?rest_route=\/wp\/v2\/users\/7"}],"replies":[{"embeddable":true,"href":"https:\/\/vos.homolog.arsnova.work\/index.php?rest_route=%2Fwp%2Fv2%2Fcomments&post=4153"}],"version-history":[{"count":0,"href":"https:\/\/vos.homolog.arsnova.work\/index.php?rest_route=\/wp\/v2\/posts\/4153\/revisions"}],"wp:featuredmedia":[{"embeddable":true,"href":"https:\/\/vos.homolog.arsnova.work\/index.php?rest_route=\/wp\/v2\/media\/4154"}],"wp:attachment":[{"href":"https:\/\/vos.homolog.arsnova.work\/index.php?rest_route=%2Fwp%2Fv2%2Fmedia&parent=4153"}],"wp:term":[{"taxonomy":"category","embeddable":true,"href":"https:\/\/vos.homolog.arsnova.work\/index.php?rest_route=%2Fwp%2Fv2%2Fcategories&post=4153"},{"taxonomy":"post_tag","embeddable":true,"href":"https:\/\/vos.homolog.arsnova.work\/index.php?rest_route=%2Fwp%2Fv2%2Ftags&post=4153"}],"curies":[{"name":"wp","href":"https:\/\/api.w.org\/{rel}","templated":true}]}}