{"id":4144,"date":"2018-04-10T16:28:04","date_gmt":"2018-04-10T19:28:04","guid":{"rendered":"https:\/\/vos.homolog.arsnova.work\/?p=4144"},"modified":"2018-04-10T18:45:07","modified_gmt":"2018-04-10T21:45:07","slug":"9-livros-para-tentar-entender-o-brasil-atual","status":"publish","type":"post","link":"https:\/\/vos.homolog.arsnova.work\/?p=4144","title":{"rendered":"9 livros para tentar entender o Brasil atual"},"content":{"rendered":"<p style=\"text-align: justify\"><span style=\"font-weight: 400\">Diante da minha perplexidade com os acontecimentos sociopol\u00edticos dos \u00faltimos dias, recorri ao meu perfil pessoal no Facebook com uma singela pergunta: <strong>\u201cQue livro tem a ver com o momento pol\u00edtico atual no Brasil?\u201d<\/strong> Apesar de ver muitas cr\u00edticas com rela\u00e7\u00e3o \u00e0 propaga\u00e7\u00e3o de \u00f3dio nas redes sociais, no meu caso, n\u00e3o tenho do que reclamar. A enquete informal trouxe sugest\u00f5es relevantes de obras de diferentes estilos e \u00e9pocas, mas que me fizeram refletir sobre o fato de que estamos vivendo um panorama complexo e instigante.<\/span><\/p>\n<p style=\"text-align: justify\"><strong><a href=\"https:\/\/www.livrariacultura.com.br\/p\/livros\/historia\/historia-do-brasil\/raizes-do-brasil-42863004?id_link=13776&amp;adtype=pla&amp;gclid=CjwKCAjwwbHWBRBWEiwAMIV7E9MlqLgg91Z7MLeFM5s_bI9pXcjDLTUrqaqxFAHwoHAPjFBo1DyRZRoCLqwQAvD_BwE\" target=\"_blank\" rel=\"noopener\"><i>Ra\u00edzes do Brasil<\/i><\/a> &#8211; S\u00e9rgio Buarque de Holanda<\/strong><\/p>\n<p style=\"text-align: justify\"><span style=\"font-weight: 400\">\u201cRa\u00edzes do Brasil \u00e9 obra fundamental para entender aspectos que envolvem nossa forma\u00e7\u00e3o cultural, a mistura deveras obscura entre o p\u00fablico e o privado, a ascens\u00e3o do patrimonialismo e burocracia, mas principalmente, como n\u00e3o podemos dissociar absolutamente nada do que experimentamos agora da nossa heran\u00e7a cultural.\u201d<\/span><\/p>\n<p style=\"text-align: justify\"><em><span style=\"font-weight: 400\"><strong>T\u00e9rcio Saccol,\u00a0<\/strong>jornalista, professor universit\u00e1rio e colaborador do Portal V\u00f3s<\/span><\/em><\/p>\n<p>__.__<\/p>\n<p style=\"text-align: justify\"><strong><a href=\"https:\/\/www.presenca.pt\/livro\/a-lei-de-murphy---volume-i\/\" target=\"_blank\" rel=\"noopener\"><i>A Lei de Murphy<\/i><\/a> &#8211; Arthur Bloch<\/strong><\/p>\n<p style=\"text-align: justify\"><span style=\"font-weight: 400\">\u201cA Lei de Murphy, seja livro, filme ou quadrinhos &#8211; n\u00e3o interessa o ve\u00edculo &#8211; a conclus\u00e3o \u00e9 uma s\u00f3: se pode dar errado, certamente dar\u00e1\u201d<\/span><\/p>\n<p style=\"text-align: justify\"><em><strong>Lucia Porto, <\/strong>jornalista, criadora do <a href=\"https:\/\/www.instagram.com\/prateleira1\/\">Prateleira 1<\/a>&#8211; \u00a0Livros, literatura &amp; afins: das coisas boas da vida.<\/em><\/p>\n<p>__.__<\/p>\n<p style=\"text-align: justify\"><strong><a href=\"https:\/\/www.saraiva.com.br\/ensaio-sobre-a-lucidez-9927405.html?pac_id=123134&amp;gclid=CjwKCAjwwbHWBRBWEiwAMIV7E8d0rSYI3LHbq2bhOjP2C3ZgkocOxUnRCCLDA5WdVi9PlN5Nk3sGxBoCGbwQAvD_BwE\" target=\"_blank\" rel=\"noopener\"><i>Ensaio sobre a Lucidez<\/i><\/a> &#8211; Jos\u00e9 Saramago<\/strong><\/p>\n<p style=\"text-align: justify\"><span style=\"font-weight: 400\">&#8220;O Nobel de Literatura fala de uma cidade n\u00e3o identificada em que 70% dos eleitores votam em branco em uma determinada elei\u00e7\u00e3o. Sem movimento para que isso acontecesse, o fato \u00e9 um desabafo. Os pol\u00edticos e as institui\u00e7\u00f5es j\u00e1 n\u00e3o serviam mais ao povo. J\u00e1 n\u00e3o eram dignos de confian\u00e7a. Isso faz com que os governantes reajam, inicialmente, com viol\u00eancia e tortura. Depois, a cidade \u00e9 abandonada \u00e0 pr\u00f3pria sorte. <\/span><\/p>\n<p style=\"text-align: justify\"><span style=\"font-weight: 400\">O enredo todo me parece muito similar com o que o Brasil est\u00e1 passando no sentido de que as pessoas j\u00e1 n\u00e3o acreditam nos pol\u00edticos ou nas institui\u00e7\u00f5es e est\u00e3o decididas a abandonarem o sistema. Est\u00e3o abrindo uma oportunidade imensa para que pessoas com pensamentos totalit\u00e1rios tomem o poder e decidam por elas.\u00a0<\/span><span style=\"font-weight: 400\">O que Saramago tenta mostrar \u00e9 que o autoritarismo pode agir sob os panos da democracia. E que \u00e9 preciso muita lucidez para enxergar.&#8221;<\/span><\/p>\n<p style=\"text-align: justify\"><em><span style=\"font-weight: 400\"><strong>Ge\u00f3rgia Santos<\/strong>, jornalista, cientista pol\u00edtica e editora-chefe do V\u00f3s<\/span><\/em><\/p>\n<p>__.__<\/p>\n<p style=\"text-align: justify\"><strong><i><a href=\"https:\/\/books.google.com.br\/books\/about\/1964_a_conquista_do_Estado.html?id=FdHZAAAAMAAJ&amp;redir_esc=y\" target=\"_blank\" rel=\"noopener\">1964: a Conquista do Estado<\/a> &#8211; <\/i>Rene Armand Dreifuss<\/strong><\/p>\n<p style=\"text-align: justify\"><span style=\"font-weight: 400\">\u201cO autor foge da an\u00e1lise simplista de golpe militar e aprofunda o debate sobre as diferentes for\u00e7as sociais que atuaram para o golpe e durante este. Foge, portanto, da dicotomia comunistas e nacionalistas &#8211; o que parece muito com hoje, mostrando o interesse em manter o status quo e ampliar os privil\u00e9gios dos grupos historicamente beneficiados. Tudo a ver com nossos dias\u201d<\/span><\/p>\n<p style=\"text-align: justify\"><em><span style=\"font-weight: 400\"><strong>Deivison Campos<\/strong>, jornalista e professor universit\u00e1rio<\/span><\/em><\/p>\n<p>__.__<\/p>\n<p style=\"text-align: justify\"><strong><a href=\"http:\/\/www.lpm.com.br\/site\/default.asp?Template=..\/livros\/layout_produto.asp&amp;CategoriaID=610619&amp;ID=724823\" target=\"_blank\" rel=\"noopener\"><i>O dia em Que Get\u00falio Matou Allende<\/i><\/a>, Flavio Tavares<\/strong><\/p>\n<p style=\"text-align: justify\"><span style=\"font-weight: 400\">\u201cAtrav\u00e9s de suas mem\u00f3rias como ativista estudantil e rep\u00f3rter, Tavares analisa a politica da Era Vargas e dos anos 60, demonstrando que as institui\u00e7\u00f5es e o Estado de Direito no Brasil sempre estiveram subordinados \u00e0 agenda de quem estava no poder.\u201d<\/span><\/p>\n<p style=\"text-align: justify\"><em><span style=\"font-weight: 400\"><strong>Eduardo da Camino, m\u00fasico e propriet\u00e1rio do <a href=\"https:\/\/www.facebook.com\/mondocanebar\/\">Mondo Cane Bar <\/a><\/strong><\/span><\/em><\/p>\n<p>__.__<\/p>\n<p style=\"text-align: justify\"><strong><a href=\"https:\/\/www.amazon.com.br\/1984-George-Orwell\/dp\/8535914846\" target=\"_blank\" rel=\"noopener\">1984<\/a> &#8211; George Orwell <\/strong><\/p>\n<p style=\"text-align: justify\"><span style=\"font-weight: 400\">\u201cSomos monitorados via m\u00eddias digitais e manipula\u00e7\u00e3o da m\u00eddia televisiva.\u201d<\/span><\/p>\n<p style=\"text-align: justify\"><em><span style=\"font-weight: 400\"><strong>Marcelo Martins<\/strong>, auxiliar administrativo<\/span><\/em><\/p>\n<p>__.__<\/p>\n<p style=\"text-align: justify\"><strong><a href=\"https:\/\/www.submarino.com.br\/produto\/194721\/livro-casa-grande-e-senzala?WT.srch=1&amp;epar=bp_pl_00_go_pla_liv_geral_1p&amp;gclid=CjwKCAjwwbHWBRBWEiwAMIV7E1viAINjv8ojHVFV2fSavCFHwuYZG_bqEnVqlm5L3mW2zYrC1v4tdxoC9a0QAvD_BwE&amp;opn=XMLGOOGLE&amp;sellerId=00776574000660\" target=\"_blank\" rel=\"noopener\">Casa Grande e Senzala<\/a> &#8211; Gilberto Freyre<\/strong><\/p>\n<p style=\"text-align: justify\"><span style=\"font-weight: 400\">\u201c\u00c9 preciso um exerc\u00edcio de recorrer \u00e0 Hist\u00f3ria para compreender momentos que vivemos e essa essa obra (junto com Ra\u00edzes do Brasil, de Sergio Buarque de Holanda) s\u00e3o bem bacanas para compreender a forma\u00e7\u00e3o dessa tal sociedade brasileira como \u00e9 hoje. Claro, sem determinismos, mas uma forma de ir mais fundo para compreender essas brigas entre \u2018o andar debaixo\u2019 e o \u2018andar de cima\u2019.\u201d<\/span><\/p>\n<p style=\"text-align: justify\"><em><span style=\"font-weight: 400\"><strong>Jo\u00e3o Vitor Santos<\/strong>, \u00a0jornalista do Instituto Humanitas Unisinos<\/span><\/em><\/p>\n<p>__.__<\/p>\n<p style=\"text-align: justify\"><strong><a href=\"https:\/\/www.estantevirtual.com.br\/livros\/julio-jose-chiavenato\/o-inimigo-eleito-os-judeus-o-poder-e-o-anti-semitismo\/894883088\"><i>O inimigo eleito &#8211; <\/i><i>os judeus, o poder e o anti-semitismo <\/i><\/a>&#8211; Julio Jos\u00e9 Chiavenato<\/strong><\/p>\n<p style=\"text-align: justify\"><span style=\"font-weight: 400\">Sinopse: <\/span><span style=\"font-weight: 400\">\u00a0Resultado de mais de duas d\u00e9cadas de exaustiva pesquisa sobre esse povo massacrado e perseguido atrav\u00e9s dos s\u00e9culos. Contudo, o Autor n\u00e3o se at\u00e9m a exposi\u00e7\u00e3o dos fatos. Vai mais longe: analisa as causas do anti-semitismo, localiza os estere\u00f3tipos nas dobras do pensamento de grandes intelectuais do passado e da atualidade e indica os preconceitos racistas latentes na sociedade contempor\u00e2nea&#8221;.<\/span><\/p>\n<p style=\"text-align: justify\"><em><span style=\"font-weight: 400\">Indica\u00e7\u00e3o do publicit\u00e1rio e colaborador do V\u00f3s, <strong>Gustavo Mittelmann<\/strong><\/span><\/em><\/p>\n<p>__.__<\/p>\n<p style=\"text-align: justify\"><strong><a href=\"https:\/\/www.estantevirtual.com.br\/livros\/julio-jose-chiavenato\/o-inimigo-eleito-os-judeus-o-poder-e-o-anti-semitismo\/894883088\" target=\"_blank\" rel=\"noopener\"><em>Brasil &#8211; 500 anos de corrup\u00e7\u00e3o<\/em><\/a> &#8211; S\u00e9rgio Habib<\/strong><\/p>\n<p style=\"text-align: justify\"><span style=\"font-weight: 400\">Trecho que se refere ao per\u00edodo hist\u00f3rico de 1889, com a proclama\u00e7\u00e3o da Rep\u00fablica no Brasil, quando a nomea\u00e7\u00e3o de pessoas para cargos p\u00fablicos era utilizada como troca pelo apoio recebido pelos eleitos:<\/span><\/p>\n<p style=\"text-align: justify\"><span style=\"font-weight: 400\">\u201cO funcionalismo p\u00fablico passava, destarte, a ser um ambiente prop\u00edcio onde opera-se a corrup\u00e7\u00e3o, contribuindo, para isso, uma intensa e pachorrenta burocracia, ao que parece, dificultada exatamente para ensejar o \u2018favor\u2019, a \u2018propina\u2019, ou o \u2018jeitinho\u2019, do tipo \u2018criar dificuldades, para vender facilidades\u2019\u201d <\/span><\/p>\n<p style=\"text-align: justify\"><em><span style=\"font-weight: 400\">Indica\u00e7\u00e3o do empres\u00e1rio <strong>Jorge Bered<\/strong><\/span><\/em><\/p>\n<p><em>Imagem: &#8220;A P\u00e1tria&#8221; (1919), de Pedro Bruno, do acervo do Museu da Rep\u00fablica<\/em><\/p>\n","protected":false},"excerpt":{"rendered":"<p>Diante da minha perplexidade com os acontecimentos sociopol\u00edticos dos \u00faltimos dias, recorri ao meu perfil pessoal no Facebook com uma [&hellip;]<\/p>\n","protected":false},"author":5,"featured_media":4145,"comment_status":"open","ping_status":"open","sticky":false,"template":"","format":"standard","meta":{"_acf_changed":false,"footnotes":""},"categories":[4],"tags":[800,1204,944,1201,228,1203,1202],"class_list":["post-4144","post","type-post","status-publish","format-standard","has-post-thumbnail","hentry","category-voos-literarios","tag-brasil","tag-casa-grande-e-senzala","tag-dicas-de-leitura","tag-momento-politico","tag-politica","tag-raizes-do-brasil","tag-sociopolitica"],"acf":[],"_links":{"self":[{"href":"https:\/\/vos.homolog.arsnova.work\/index.php?rest_route=\/wp\/v2\/posts\/4144","targetHints":{"allow":["GET"]}}],"collection":[{"href":"https:\/\/vos.homolog.arsnova.work\/index.php?rest_route=\/wp\/v2\/posts"}],"about":[{"href":"https:\/\/vos.homolog.arsnova.work\/index.php?rest_route=\/wp\/v2\/types\/post"}],"author":[{"embeddable":true,"href":"https:\/\/vos.homolog.arsnova.work\/index.php?rest_route=\/wp\/v2\/users\/5"}],"replies":[{"embeddable":true,"href":"https:\/\/vos.homolog.arsnova.work\/index.php?rest_route=%2Fwp%2Fv2%2Fcomments&post=4144"}],"version-history":[{"count":0,"href":"https:\/\/vos.homolog.arsnova.work\/index.php?rest_route=\/wp\/v2\/posts\/4144\/revisions"}],"wp:featuredmedia":[{"embeddable":true,"href":"https:\/\/vos.homolog.arsnova.work\/index.php?rest_route=\/wp\/v2\/media\/4145"}],"wp:attachment":[{"href":"https:\/\/vos.homolog.arsnova.work\/index.php?rest_route=%2Fwp%2Fv2%2Fmedia&parent=4144"}],"wp:term":[{"taxonomy":"category","embeddable":true,"href":"https:\/\/vos.homolog.arsnova.work\/index.php?rest_route=%2Fwp%2Fv2%2Fcategories&post=4144"},{"taxonomy":"post_tag","embeddable":true,"href":"https:\/\/vos.homolog.arsnova.work\/index.php?rest_route=%2Fwp%2Fv2%2Ftags&post=4144"}],"curies":[{"name":"wp","href":"https:\/\/api.w.org\/{rel}","templated":true}]}}