{"id":4115,"date":"2018-04-06T11:34:25","date_gmt":"2018-04-06T14:34:25","guid":{"rendered":"https:\/\/vos.homolog.arsnova.work\/?p=4115"},"modified":"2018-04-10T11:06:39","modified_gmt":"2018-04-10T14:06:39","slug":"autismo","status":"publish","type":"post","link":"https:\/\/vos.homolog.arsnova.work\/?p=4115","title":{"rendered":"Crian\u00e7as com autismo"},"content":{"rendered":"<p style=\"text-align: justify;\">Dia 2 de abril foi o <b>Dia Mundial da Conscientiza\u00e7\u00e3o do Autismo. <\/b>Dia importante, assunto importante. \u00a0Aqui no Espa\u00e7o Cuidado Que Mancha, nos propomos a receber TODAS \u00a0as crian\u00e7as, inclusive \u00a0autistas.<\/p>\n<blockquote>\n<p style=\"text-align: center;\"><strong> Me comoveu uma m\u00e3e que me parecia correr uma maratona atr\u00e1s do filho. Ela n\u00e3o sossegou um minuto sequer<\/strong><\/p>\n<\/blockquote>\n<p style=\"text-align: justify;\">Porque o filho dela \u00e9 diferente. Porque ele incomodava aos outros. Sim, ele incomodava. N\u00e3o estamos prontos para a diferen\u00e7a. Me comoveu o dia em que vi essa m\u00e3e sentada pela primeira vez. Foi um dos dia mais felizes do meu trabalho. Essa crian\u00e7a estava brincando. Com toda a sua diferen\u00e7a. Ele era uma crian\u00e7a brincando. E essa m\u00e3e pode sentar e respirar. E sim, todas as crian\u00e7as s\u00e3o diferentes. Assim como n\u00f3s todos somos diferentes.<\/p>\n<p style=\"text-align: justify;\">Tenho um a amiga querida. Ela \u00e9 m\u00e3e da Alice, que tem a idade do meu filho mais velho. E m\u00e3e do Joaquim, da idade do meu filho mais novo. Sempre fomos muito pr\u00f3ximas, acompanhei de perto o processo dela. Minha admira\u00e7\u00e3o e carinho s\u00f3 crescem.<\/p>\n<blockquote>\n<p style=\"text-align: justify;\">Sim, temos um autista na fam\u00edlia&#8230; nossa fam\u00edlia linda e feliz sofreu esse \u201cbaque\u201d. H\u00e3aaa?! Como uma m\u00e3e pode falar isso? Sim, pessoal, sofremos um baque. Sofri, chorei, briguei com Deus, queria me separar, queria fugir de casa&#8230; voc\u00eas acham que uma m\u00e3e aceita o diagn\u00f3stico assim?! Tipo: \u201cMandaram um anjo azul para mim\u201d. (No momento ningu\u00e9m pensa e se conforma assim!) N\u00e3o, n\u00e3o \u00e9 assim!<\/p>\n<p style=\"text-align: justify;\">N\u00f3s investig\u00e1vamos algo \u201cdiferente\u201d desde o primeiro ano do nosso Joaquim. Eu sentia que o desenvolvimento dele n\u00e3o regulava com as curvas , mas ningu\u00e9m dava muita bola. Mas foi isso, busca dos melhores profissionais, exames, brigas com plano de sa\u00fade e nosso dinheiro indo porque os melhores n\u00e3o atendem pelo plano. Depois do diagn\u00f3stico a busca pelos direitos, mas olha&#8230; \u00e9 uma luta eterna. Muda de escola, explica condi\u00e7\u00e3o para professores, funcion\u00e1rios (que deveriam estar preparados mas n\u00e9?! &#x1f644;&#x1f622;), encontrar profissionais dedicados e com conhecimento, tentar terapias alternativas, ficar com medo das medica\u00e7\u00f5es, enfrentar o preconceito, o afastamento de amigos, os olhares das pessoas, as caras feias de quem acha que uma crise \u00e9 \u201cfalta de educa\u00e7\u00e3o\u201d, a mudan\u00e7a em nossa rotina, nossas prioridades. Tudo isso, tendo que dar aten\u00e7\u00e3o a nossa menina mais velha, trabalho, clientes, tentar n\u00e3o transparecer que tu est\u00e1 exausta, triste, magoada, marcada com as mordidas, estressada com as crises de choro e agress\u00f5es.<br \/>\nAinda temos uma luta grande pela frente que \u00e9 o processo de alfabetiza\u00e7\u00e3o, pois hoje vejo a luta das fam\u00edlias para conseguir (em col\u00e9gios particulares) monitoria, curr\u00edculo adaptado e nas p\u00fablicas, muitas vezes, precisam entrar com processo contra o estado para obter o m\u00ednimo&#8230; verdadeiro absurdo porque as pessoas s\u00f3 pensam nas cifras\u00a0&#x1f914;$$$.<\/p>\n<p style=\"text-align: justify;\">Mas hoje eu s\u00f3 tenho que agradecer&#8230; agradecer ao meu Joaquim, a fam\u00edlia e ao maior companheiro que a vida poderia me dar, aos ensinamentos, a luta que a nossa fam\u00edlia enfrenta todos os dias, a busca do nosso melhor, da nossa paci\u00eancia, nosso \u201cjogo de cintura\u201d, a acreditar no potencial dele, a ver a do\u00e7ura que seus olhos e gestos transmitem e nos ensinam tanto.<\/p>\n<p style=\"text-align: justify;\">Por hoje e por todos os dias, busquem informa\u00e7\u00f5es, n\u00e3o excluam os autistas, n\u00e3o lancem olhares tortos, n\u00e3o julguem as fam\u00edlias, ensinem seus filhos sobre o diferente, sobre amizade, sobre inclus\u00e3o, ajudem na conscientiza\u00e7\u00e3o e busca de direitos.<\/p>\n<p style=\"text-align: justify;\">Obrigada! <a href=\"https:\/\/www.facebook.com\/hashtag\/tea?source=feed_text\">#tea<\/a><a href=\"https:\/\/www.facebook.com\/hashtag\/autismo?source=feed_text\">#autismo<\/a><a href=\"https:\/\/www.facebook.com\/hashtag\/joaquimaos4?source=feed_text\">#joaquimaos4<\/a><a href=\"https:\/\/www.facebook.com\/hashtag\/pelosdireitosdosautistas?source=feed_text\">#pelosdireitosdosautistas<\/a><\/p>\n<\/blockquote>\n<p style=\"text-align: justify;\">A Diva, al\u00e9m de m\u00e3e do Joaquim e da Allice, tamb\u00e9m \u00e9 uma artista incr\u00edvel. Ela \u00e9 a dona da<a href=\"https:\/\/www.facebook.com\/Imaginarebrincar\/\" target=\"_blank\" rel=\"noopener\"> <strong>Imaginar e Brincar<\/strong><\/a>, faz todas as fantasias, com uma qualidade impec\u00e1vel.\u00a0E pra quem quiser acompanhar um pouco mais sobre o assunto, sugiro a leitura do <a href=\"http:\/\/lagartavirapupa.com.br\" target=\"_blank\" rel=\"noopener\">Lagarta Vira Pupa<\/a>.\u00a0Deixo aqui uma sugest\u00e3o de leitura: o livro <a href=\"http:\/\/www.lojaeditoraprojeto.com.br\/pd-31561d--tom.html\" target=\"_blank\" rel=\"noopener\">Tom<\/a>, do sens\u00edvel e maravilhoso Andr\u00e9 Neves. Tom \u00e9 um menino diferente.<\/p>\n<p style=\"text-align: justify;\">\n","protected":false},"excerpt":{"rendered":"<p>Dia 2 de abril foi o Dia Mundial da Conscientiza\u00e7\u00e3o do Autismo. Dia importante, assunto importante. \u00a0Aqui no Espa\u00e7o Cuidado [&hellip;]<\/p>\n","protected":false},"author":10,"featured_media":4116,"comment_status":"open","ping_status":"open","sticky":false,"template":"","format":"standard","meta":{"_acf_changed":false,"footnotes":""},"categories":[17],"tags":[1197,1196,1199,1198],"class_list":["post-4115","post","type-post","status-publish","format-standard","has-post-thumbnail","hentry","category-raquel-grabauska","tag-andre-neves","tag-autismo","tag-imaginar-e-brincar-fantasias","tag-lagarta-vira-pupa"],"acf":[],"_links":{"self":[{"href":"https:\/\/vos.homolog.arsnova.work\/index.php?rest_route=\/wp\/v2\/posts\/4115","targetHints":{"allow":["GET"]}}],"collection":[{"href":"https:\/\/vos.homolog.arsnova.work\/index.php?rest_route=\/wp\/v2\/posts"}],"about":[{"href":"https:\/\/vos.homolog.arsnova.work\/index.php?rest_route=\/wp\/v2\/types\/post"}],"author":[{"embeddable":true,"href":"https:\/\/vos.homolog.arsnova.work\/index.php?rest_route=\/wp\/v2\/users\/10"}],"replies":[{"embeddable":true,"href":"https:\/\/vos.homolog.arsnova.work\/index.php?rest_route=%2Fwp%2Fv2%2Fcomments&post=4115"}],"version-history":[{"count":0,"href":"https:\/\/vos.homolog.arsnova.work\/index.php?rest_route=\/wp\/v2\/posts\/4115\/revisions"}],"wp:featuredmedia":[{"embeddable":true,"href":"https:\/\/vos.homolog.arsnova.work\/index.php?rest_route=\/wp\/v2\/media\/4116"}],"wp:attachment":[{"href":"https:\/\/vos.homolog.arsnova.work\/index.php?rest_route=%2Fwp%2Fv2%2Fmedia&parent=4115"}],"wp:term":[{"taxonomy":"category","embeddable":true,"href":"https:\/\/vos.homolog.arsnova.work\/index.php?rest_route=%2Fwp%2Fv2%2Fcategories&post=4115"},{"taxonomy":"post_tag","embeddable":true,"href":"https:\/\/vos.homolog.arsnova.work\/index.php?rest_route=%2Fwp%2Fv2%2Ftags&post=4115"}],"curies":[{"name":"wp","href":"https:\/\/api.w.org\/{rel}","templated":true}]}}