{"id":4082,"date":"2018-04-05T12:17:44","date_gmt":"2018-04-05T15:17:44","guid":{"rendered":"https:\/\/vos.homolog.arsnova.work\/?p=4082"},"modified":"2018-04-05T12:17:44","modified_gmt":"2018-04-05T15:17:44","slug":"o-candidato-anti-lgbt-perdeu-na-costa-rica-mas-suas-ideias-cresceram","status":"publish","type":"post","link":"https:\/\/vos.homolog.arsnova.work\/?p=4082","title":{"rendered":"O candidato anti-LGBT perdeu na Costa Rica, mas suas ideias cresceram"},"content":{"rendered":"<p style=\"text-align: justify;\">A <strong>Costa Rica<\/strong> acaba de sair do segundo turno de suas elei\u00e7\u00f5es presidenciais com um resultado que, por um lado, representa um al\u00edvio a todos os defensores dos direitos humanos, mas por outro acende um sinal vermelho de alerta permanente.<\/p>\n<blockquote>\n<p style=\"text-align: justify;\"><strong>O candidato reacion\u00e1rio e anti-LGBT Fabricio Alvarado foi derrotado, mas suas ideias ganharam peso.<\/strong><\/p>\n<\/blockquote>\n<p style=\"text-align: justify;\">No pleito do dia 1 de abril o cantor evang\u00e9lico e apresentador de TV Fabricio Alvarado ficou com 39,2% dos votos, sendo derrotado pelo jornalista e escritor Carlos Alvarado, que obteve 60,8% de apoio popular. A virada surpreendeu o pa\u00eds, invertendo o resultado do primeiro turno e contrariando a previs\u00e3o das pesquisas de opini\u00e3o, que demonstravam um cen\u00e1rio extremamente polarizado.<\/p>\n<p style=\"text-align: justify;\"><strong>A Costa Rica \u00e9 reconhecida como a democracia mais s\u00f3lida da Am\u00e9rica Central.<\/strong> Talvez seja mais conhecida ainda por ser um dos poucos pa\u00edses do mundo sem For\u00e7as Armadas. Mas estas elei\u00e7\u00f5es trouxeram \u00e0 tona outra faceta do pa\u00eds: o conservadorismo brutal de sua sociedade em temas como sexualidade e direitos humanos.<\/p>\n<p style=\"text-align: justify;\">Estas duas quest\u00f5es transformaram-se no eixo do debate eleitoral. Apenas um m\u00eas antes do primeiro turno, a Corte Interamericana de Direitos Humanos (CIDH) determinou que a Costa Rica legalizasse o casamento civil igualit\u00e1rio. A decis\u00e3o posicionou o assunto no centro de todas as campanhas. Enquanto o governista Carlos Alvarado, de centro-esquerda, celebrou a senten\u00e7a, o oposicionista de direita afirmou que um eventual governo seu n\u00e3o respeitaria o julgamento e ainda retiraria o pa\u00eds deste importante organismo multilateral.<\/p>\n<p style=\"text-align: justify;\"><strong>Fabricio Alvarado mobilizou os piores sentimentos do pa\u00eds com sua candidatura.<\/strong> Sob o pretexto de defender uma suposta \u201cfam\u00edlia natural\u201d, foi totalmente contr\u00e1rio a qualquer concess\u00e3o de direitos \u00e0 popula\u00e7\u00e3o LGBT. Garantiu que sua primeira medida no governo seria a revoga\u00e7\u00e3o de um decreto que protege servidores federais e usu\u00e1rios dos servi\u00e7os p\u00fablicos contra a discrimina\u00e7\u00e3o.<\/p>\n<p style=\"text-align: justify;\">Os pronunciamentos do presidenci\u00e1vel da direita beiraram as raias do crime ao defender a chamada \u201ccura gay\u201d, uma inven\u00e7\u00e3o reacion\u00e1ria do fanatismo neopentecostal.<\/p>\n<blockquote>\n<p style=\"text-align: justify;\"><strong>\u201cEstou de acordo em que as pessoas que queiram sair da homossexualidade devam ter um espa\u00e7o onde sejam atendidas e restauradas\u201d, declarou. Isso mesmo, o termo exato que ele utilizou foi este: restaura\u00e7\u00e3o.<\/strong><\/p>\n<\/blockquote>\n<p style=\"text-align: justify;\">Fabricio Alvarado \u00e9 uma esp\u00e9cie de Marco Feliciano costarriquenho. Ele chegou a dizer que a homossexualidade \u00e9 uma inven\u00e7\u00e3o do Diabo. E o pior \u00e9 que muita gente foi seduzida por sua ret\u00f3rica preconceituosa. \u201cQuando o inimigo (o Diabo) consegue confundir sexualmente uma pessoa e desviar sua identidade sexual, o que est\u00e1 fazendo \u00e9 destruir sua identidade em Deus\u201d, declarou.<\/p>\n<p style=\"text-align: justify;\">Felizmente o jogo virou no segundo turno e Carlos Alvarado viu sua vota\u00e7\u00e3o aumentar de 21,7% para 60,8%. O candidato do governista Partido A\u00e7\u00e3o Cidad\u00e3 (PAC) representa a continuidade de um projeto de centro-esquerda desgastado e envolvido em den\u00fancias de corrup\u00e7\u00e3o. N\u00e3o fa\u00e7o aqui uma defesa de sua plataforma, que n\u00e3o empolga e definitivamente n\u00e3o representa qualquer novidade. Mas \u00e9 preciso dizer que sua vit\u00f3ria foi uma vit\u00f3ria contra a homofobia e o preconceito. <strong>A derrota de Fabricio Alvarado simbolizou um levante da Costa Rica contra o crescimento da intoler\u00e2ncia, tanto \u00e9 que o \u00edndice de eleitores que compareceram \u00e0s urnas aumentou do primeiro para o segundo turno.<\/strong><\/p>\n<p style=\"text-align: justify;\">.<\/p>\n<h3 style=\"text-align: center;\"><strong>Mas o alerta que fa\u00e7o no t\u00edtulo n\u00e3o \u00e9 em v\u00e3o<\/strong><\/h3>\n<p style=\"text-align: justify;\">.<\/p>\n<p style=\"text-align: justify;\">Apesar de ter sido derrotado, Fabricio Alvarado garantiu uma s\u00f3lida base social no pa\u00eds. Entrou na elei\u00e7\u00e3o como o \u00fanico deputado de um partido pequeno, o Partido da Restaura\u00e7\u00e3o Nacional (PRN), e saiu do pleito como o l\u00edder da segunda maior bancada no Congresso, com 14 parlamentares -\u00e0 frente inclusive da bancada governista, que elegeu 10 deputados.<\/p>\n<p style=\"text-align: justify;\">A vit\u00f3ria da homofobia e do preconceito no primeiro turno acendeu o sinal de alerta e a sociedade costarriquenha soube reagir \u00e0 altura. Mas o crescimento estrondoso do PRN demonstra que o fundamentalismo religioso est\u00e1 a poucos passos do poder. E eles n\u00e3o v\u00e3o desistir, por isso n\u00f3s devemos seguir resistindo.<\/p>\n","protected":false},"excerpt":{"rendered":"<p>A Costa Rica acaba de sair do segundo turno de suas elei\u00e7\u00f5es presidenciais com um resultado que, por um lado, [&hellip;]<\/p>\n","protected":false},"author":13,"featured_media":4083,"comment_status":"open","ping_status":"open","sticky":false,"template":"","format":"standard","meta":{"_acf_changed":false,"footnotes":""},"categories":[19],"tags":[1189,770,925,131,134,130,624,228,235],"class_list":["post-4082","post","type-post","status-publish","format-standard","has-post-thumbnail","hentry","category-samir-oliveira","tag-costa-rica","tag-direitos-humanos","tag-eleicoes","tag-homofobia","tag-igualmente","tag-lgbt","tag-lgbts","tag-politica","tag-samir-oliveira"],"acf":[],"_links":{"self":[{"href":"https:\/\/vos.homolog.arsnova.work\/index.php?rest_route=\/wp\/v2\/posts\/4082","targetHints":{"allow":["GET"]}}],"collection":[{"href":"https:\/\/vos.homolog.arsnova.work\/index.php?rest_route=\/wp\/v2\/posts"}],"about":[{"href":"https:\/\/vos.homolog.arsnova.work\/index.php?rest_route=\/wp\/v2\/types\/post"}],"author":[{"embeddable":true,"href":"https:\/\/vos.homolog.arsnova.work\/index.php?rest_route=\/wp\/v2\/users\/13"}],"replies":[{"embeddable":true,"href":"https:\/\/vos.homolog.arsnova.work\/index.php?rest_route=%2Fwp%2Fv2%2Fcomments&post=4082"}],"version-history":[{"count":0,"href":"https:\/\/vos.homolog.arsnova.work\/index.php?rest_route=\/wp\/v2\/posts\/4082\/revisions"}],"wp:featuredmedia":[{"embeddable":true,"href":"https:\/\/vos.homolog.arsnova.work\/index.php?rest_route=\/wp\/v2\/media\/4083"}],"wp:attachment":[{"href":"https:\/\/vos.homolog.arsnova.work\/index.php?rest_route=%2Fwp%2Fv2%2Fmedia&parent=4082"}],"wp:term":[{"taxonomy":"category","embeddable":true,"href":"https:\/\/vos.homolog.arsnova.work\/index.php?rest_route=%2Fwp%2Fv2%2Fcategories&post=4082"},{"taxonomy":"post_tag","embeddable":true,"href":"https:\/\/vos.homolog.arsnova.work\/index.php?rest_route=%2Fwp%2Fv2%2Ftags&post=4082"}],"curies":[{"name":"wp","href":"https:\/\/api.w.org\/{rel}","templated":true}]}}