{"id":4077,"date":"2018-04-04T11:55:24","date_gmt":"2018-04-04T14:55:24","guid":{"rendered":"https:\/\/vos.homolog.arsnova.work\/?p=4077"},"modified":"2018-04-04T16:33:31","modified_gmt":"2018-04-04T19:33:31","slug":"faltava-a-caserna-se-assanhar-agora-nao-falta-mais-nada","status":"publish","type":"post","link":"https:\/\/vos.homolog.arsnova.work\/?p=4077","title":{"rendered":"Faltava a caserna se assanhar. Agora, n\u00e3o falta mais nada"},"content":{"rendered":"<p style=\"text-align: justify;\">Entre os muitos legados negativos do governo de Michel Temer, a recondu\u00e7\u00e3o dos militares para o centro do debate pol\u00edtico certamente estar\u00e1 entre os mais danosos. \u00c0 interven\u00e7\u00e3o no Rio de Janeiro, sem estrat\u00e9gia ou linha de a\u00e7\u00e3o, seguiram-se rid\u00edculas relativiza\u00e7\u00f5es do car\u00e1ter ditatorial do regime militar brasileiro, ainda mais servis e deplor\u00e1veis vindas de quem fez carreira como constitucionalista. A fala insensata e afrontosa do general Villas Boas, que nem vou citar aqui porque j\u00e1 ganhou bem mais cita\u00e7\u00f5es do que merece, j\u00e1 recebeu a primeira resposta do governo: um afago do ministro Carlos Marun, elogiando o &#8220;democrata&#8221; que apenas &#8220;demonstrou preocupa\u00e7\u00e3o&#8221;.\u00a0 O Planalto j\u00e1 garantiu que vai ficar quietinho.<\/p>\n<h3 style=\"text-align: justify;\">Enquanto se revezam, os homens do governo, em bajular o general e jogar panos quentes sobre sua verborreia, ati\u00e7am-se os reacion\u00e1rios saudosos da ditadura, enquanto as casernas ficam mais e mais inclinadas a achar que a solu\u00e7\u00e3o da crise pol\u00edtica passa por eles, que pol\u00edticos n\u00e3o s\u00e3o e nem devem ser.<\/h3>\n<p style=\"text-align: justify;\">O que cometeu o general Villas Boas \u00e9 algo intoler\u00e1vel em qualquer democracia. <strong>O Anexo I do Regime Disciplinar do Ex\u00e9rcito, que trata das transgress\u00f5es, explicita, entre os artigos 56 e 59, as veda\u00e7\u00f5es para manifesta\u00e7\u00e3o pol\u00edtica por parte de militares da ativa &#8211; incluindo, no item 59, &#8220;discutir ou provocar discuss\u00e3o, por qualquer ve\u00edculo de comunica\u00e7\u00e3o, sobre assuntos pol\u00edticos ou militares, exceto se devidamente autorizado&#8221;.<\/strong> Atuar pela estabilidade dos Tr\u00eas Poderes tamb\u00e9m \u00e9 uma de suas obriga\u00e7\u00f5es. Se o leitor ou leitora acha que a fala cheia de insinua\u00e7\u00f5es do general n\u00e3o provocou discuss\u00e3o pol\u00edtica nem prejudicou a estabilidade do Judici\u00e1rio, bem, a\u00ed eu n\u00e3o posso fazer mais nada.<\/p>\n<p style=\"text-align: justify;\">A diatribe do general deveria ser imediatamente repudiada por todos os setores democr\u00e1ticos. Nada disso: o Judici\u00e1rio em geral finge que n\u00e3o ouviu, o TRF-4 chega a dar like no tweet onde a transgress\u00e3o foi cometida. A Presid\u00eancia da Rep\u00fablica, \u00e9 claro, nada dir\u00e1, pois Michel Temer faz um dos governos mais min\u00fasculos j\u00e1 vistos por essa na\u00e7\u00e3o, completamente submetido \u00e0 ingl\u00f3ria tarefa de salvar o pr\u00f3prio couro. Com sorte, vai para a hist\u00f3ria apenas como frouxo e vendilh\u00e3o, e n\u00e3o como traidor que rifou o Brasil e a democracia para escapar de acusa\u00e7\u00f5es das quais parece incapaz de se defender.<\/p>\n<p style=\"text-align: justify;\">O Jornal Nacional, ao inv\u00e9s de questionar a conveni\u00eancia de uma declara\u00e7\u00e3o dessas em momento de enorme tens\u00e3o, encerra sua edi\u00e7\u00e3o lendo a fala de Villas Boas na \u00edntegra &#8211; apenas isso, lendo e dando boa noite, sem nenhum coment\u00e1rio adicional. Folha de S. Paulo e Estad\u00e3o, para mencionar apenas dois, prestam-se alegremente ao papel de megafone para militares da reserva que bravateiam o retorno do arb\u00edtrio. Publicam com destaque an\u00fancios pagos chamando para protestos de verde e amarelo, onde bonecos representando ministros do STF s\u00e3o queimados ao som de Black Sabbath.<\/p>\n<h2 style=\"text-align: justify;\">Em um cen\u00e1rio desses, tudo tornou-se poss\u00edvel, at\u00e9 mesmo os mais l\u00fabricos del\u00edrios dos generais de pijama. Mesmo porque, agora, eles n\u00e3o deliram sozinhos: t\u00eam a companhia de generais da ativa que mandam recados p\u00fablicos ao Judici\u00e1rio, al\u00e9m do bra\u00e7o forte de muitos jovens soldados com fotos de Jair Bolsonaro na cabeceira, saudosos de um passado glorioso que s\u00f3 existe em suas imagina\u00e7\u00f5es.<\/h2>\n<p style=\"text-align: justify;\">Os que sentem saudades do pau de arara acham espa\u00e7o na m\u00eddia como se articulistas fossem, como se suas opini\u00f5es tivessem espa\u00e7o na pr\u00f3pria democracia que detestam. Para os grupos que v\u00e3o \u00e0s ruas nesses \u00faltimos dias, nunca houve problema com a corrup\u00e7\u00e3o: h\u00e1, isso sim, um \u00f3dio primal e irracional a Lula, ao PT e \u00e0s imagens difusas de esquerdismo que ambos evocam. Ou seja, nessa saudade doentia de um passado tr\u00e1gico, n\u00e3o nos faltam sequer os fantasmas comunistas de ocasi\u00e3o.<\/p>\n<p style=\"text-align: justify;\"><strong>Que a democracia brasileira vive um per\u00edodo de convuls\u00e3o, isso ningu\u00e9m com o m\u00ednimo de bom senso discute.<\/strong> O n\u00facleo do governo Temer \u00e9 formado de homens atolados em den\u00fancias de corrup\u00e7\u00e3o, enquanto o pr\u00f3prio presidente agarra-se ao foro privilegiado com unhas e dentes, gastando fortunas em emendas parlamentares para convencer um Congresso recheado de gente question\u00e1vel a votar em seu favor. Ministros do STF d\u00e3o entrevistas sobre casos que podem julgar como se falassem do futebol do fim de semana, enquanto membros do Minist\u00e9rio P\u00fablico tratam a si mesmos como prot\u00f3tipos de Messias e fazem jejum para combater a impunidade.<\/p>\n<h2 style=\"text-align: justify;\">A cadela que pariu o c\u00e3o bastardo est\u00e1 sempre entrando no cio, e o que n\u00e3o falta no Brasil \u00e9 ra\u00e7\u00e3o para alimentar essa ninhada abjeta.<\/h2>\n<p style=\"text-align: justify;\">Ainda assim, o conceito de democracia &#8211; essa coisa que muitas vezes \u00e9 miragem, outras tantas utopia, e que boa parte dos que a exigem est\u00e3o dispostos a rasgar em peda\u00e7os na primeira oportunidade &#8211; merece ser preservado. \u00c9 uma boa luta. E n\u00e3o \u00e9 repetindo como farsa um salvacionismo tr\u00e1gico que s\u00f3 colocou o Brasil na lama que estaremos fazendo algo nessa dire\u00e7\u00e3o. Ao general, cabe conter sua incontin\u00eancia verbal e fazer a guarda das institui\u00e7\u00f5es em sil\u00eancio, ao inv\u00e9s de jogar querosene no fogo que pode consumir tudo que \u00e9 seu dever proteger.<\/p>\n<p style=\"text-align: justify;\"><em>Foto: Marcelo Camargo \/ Ag\u00eancia Brasil<\/em><\/p>\n","protected":false},"excerpt":{"rendered":"<p>Entre os muitos legados negativos do governo de Michel Temer, a recondu\u00e7\u00e3o dos militares para o centro do debate pol\u00edtico [&hellip;]<\/p>\n","protected":false},"author":14,"featured_media":4078,"comment_status":"open","ping_status":"open","sticky":false,"template":"","format":"standard","meta":{"_acf_changed":false,"footnotes":""},"categories":[20],"tags":[530,829,1090,958,652,120],"class_list":["post-4077","post","type-post","status-publish","format-standard","has-post-thumbnail","hentry","category-igor-natusch","tag-crise-politica","tag-ditadura-militar","tag-intervencao-federal","tag-julgamento-de-lula","tag-regime-militar","tag-stf"],"acf":[],"_links":{"self":[{"href":"https:\/\/vos.homolog.arsnova.work\/index.php?rest_route=\/wp\/v2\/posts\/4077","targetHints":{"allow":["GET"]}}],"collection":[{"href":"https:\/\/vos.homolog.arsnova.work\/index.php?rest_route=\/wp\/v2\/posts"}],"about":[{"href":"https:\/\/vos.homolog.arsnova.work\/index.php?rest_route=\/wp\/v2\/types\/post"}],"author":[{"embeddable":true,"href":"https:\/\/vos.homolog.arsnova.work\/index.php?rest_route=\/wp\/v2\/users\/14"}],"replies":[{"embeddable":true,"href":"https:\/\/vos.homolog.arsnova.work\/index.php?rest_route=%2Fwp%2Fv2%2Fcomments&post=4077"}],"version-history":[{"count":0,"href":"https:\/\/vos.homolog.arsnova.work\/index.php?rest_route=\/wp\/v2\/posts\/4077\/revisions"}],"wp:featuredmedia":[{"embeddable":true,"href":"https:\/\/vos.homolog.arsnova.work\/index.php?rest_route=\/wp\/v2\/media\/4078"}],"wp:attachment":[{"href":"https:\/\/vos.homolog.arsnova.work\/index.php?rest_route=%2Fwp%2Fv2%2Fmedia&parent=4077"}],"wp:term":[{"taxonomy":"category","embeddable":true,"href":"https:\/\/vos.homolog.arsnova.work\/index.php?rest_route=%2Fwp%2Fv2%2Fcategories&post=4077"},{"taxonomy":"post_tag","embeddable":true,"href":"https:\/\/vos.homolog.arsnova.work\/index.php?rest_route=%2Fwp%2Fv2%2Ftags&post=4077"}],"curies":[{"name":"wp","href":"https:\/\/api.w.org\/{rel}","templated":true}]}}