{"id":4070,"date":"2018-04-03T14:06:07","date_gmt":"2018-04-03T17:06:07","guid":{"rendered":"https:\/\/vos.homolog.arsnova.work\/?p=4070"},"modified":"2018-04-03T14:06:07","modified_gmt":"2018-04-03T17:06:07","slug":"conceicao-evaristo-ganhou-um-premio-literario-e-isso-e-simplesmente-maravilhoso","status":"publish","type":"post","link":"https:\/\/vos.homolog.arsnova.work\/?p=4070","title":{"rendered":"Concei\u00e7\u00e3o Evaristo ganhou um pr\u00eamio liter\u00e1rio. E isso \u00e9 simplesmente maravilhoso"},"content":{"rendered":"<p style=\"text-align: justify;\"><span style=\"font-weight: 400;\">Recentemente, a escritora mineira Concei\u00e7\u00e3o Evaristo foi eleita na categoria Destaque do pr\u00eamio Bravo de literatura. Porque o fato chama a aten\u00e7\u00e3o? Al\u00e9m da qualidade indiscut\u00edvel do seu trabalho na \u00e1rea liter\u00e1ria, ela \u00e9 militante do movimento negro e a gente sabe que se j\u00e1 \u00e9 dif\u00edcil para mulheres em geral terem o respeito no meio liter\u00e1rio, imagine ainda ter de enfrentar o racismo estrutural existente no Brasil. No discurso durante a premia\u00e7\u00e3o, Concei\u00e7\u00e3o Evaristo destacou que aquele pr\u00eamio era importante n\u00e3o apenas para ela, mas para todas as mulheres, especialmente as negras.<\/span><\/p>\n<p style=\"text-align: justify;\"><span style=\"font-weight: 400;\">Nascida em uma favela em Belo Horizonte, conciliou os estudos com o trabalho de empregada dom\u00e9stica. Depois, se mudou para o Rio de Janeiro, onde se formou em Letras, com mestrado e doutorado na \u00e1rea de Literatura. Na d\u00e9cada de 1990, teve suas primeiras obras publicadas.<\/span><\/p>\n<p style=\"text-align: justify;\"><span style=\"font-weight: 400;\">Para homenagear essa baita escritora, escolhi um texto em que ela faz refer\u00eancia a outras duas autoras: Clarice Lispector e <\/span><span style=\"font-weight: 400;\">Carolina Maria de Jesus, que escreveu o livro <\/span><a href=\"https:\/\/www.estantevirtual.com.br\/livros\/carolina-maria-de-jesus\/quarto-de-despejo-diario-de-uma-favelada\/3209282564\"><i><span style=\"font-weight: 400;\">Quarto de Despejo: Di\u00e1rio de uma Favelada<\/span><\/i><\/a><span style=\"font-weight: 400;\">.<\/span><\/p>\n<blockquote><p><span style=\"font-weight: 400;\"><strong>Clarice no quarto de despejo<\/strong> <\/span><\/p>\n<p><span style=\"font-weight: 400;\">No meio do dia<\/span><\/p>\n<p><span style=\"font-weight: 400;\">Clarice entreabre o quarto de despejo <\/span><\/p>\n<p><span style=\"font-weight: 400;\">pela fresta percebe uma mulher.<\/span><\/p>\n<p><span style=\"font-weight: 400;\">Onde estiveste \u00e0 noite, Carolina? <\/span><\/p>\n<p><span style=\"font-weight: 400;\">Macabeando minhas agonias, Clarice. <\/span><\/p>\n<p><span style=\"font-weight: 400;\">Um amargor pra al\u00e9m da fome e do frio, <\/span><\/p>\n<p><span style=\"font-weight: 400;\">Da bica e da boca em sua secura. <\/span><\/p>\n<p><span style=\"font-weight: 400;\">De mim, escrevo n\u00e3o s\u00f3 a pen\u00faria do p\u00e3o, <\/span><\/p>\n<p><span style=\"font-weight: 400;\">cravo no lixo da vida, o desespero, <\/span><\/p>\n<p><span style=\"font-weight: 400;\">uma gastura de n\u00e3o caber no peito, <\/span><\/p>\n<p><span style=\"font-weight: 400;\">e nem no papel. <\/span><\/p>\n<p><span style=\"font-weight: 400;\">Mas, ningu\u00e9m me l\u00ea, Clarice, <\/span><\/p>\n<p><span style=\"font-weight: 400;\">Para al\u00e9m do resto. <\/span><\/p>\n<p><span style=\"font-weight: 400;\">Ningu\u00e9m decifra em mim <\/span><\/p>\n<p><span style=\"font-weight: 400;\">a \u00fanica escassez da qual n\u00e3o pade\u00e7o, <\/span><\/p>\n<p><span style=\"font-weight: 400;\">&#8211; a solid\u00e3o &#8211; <\/span><\/p>\n<p>&nbsp;<\/p>\n<p><span style=\"font-weight: 400;\">E ajustando o seu par de luvas clar\u00edssimas <\/span><\/p>\n<p><span style=\"font-weight: 400;\">Clarice futuca um imagin\u00e1rio lixo <\/span><\/p>\n<p><span style=\"font-weight: 400;\">e pensa para Carolina: <\/span><\/p>\n<p><span style=\"font-weight: 400;\">&#8211; a casa poderia ser ao menos de alvenaria &#8211; <\/span><\/p>\n<p><span style=\"font-weight: 400;\">E anseia ser Bitita inventando um di\u00e1rio: <\/span><\/p>\n<p><span style=\"font-weight: 400;\">p\u00e1ginas de jejum e de saciedade sobejam, <\/span><\/p>\n<p><span style=\"font-weight: 400;\">a fome nem em peda\u00e7os <\/span><\/p>\n<p><span style=\"font-weight: 400;\">alimenta a escrita clariciana. <\/span><\/p>\n<p>&nbsp;<\/p>\n<p><span style=\"font-weight: 400;\">Clarice no quarto de despejo<\/span><\/p>\n<p><span style=\"font-weight: 400;\">l\u00ea a outra, l\u00ea Carolina, <\/span><\/p>\n<p><span style=\"font-weight: 400;\">a que na c\u00f3pia das palavras, <\/span><\/p>\n<p><span style=\"font-weight: 400;\">faz de si a pr\u00f3pria inventiva. <\/span><\/p>\n<p><span style=\"font-weight: 400;\">Clarice l\u00ea :<\/span><\/p>\n<p><span style=\"font-weight: 400;\"> &#8211; despejo e desejos<\/span><\/p><\/blockquote>\n<p style=\"text-align: justify;\"><span style=\"font-weight: 400;\">Concei\u00e7\u00e3o Evaristo tamb\u00e9m ser\u00e1 homenageada em Porto Alegre, durante a FestiPoa Liter\u00e1ria. O objetivo \u00e9 chamar a aten\u00e7\u00e3o para a produ\u00e7\u00e3o liter\u00e1ria das mulheres, em especial das mulheres negras. A abertura vai ser dia 2 de maio, no Sal\u00e3o de Atos da UFRGS, com entrada franca. Mais detalhes<a href=\"https:\/\/www.facebook.com\/events\/1826472467376498\/\"> aqui<\/a>. <\/span><\/p>\n<p>&nbsp;<\/p>\n","protected":false},"excerpt":{"rendered":"<p>Recentemente, a escritora mineira Concei\u00e7\u00e3o Evaristo foi eleita na categoria Destaque do pr\u00eamio Bravo de literatura. Porque o fato chama [&hellip;]<\/p>\n","protected":false},"author":5,"featured_media":4073,"comment_status":"open","ping_status":"open","sticky":false,"template":"","format":"standard","meta":{"_acf_changed":false,"footnotes":""},"categories":[4],"tags":[1185,446,1182,1183,1186,1187,226,1184],"class_list":["post-4070","post","type-post","status-publish","format-standard","has-post-thumbnail","hentry","category-voos-literarios","tag-carolina-maria-de-jesus","tag-clarice-lispector","tag-conceicao-evaristo","tag-festipoa-literaria","tag-leia-mulheres","tag-mulheres-na-literatura","tag-premio","tag-quarto-de-despejo"],"acf":[],"_links":{"self":[{"href":"https:\/\/vos.homolog.arsnova.work\/index.php?rest_route=\/wp\/v2\/posts\/4070","targetHints":{"allow":["GET"]}}],"collection":[{"href":"https:\/\/vos.homolog.arsnova.work\/index.php?rest_route=\/wp\/v2\/posts"}],"about":[{"href":"https:\/\/vos.homolog.arsnova.work\/index.php?rest_route=\/wp\/v2\/types\/post"}],"author":[{"embeddable":true,"href":"https:\/\/vos.homolog.arsnova.work\/index.php?rest_route=\/wp\/v2\/users\/5"}],"replies":[{"embeddable":true,"href":"https:\/\/vos.homolog.arsnova.work\/index.php?rest_route=%2Fwp%2Fv2%2Fcomments&post=4070"}],"version-history":[{"count":0,"href":"https:\/\/vos.homolog.arsnova.work\/index.php?rest_route=\/wp\/v2\/posts\/4070\/revisions"}],"wp:featuredmedia":[{"embeddable":true,"href":"https:\/\/vos.homolog.arsnova.work\/index.php?rest_route=\/wp\/v2\/media\/4073"}],"wp:attachment":[{"href":"https:\/\/vos.homolog.arsnova.work\/index.php?rest_route=%2Fwp%2Fv2%2Fmedia&parent=4070"}],"wp:term":[{"taxonomy":"category","embeddable":true,"href":"https:\/\/vos.homolog.arsnova.work\/index.php?rest_route=%2Fwp%2Fv2%2Fcategories&post=4070"},{"taxonomy":"post_tag","embeddable":true,"href":"https:\/\/vos.homolog.arsnova.work\/index.php?rest_route=%2Fwp%2Fv2%2Ftags&post=4070"}],"curies":[{"name":"wp","href":"https:\/\/api.w.org\/{rel}","templated":true}]}}