{"id":4063,"date":"2018-04-02T17:08:07","date_gmt":"2018-04-02T20:08:07","guid":{"rendered":"https:\/\/vos.homolog.arsnova.work\/?p=4063"},"modified":"2018-04-02T17:08:07","modified_gmt":"2018-04-02T20:08:07","slug":"coracao-bobo","status":"publish","type":"post","link":"https:\/\/vos.homolog.arsnova.work\/?p=4063","title":{"rendered":"Cora\u00e7\u00e3o bobo"},"content":{"rendered":"<p style=\"text-align: justify;\">Meu cora\u00e7\u00e3o t\u00e1 batendo como quem diz: n\u00e3o tem jeito. Canta <strong>Alceu Valen\u00e7a<\/strong> e canto eu. Ele canta que o cora\u00e7\u00e3o dos aflitos pipoca dentro do peito. Canto eu que o cora\u00e7\u00e3o dos aflitos encolhe dentro do corpo. Cora\u00e7\u00e3o bobo. Encolhe a cada palavra de \u00f3dio, encolhe toda vez que algu\u00e9m perde a raz\u00e3o, encolhe sempre que a empatia se apaga, encolhe quando o absurdo se torna a verdade de alguns.<\/p>\n<p>.<\/p>\n<h3 style=\"text-align: center;\">O cora\u00e7\u00e3o dos aflitos pipoca dentro do peito<\/h3>\n<h4 style=\"text-align: center;\">O cora\u00e7\u00e3o dos aflitos encolhe cada vez mais<\/h4>\n<p>.<\/p>\n<p style=\"text-align: justify;\">\u00c9 como se a gente n\u00e3o conseguisse fugir do destino de que j\u00e1 n\u00e3o h\u00e1 mais cora\u00e7\u00e3o. A gente se ilude dizendo: j\u00e1 n\u00e3o h\u00e1 mais cora\u00e7\u00e3o. Canta Alceu Valen\u00e7a e canto eu.\u00a0J\u00e1 n\u00e3o h\u00e1. N\u00e3o pode haver diante do absurdo que se torna a verdade de alguns. Ontem mesmo, o procurador da Rep\u00fablica <strong>Deltan Dallagnol<\/strong> escreveu no Twitter sobre o que ele chamou de \u201cDia D da luta contra a corrup\u00e7\u00e3o na Lava Jato.\u201d Nada fora do comum. \u00c9 prerrogativa de of\u00edcio e ele j\u00e1 havia se posicionado sobre o tema da pris\u00e3o em segunda inst\u00e2ncia. \u201cUma derrota significar\u00e1 que a maior parte dos corruptos de diferentes partidos, por todo pa\u00eds, jamais ser\u00e3o responsabilizados, na Lava Jato e al\u00e9m.\u201d A derrota seria a concess\u00e3o do habeas corpus ao ex-presidente<strong> Luiz In\u00e1cio Lula da Silva<\/strong>.\u00a0Nenhuma novidade. Inclusive concordo que o precedente \u00e9 perigoso, embora considere que a pris\u00e3o em segunda inst\u00e2ncia talvez seja o precedente uma vez analisado o texto da constitui\u00e7\u00e3o. Mas ele continua: <strong>\u201cO cen\u00e1rio n\u00e3o \u00e9 bom. Estarei em jejum, ora\u00e7\u00e3o e torcendo pelo pa\u00eds.\u201d<\/strong><\/p>\n<p>.<\/p>\n<blockquote>\n<p style=\"text-align: justify;\"><strong>Um procurador da Rep\u00fablica discorre sobre uma quest\u00e3o jur\u00eddica e espera que ela se resolva n\u00e3o com a an\u00e1lise de legisla\u00e7\u00e3o do Estado laico em que vive, mas com ora\u00e7\u00e3o, com jejum, com torcida.\u00a0O absurdo que se torna a verdade de alguns est\u00e1 normalizado. J\u00e1 n\u00e3o h\u00e1 cora\u00e7\u00e3o que aguente. N\u00e3o pode haver.<\/strong><\/p>\n<\/blockquote>\n<p style=\"text-align: justify;\">.<\/p>\n<p style=\"text-align: justify;\">Pouco tempo depois, o juiz federal <strong>Marcelo Bretas<\/strong> respondeu: <strong>\u201cCaro irm\u00e3o em Cristo, como cidad\u00e3o brasileiro e temente a Deus, acompanh\u00e1-lo-ei em ora\u00e7\u00e3o, em favor do nosso pa\u00eds e do nosso povo.\u201d<\/strong> Assim, em alguns minutos, duas autoridades transformaram uma discuss\u00e3o jur\u00eddica absolutamente v\u00e1lida em uma disputa entre o bem e o mal. Por meio da narrativa, mistura-se religi\u00e3o ao judici\u00e1rio &#8211; para al\u00e9m da quest\u00e3o do aborto. O absurdo que se torna a verdade de alguns \u00e9 refor\u00e7ado. J\u00e1 n\u00e3o h\u00e1 cora\u00e7\u00e3o inteiro. N\u00e3o pode haver.<\/p>\n<p style=\"text-align: justify;\">O colunista da Veja, <strong>Ricardo Noblat<\/strong>, solta o bal\u00e3o de ensaio e escreve que um \u201cministro muito pr\u00f3ximo do presidente Michel Temer duvida que haja elei\u00e7\u00f5es em outubro pr\u00f3ximo.\u201d J\u00e1 n\u00e3o h\u00e1 cora\u00e7\u00e3o. N\u00e3o pode haver. Os amigos de <strong>Michel Temer<\/strong> s\u00e3o presos e a resposta do Planalto \u00e9 que n\u00e3o passa de conspira\u00e7\u00e3o. J\u00e1 n\u00e3o h\u00e1 cora\u00e7\u00e3o. N\u00e3o pode haver. Tiro, relho, racismo, hipocrisia. J\u00e1 n\u00e3o h\u00e1 cora\u00e7\u00e3o. N\u00e3o pode haver.<\/p>\n<p style=\"text-align: justify;\">A desesperan\u00e7a me toma e, como j\u00e1 n\u00e3o h\u00e1 mais cora\u00e7\u00e3o, penso que talvez aquele de quem n\u00e3o falamos o nome deva mesmo ser o pr\u00f3ximo presidente do Brasil. Quem sabe assim o fundo do po\u00e7o n\u00e3o chegue mais depressa e mais depressa podemos sair de l\u00e1.<\/p>\n<p>.<\/p>\n<h4 style=\"text-align: center;\"><strong>Mas n\u00e3o. Esse papo de que j\u00e1 n\u00e3o h\u00e1 mais cora\u00e7\u00e3o \u00e9 uma ilus\u00e3o<\/strong><\/h4>\n<h3 style=\"text-align: center;\"><strong>A gente se ilude<\/strong><\/h3>\n<h5 style=\"text-align: center;\"><strong>Canta Alceu Valen\u00e7a e canto eu<\/strong><\/h5>\n<p style=\"text-align: justify;\">.<\/p>\n<p style=\"text-align: justify;\">A letra que sugere uma desilus\u00e3o amorosa \u00e9 uma homenagem ao <strong>Clube N\u00e1utico Capibaribe<\/strong>, que por anos demoliu o cora\u00e7\u00e3o do torcedor pernambucano. Mesmo diante de derrotas, por\u00e9m, os aflitos sempre voltam para casa. \u00c9 assim comigo. A desesperan\u00e7a \u00e9 s\u00f3 da boca pra fora, \u00e9 s\u00f3 um desabafo de um cora\u00e7\u00e3o cansado.<\/p>\n<p style=\"text-align: justify;\">Eu continuo acreditando nas pessoas, continuo acreditando na democracia representativa, no Estado de bem-estar social, na liberdade de express\u00e3o, religi\u00e3o e associa\u00e7\u00e3o, nos Direitos Humanos, na igualdade.<\/p>\n<p>.<\/p>\n<h3 style=\"text-align: center;\">Cora\u00e7\u00e3o bobo, bobo, bobo, bobo, bola, bola, bola de bal\u00e3o<\/h3>\n<h4 style=\"text-align: center;\">A gente se ilude dizendo: j\u00e1 n\u00e3o h\u00e1 mais cora\u00e7\u00e3o<\/h4>\n<p style=\"text-align: justify;\">\n<p>&nbsp;<\/p>\n<p>Imagem: Pixabay<\/p>\n","protected":false},"excerpt":{"rendered":"<p>Meu cora\u00e7\u00e3o t\u00e1 batendo como quem diz: n\u00e3o tem jeito. Canta Alceu Valen\u00e7a e canto eu. Ele canta que o [&hellip;]<\/p>\n","protected":false},"author":3,"featured_media":4065,"comment_status":"open","ping_status":"open","sticky":false,"template":"","format":"standard","meta":{"_acf_changed":false,"footnotes":""},"categories":[22],"tags":[1176,1175,1177,595,1157,576,1181,109,1178,1179,1180,228,388,169],"class_list":["post-4063","post","type-post","status-publish","format-standard","has-post-thumbnail","hentry","category-georgia-santos","tag-alceu-valenca","tag-coracao-bobo","tag-deltan-dallagnol","tag-democracia","tag-igualdade","tag-justica","tag-liberdade","tag-lula","tag-marcelo-bretas","tag-marun","tag-noblat","tag-politica","tag-religiao","tag-temer"],"acf":[],"_links":{"self":[{"href":"https:\/\/vos.homolog.arsnova.work\/index.php?rest_route=\/wp\/v2\/posts\/4063","targetHints":{"allow":["GET"]}}],"collection":[{"href":"https:\/\/vos.homolog.arsnova.work\/index.php?rest_route=\/wp\/v2\/posts"}],"about":[{"href":"https:\/\/vos.homolog.arsnova.work\/index.php?rest_route=\/wp\/v2\/types\/post"}],"author":[{"embeddable":true,"href":"https:\/\/vos.homolog.arsnova.work\/index.php?rest_route=\/wp\/v2\/users\/3"}],"replies":[{"embeddable":true,"href":"https:\/\/vos.homolog.arsnova.work\/index.php?rest_route=%2Fwp%2Fv2%2Fcomments&post=4063"}],"version-history":[{"count":0,"href":"https:\/\/vos.homolog.arsnova.work\/index.php?rest_route=\/wp\/v2\/posts\/4063\/revisions"}],"wp:featuredmedia":[{"embeddable":true,"href":"https:\/\/vos.homolog.arsnova.work\/index.php?rest_route=\/wp\/v2\/media\/4065"}],"wp:attachment":[{"href":"https:\/\/vos.homolog.arsnova.work\/index.php?rest_route=%2Fwp%2Fv2%2Fmedia&parent=4063"}],"wp:term":[{"taxonomy":"category","embeddable":true,"href":"https:\/\/vos.homolog.arsnova.work\/index.php?rest_route=%2Fwp%2Fv2%2Fcategories&post=4063"},{"taxonomy":"post_tag","embeddable":true,"href":"https:\/\/vos.homolog.arsnova.work\/index.php?rest_route=%2Fwp%2Fv2%2Ftags&post=4063"}],"curies":[{"name":"wp","href":"https:\/\/api.w.org\/{rel}","templated":true}]}}