{"id":4016,"date":"2018-03-30T17:08:16","date_gmt":"2018-03-30T20:08:16","guid":{"rendered":"https:\/\/vos.homolog.arsnova.work\/?p=4016"},"modified":"2018-03-30T18:40:43","modified_gmt":"2018-03-30T21:40:43","slug":"livrinho-e-o-teu-zinho","status":"publish","type":"post","link":"https:\/\/vos.homolog.arsnova.work\/?p=4016","title":{"rendered":"Livrinho \u00e9 o teu #*zinho!"},"content":{"rendered":"<p style=\"text-align: justify;\">Trabalho com arte para crian\u00e7as h\u00e1 pouco mais de 20 anos. Vi muita crian\u00e7a crescendo e me dizendo das boas mem\u00f3rias da inf\u00e2ncia: livros, teatros, m\u00fasicas. Leio para os meus filhos todas as noites. Levo a programas culturais sempre que posso.<\/p>\n<h3 style=\"text-align: justify;\">Deparei com esse texto do autor Caio Riter em seu perfil do facebook:<\/h3>\n<p style=\"text-align: justify;\">&#8220;Noite do A\u00e7orianos de Literatura 1<\/p>\n<p style=\"text-align: justify;\">A cerim\u00f4nia come\u00e7a com uma homenagem a autores ga\u00fachos que foram importantes (segundo o texto em off) na constru\u00e7\u00e3o de nossa literatura. Sucedem-se no tel\u00e3o rostos de escritores falecidos. N\u00e3o vejo entre eles a Maria Dinorah, o Carlos Urbim, a Mary Weiss, o Hermes Bernardi, o S\u00e9rgio Napp. O que teriam em comum para n\u00e3o merecerem a homenagem? Ah, claro, escreviam para a inf\u00e2ncia.\u201d<\/p>\n<p>.<\/p>\n<h3 style=\"text-align: center;\"><strong>Ele disse tudo o que h\u00e1 pra dizer. Quem trabalha com teatro infantil, faz pecinha. Quem faz m\u00fasica para crian\u00e7as, faz musiquinha. Livro, livrinho. <\/strong><\/h3>\n<h3 style=\"text-align: center;\"><strong>Crian\u00e7a= criancinha= sem cerebrinho<\/strong><\/h3>\n<p>.<\/p>\n<p style=\"text-align: justify;\">Algu\u00e9m pode achar que estou exagerando. Talvez eu esteja. Mas esse \u00e9 um pensamento geral. Me diz que tu nunca ouviu algu\u00e9m se referir \u00e0s quest\u00f5es infantis no diminutivo e eu recuo. Ou\u00e7o o tempo todo.\u00a0Essas crian\u00e7as que ouvem hist\u00f3rias, que leem livros, se tornam adultos. Que leem ou n\u00e3o. Certamente uma inf\u00e2ncia com leitura, influencia numa vida adulta com vontade de ler.<\/p>\n<p style=\"text-align: justify;\">Porque a arte para a crian\u00e7a \u00e9 vista como algo menor? E n\u00e3o \u00e9 s\u00f3 na literatura. Em todas as \u00e1reas. Tenta escrever um livro para uma crian\u00e7a. Tenta.\u00a0Para escrever uma livro \u00e9 preciso um autor. Isso vale para o livro adulto, infanto juvenil, infantil.<\/p>\n<p style=\"text-align: center;\">Autor de livro infantil = autor<\/p>\n<p style=\"text-align: center;\">Autor de livro adulto = autor<\/p>\n<p style=\"text-align: center;\">Autor de livro infantil = autor de livro adulto<\/p>\n<p style=\"text-align: justify;\">Para escrever uma hist\u00f3ria, \u00e9 preciso um tema. A\u00ed a coisa muda. Para as crian\u00e7as, s\u00e3o usadas tem\u00e1ticas infantis. \u00c9 a\u00ed que a coisa muda. Se ao escrever tu trata a crian\u00e7a com intelig\u00eancia, sem menosprezar seu entendimento, respeitando o leitor, tu vai ter um bom livro. Infantil. Vai me dizer que \u00e9 diferente para um livro adulto?<\/p>\n<p style=\"text-align: justify;\">Ent\u00e3o, por favor, parem de ler livrinhos, ir a pecinhas e ouvir musiquinhas! Tratem as crian\u00e7as com respeito. E respeitem quem dedica seu tempo a criar coisas boas para elas.<\/p>\n<p style=\"text-align: justify;\">A\u00ed embaixo tem bastante coisa boa pra ler. Esses livros s\u00e3o publicados por uma Editora que publica s\u00f3 para o p\u00fablico infanto-juvenil. Aproveitem!<\/p>\n<p>https:\/\/www.facebook.com\/EditoraProjeto\/videos\/1117700945037440\/?hc_ref=ARSK9wSapVFT17Mr2Ewo3wHmawmlSI-_yLruafhG_12qf9Rd0LyVYKaLp9mcReBlo3k<\/p>\n","protected":false},"excerpt":{"rendered":"<p>Trabalho com arte para crian\u00e7as h\u00e1 pouco mais de 20 anos. Vi muita crian\u00e7a crescendo e me dizendo das boas [&hellip;]<\/p>\n","protected":false},"author":10,"featured_media":4018,"comment_status":"open","ping_status":"open","sticky":false,"template":"","format":"standard","meta":{"_acf_changed":false,"footnotes":""},"categories":[17],"tags":[1164,1163,537],"class_list":["post-4016","post","type-post","status-publish","format-standard","has-post-thumbnail","hentry","category-raquel-grabauska","tag-artes","tag-literatura-infantil-crianca","tag-teatro"],"acf":[],"_links":{"self":[{"href":"https:\/\/vos.homolog.arsnova.work\/index.php?rest_route=\/wp\/v2\/posts\/4016","targetHints":{"allow":["GET"]}}],"collection":[{"href":"https:\/\/vos.homolog.arsnova.work\/index.php?rest_route=\/wp\/v2\/posts"}],"about":[{"href":"https:\/\/vos.homolog.arsnova.work\/index.php?rest_route=\/wp\/v2\/types\/post"}],"author":[{"embeddable":true,"href":"https:\/\/vos.homolog.arsnova.work\/index.php?rest_route=\/wp\/v2\/users\/10"}],"replies":[{"embeddable":true,"href":"https:\/\/vos.homolog.arsnova.work\/index.php?rest_route=%2Fwp%2Fv2%2Fcomments&post=4016"}],"version-history":[{"count":0,"href":"https:\/\/vos.homolog.arsnova.work\/index.php?rest_route=\/wp\/v2\/posts\/4016\/revisions"}],"wp:featuredmedia":[{"embeddable":true,"href":"https:\/\/vos.homolog.arsnova.work\/index.php?rest_route=\/wp\/v2\/media\/4018"}],"wp:attachment":[{"href":"https:\/\/vos.homolog.arsnova.work\/index.php?rest_route=%2Fwp%2Fv2%2Fmedia&parent=4016"}],"wp:term":[{"taxonomy":"category","embeddable":true,"href":"https:\/\/vos.homolog.arsnova.work\/index.php?rest_route=%2Fwp%2Fv2%2Fcategories&post=4016"},{"taxonomy":"post_tag","embeddable":true,"href":"https:\/\/vos.homolog.arsnova.work\/index.php?rest_route=%2Fwp%2Fv2%2Ftags&post=4016"}],"curies":[{"name":"wp","href":"https:\/\/api.w.org\/{rel}","templated":true}]}}