{"id":3994,"date":"2018-03-29T14:50:14","date_gmt":"2018-03-29T17:50:14","guid":{"rendered":"https:\/\/vos.homolog.arsnova.work\/?p=3994"},"modified":"2018-03-29T14:51:16","modified_gmt":"2018-03-29T17:51:16","slug":"a-tradicao-de-violencia-no-estado-mais-politizado-do-brasil","status":"publish","type":"post","link":"https:\/\/vos.homolog.arsnova.work\/?p=3994","title":{"rendered":"A tradi\u00e7\u00e3o de viol\u00eancia no estado mais politizado do Brasil"},"content":{"rendered":"<p><em>Por Eduardo Amaral, jornalista<\/em><\/p>\n<p style=\"text-align: justify;\">Cresceu nas \u00faltimas semanas o orgulho ga\u00facho pela trucul\u00eancia. Tudo porque um grupo de velhos coron\u00e9is resolveu demonstrar todo o respeito que tem pela democracia durante visita do ex-presidente Luiz In\u00e1cio Lula da Silva ao estado. Confrontaram apoiadores com armas na cintura, apedrejaram \u00f4nibus e pessoas e &#8220;deram de relho&#8221; em quem se opusesse. A Caravana Lula pelo Sul seguiu e foi alvo de tiros no Paran\u00e1. O fato surpreendeu, mas n\u00e3o \u00e9 t\u00e3o distante da nossa realidade.<\/p>\n<blockquote>\n<p style=\"text-align: justify;\"><strong>Detesto dizer a voc\u00eas, leitores, mas atirar contra advers\u00e1rios pol\u00edticos \u00e9 uma constante dos munic\u00edpios ga\u00fachos<\/strong><\/p>\n<\/blockquote>\n<p>.<\/p>\n<h2>Tradi\u00e7\u00e3o de viol\u00eancia<\/h2>\n<p style=\"text-align: justify;\">A primeira vez em que deparei com a trucul\u00eancia pol\u00edtica foi em <strong>Trindade do Sul<\/strong>, munic\u00edpio localizado no norte do RS. Ainda adolescente, resolvi fazer uma visita a uma amiga que acabara de se mudar para aquela buc\u00f3lica e, aparentemente, pacata cidade. Era per\u00edodo eleitoral. Qual n\u00e3o foi minha surpresa ao saber que dois grupos distintos se reuniram no centro da cidade e o confronto acabou com um orgulhoso defensor de seu candidato disparando, sem nenhum pudor, contra os advers\u00e1rios pol\u00edticos.<\/p>\n<p style=\"text-align: justify;\">Outra oportunidade para ver como funciona a pol\u00edtica no interior foi no pleito de 2016, quando eu atuava em um jornal no Vale do Taquari. No munic\u00edpio de <strong>Encantado<\/strong>, quando correu a not\u00edcia de que um grupo de homens armados chegara \u00e0 cidade fazendo quest\u00e3o de mostrar as armas para quem quisesse ou n\u00e3o v\u00ea-las. Todos eles se hospedaram no hotel que pertencia ao candidato a vice de uma das chapas. O grupo foi detido e, gra\u00e7as \u00e0 falta de discri\u00e7\u00e3o, foi poss\u00edvel evitar que algo mais grave acontecesse. O que mais me surpreendeu neste caso foi a frase do promotor eleitoral quando entrei em contato com ele para esclarecer o caso. \u201cEu mesmo j\u00e1 fui amea\u00e7ado quando ia votar.\u201d<\/p>\n<p style=\"text-align: justify;\">Minha \u00faltima experi\u00eancia com a viol\u00eancia pol\u00edtica foi no ano passado, quando trabalhava na cidade de <strong>Para\u00ed,<\/strong> na Serra Ga\u00facha. Uma elei\u00e7\u00e3o suplementar foi convocada e n\u00e3o demorou para eu entender como as coisas funcionam no munic\u00edpio quando o assunto \u00e9 pol\u00edtica. Logo nos primeiros relatos, soube que o filho de um dos candidatos havia sido amea\u00e7ado, com uma arma na boca. A nova elei\u00e7\u00e3o n\u00e3o acalmou os \u00e2nimos e n\u00e3o demorou muito para um novo atentado com armas. Os militantes que trabalhavam para os candidatos se encontraram no centro da cidade, na pra\u00e7a, no meio da tarde, e demonstraram toda a toler\u00e2ncia pol\u00edtica entre eles com duas armas sendo sacadas e tiros atingindo os rivais.<\/p>\n<p>.<\/p>\n<h2><strong>O estado mais politizado do pa\u00eds<\/strong><\/h2>\n<p style=\"text-align: justify;\">Em nenhum desses casos houve morte. <strong>Em todos esses casos, por\u00e9m, escutei relativiza\u00e7\u00e3o. Quase a normaliza\u00e7\u00e3o das a\u00e7\u00f5es criminosas no chamado &#8220;estado mais politizado do pa\u00eds.&#8221;<\/strong> A verdade \u00e9 que o Rio Grande do Sul nunca foi t\u00e3o politizado como se diz, mas sim um lugar repleto de animosidade e \u00f3dio, nem sempre escondidos. \u00c9 justamente devido a este cen\u00e1rio coronelista que a rea\u00e7\u00e3o \u00e0 chegada do ex-presidente n\u00e3o surpreende, faz apenas lamentar que o RS n\u00e3o consiga abandonar velhos e p\u00e9ssimos costumes.<\/p>\n<blockquote>\n<p style=\"text-align: justify;\"><strong>Envoltos na pr\u00f3pria arrog\u00e2ncia, os ga\u00fachos passaram anos negando a realidade, sem conseguir olhar para si e admitir as artimanhas de poderosos para manter sua for\u00e7a pol\u00edtica<\/strong><\/p>\n<\/blockquote>\n<p style=\"text-align: justify;\">N\u00f3s poder\u00edamos aproveitar este momento para olhar para a sociedade ga\u00facha e perceber como este hist\u00f3rico modelo pol\u00edtico tem nos levado ao atraso e tem grande influ\u00eancia nos problemas do estado. Mas isso n\u00e3o vai acontecer. Infelizmente, por tudo que se viu at\u00e9 agora, n\u00e3o ser\u00e1 esta a chaga utilizada para expurgar velhas pr\u00e1ticas, muito pelo contr\u00e1rio.<\/p>\n<p style=\"text-align: justify;\">At\u00e9 aqui vimos um Poder Judici\u00e1rio que se calou diante dos atos de viol\u00eancia cometidos contra os manifestantes pr\u00f3-Lula. O Minist\u00e9rio P\u00fablico, t\u00e3o afoito para fiscalizar torcidas organizadas (mesmo em outros pa\u00edses), parece achar natural que um grupo armado distribua <em>\u201crelha\u00e7os\u201d <\/em>naqueles dos quais discordam.<\/p>\n<p style=\"text-align: justify;\">Os pol\u00edticos intimamente vinculados ao agroneg\u00f3cio fizeram quest\u00e3o \u00a0de justificar e aplaudir as agress\u00f5es. Inclusive o deputado federal Jeronimo Goergoen (PP), que tem se empenhado para votar e aprovar o projeto que torna as a\u00e7\u00f5es do MST e do MTST em terroristas. Semanas atr\u00e1s, o parlamentar mostrou toda a indigna\u00e7\u00e3o com o fato de os grupos bloquearem estradas e queimarem pneus, o que ele chama de \u201catitudes criminosas\u201d. Curiosamente, o deputado parece ter mudado de ideia quando questionado sobre o comportamento dos contr\u00e1rios a Lula, que fizeram exatamente a mesma coisa durante a passagem do ex-presidente. De acordo com Goergen, o petista apenas recebeu o troco pelo que \u201cprovocou\u201d. Postura semelhante teve a colega de partido de Goergen, a senador Ana Am\u00e9lia Lemos, que em um evento interno do partido parabenizou os homens que &#8220;colocaram para correr&#8221; os defensores do petista.<\/p>\n<blockquote>\n<p style=\"text-align: justify;\"><strong>Pelo visto, os dois mandaram \u00e0s favas o respeito \u00e0s institui\u00e7\u00f5es democr\u00e1ticas e ao debate civilizado, tudo para n\u00e3o desagradar seus potenciais eleitores<\/strong><\/p>\n<\/blockquote>\n<p style=\"text-align: justify;\">A postura c\u00ednica de pol\u00edticos, seja de qual espectro for, n\u00e3o \u00e9 nenhuma novidade, afinal, o cinismo e a pol\u00edtica andam umbilicalmente ligados. Por\u00e9m, espera-se sempre o m\u00ednimo de dec\u00eancia de quem est\u00e1 no poder, um pingo de respeito aos seres humanos que militam em lados opostos e, principalmente, pelo regime pelo qual foram eleitos. Entretanto, os <em>\u201cprogressistas\u201d <\/em>preferiram imitar a irresponsabilidade de um pr\u00e9-candidato \u00e0 presid\u00eancia, aquele que desrespeita a democracia elogiando torturadores do regime militar.<\/p>\n<p style=\"text-align: justify;\">Enquanto isso, o Rio Grande do Sul se coloca na vanguarda do atraso e segue orgulhoso de fa\u00e7anhas nem um pouco nobres. <strong>Mais uma vez, as fa\u00e7anhas de nossa terra s\u00e3o um modelo apodrecido e lament\u00e1vel, e podemos ver os pol\u00edticos deste estado apoiando um per\u00edodo tenebroso que est\u00e1 por vir.<\/strong><\/p>\n<p>&nbsp;<\/p>\n<p><em>Foto:\u00a0Paula Fiori \/ Palacio Piratini<\/em><\/p>\n","protected":false},"excerpt":{"rendered":"<p>Por Eduardo Amaral, jornalista Cresceu nas \u00faltimas semanas o orgulho ga\u00facho pela trucul\u00eancia. Tudo porque um grupo de velhos coron\u00e9is [&hellip;]<\/p>\n","protected":false},"author":19,"featured_media":3996,"comment_status":"open","ping_status":"open","sticky":false,"template":"","format":"standard","meta":{"_acf_changed":false,"footnotes":""},"categories":[375],"tags":[1162,1160,595,109,228,221,1161,295],"class_list":["post-3994","post","type-post","status-publish","format-standard","has-post-thumbnail","hentry","category-vos-ativa","tag-armas","tag-caravana","tag-democracia","tag-lula","tag-politica","tag-rio-grande-do-sul","tag-sul","tag-violencia"],"acf":[],"_links":{"self":[{"href":"https:\/\/vos.homolog.arsnova.work\/index.php?rest_route=\/wp\/v2\/posts\/3994","targetHints":{"allow":["GET"]}}],"collection":[{"href":"https:\/\/vos.homolog.arsnova.work\/index.php?rest_route=\/wp\/v2\/posts"}],"about":[{"href":"https:\/\/vos.homolog.arsnova.work\/index.php?rest_route=\/wp\/v2\/types\/post"}],"author":[{"embeddable":true,"href":"https:\/\/vos.homolog.arsnova.work\/index.php?rest_route=\/wp\/v2\/users\/19"}],"replies":[{"embeddable":true,"href":"https:\/\/vos.homolog.arsnova.work\/index.php?rest_route=%2Fwp%2Fv2%2Fcomments&post=3994"}],"version-history":[{"count":0,"href":"https:\/\/vos.homolog.arsnova.work\/index.php?rest_route=\/wp\/v2\/posts\/3994\/revisions"}],"wp:featuredmedia":[{"embeddable":true,"href":"https:\/\/vos.homolog.arsnova.work\/index.php?rest_route=\/wp\/v2\/media\/3996"}],"wp:attachment":[{"href":"https:\/\/vos.homolog.arsnova.work\/index.php?rest_route=%2Fwp%2Fv2%2Fmedia&parent=3994"}],"wp:term":[{"taxonomy":"category","embeddable":true,"href":"https:\/\/vos.homolog.arsnova.work\/index.php?rest_route=%2Fwp%2Fv2%2Fcategories&post=3994"},{"taxonomy":"post_tag","embeddable":true,"href":"https:\/\/vos.homolog.arsnova.work\/index.php?rest_route=%2Fwp%2Fv2%2Ftags&post=3994"}],"curies":[{"name":"wp","href":"https:\/\/api.w.org\/{rel}","templated":true}]}}