{"id":3974,"date":"2018-03-28T15:01:30","date_gmt":"2018-03-28T18:01:30","guid":{"rendered":"https:\/\/vos.homolog.arsnova.work\/?p=3974"},"modified":"2018-03-28T16:10:29","modified_gmt":"2018-03-28T19:10:29","slug":"do-relho-ja-chegamos-nos-tiros-e-a-tendencia-e-descer-ainda-mais","status":"publish","type":"post","link":"https:\/\/vos.homolog.arsnova.work\/?p=3974","title":{"rendered":"Do relho, j\u00e1 chegamos nos tiros &#8211; e a tend\u00eancia \u00e9 descer ainda mais"},"content":{"rendered":"<p style=\"text-align: justify;\">Meter tiros em \u00f4nibus no meio da estrada n\u00e3o \u00e9 uma quest\u00e3o de debate pol\u00edtico: \u00e9 um caso de pol\u00edcia. \u00c9 coisa de jagun\u00e7os, de coron\u00e9is do interior, de bandidos. Atirar contra um dos \u00f4nibus da comitiva de Lula na Regi\u00e3o Sul constitui um atentado, e os envolvidos precisam ir, todos, para a cadeia. <strong>Nenhuma diferen\u00e7a faz se Lula est\u00e1 condenado em segunda inst\u00e2ncia: dar tiros em ve\u00edculo transportando um condenado \u00e9 crime do mesmo jeito.<\/strong>\u00a0J\u00e1 \u00edamos mal com apedrejamentos, bloqueios para evitar que a comitiva entrasse em munic\u00edpios, amea\u00e7as a jornalistas, agress\u00f5es e tudo mais. Com os bala\u00e7os, descemos ao n\u00edvel da imund\u00edcie e da inf\u00e2mia. Relativizar isso &#8211; ou as graves amea\u00e7as contra o ministro Edson Fachin, para citar outro exemplo &#8211; \u00e9 ser tosco e est\u00fapido, \u00e9 perder completamente a civilidade. \u00c9 colocar-se, intelectualmente falando, abaixo dos animais de fazenda.<\/p>\n<p>&nbsp;<\/p>\n<blockquote>\n<p style=\"text-align: justify;\"><strong>Mas esse crime, embora crime seja antes de tudo, tem um elemento pol\u00edtico indiscut\u00edvel. Demonstra, de forma escancarada, como nosso ambiente democr\u00e1tico degradou-se ao ponto da intoler\u00e2ncia xucra e bestial. E deixa claro, em diferentes \u00e2ngulos, que o fair play pol\u00edtico j\u00e1 era no Brasil, com consequ\u00eancias nefastas que rec\u00e9m estamos come\u00e7ando a vivenciar<\/strong><\/p>\n<\/blockquote>\n<p>&nbsp;<\/p>\n<p style=\"text-align: justify;\">Para que a pol\u00edtica institucional funcione, \u00e9 preciso que certas regras sejam levadas a s\u00e9rio. Nunca ser\u00e1 um jogo limpo, e interesses poderosos sempre estar\u00e3o influenciando todos os movimentos: isso \u00e9 not\u00f3rio, e n\u00e3o \u00e9 a esse aspecto que me refiro. Mas \u00e9 preciso, no m\u00ednimo, acreditar que o jogo vai ser limpo. Alguns freios comuns precisam existir, sen\u00e3o n\u00e3o existe jogo, nem tabuleiro, nem nada.<\/p>\n<p>&nbsp;<\/p>\n<blockquote>\n<p style=\"text-align: justify;\"><strong>Esse acordo de cavalheiros n\u00e3o existe mais. J\u00e1 vinha deteriorando desde bem antes do impeachment de Dilma Rousseff, mas desde que ele se tornou realidade &#8211; e n\u00e3o pelo impedimento em si, mas pelo modo como foi conduzido &#8211; o processo acelerou de forma desoladora<\/strong><\/p>\n<\/blockquote>\n<p style=\"text-align: justify;\">Quando o lado que perde a elei\u00e7\u00e3o n\u00e3o reconhece que deve ser oposi\u00e7\u00e3o, um equil\u00edbrio fundamental se desfaz. <strong>Basta lembrar dos pedidos de recontagem de votos, feitos pela candidatura de A\u00e9cio Neves logo ap\u00f3s o segundo turno da elei\u00e7\u00e3o (e sem nenhum fiapo de suspeita concreta, vale lembrar) para perceber que o resultado da urna nunca foi aceito e que nasce ali, e em nenhum outro ponto, a ideia de tirar Dilma da presid\u00eancia.<\/strong> Ou algu\u00e9m dir\u00e1 que a den\u00fancia veio antes da vontade de encontr\u00e1-la, algu\u00e9m ter\u00e1 esquecido como se tateou, de acusa\u00e7\u00e3o em acusa\u00e7\u00e3o, at\u00e9 encontrar uma que tivesse o m\u00ednimo de solidez? Some-se essa recusa em aceitar a derrota a um temor coletivo da classe pol\u00edtica acossada pela Lava-Jato e surge um cen\u00e1rio onde cavalheiros atrai\u00e7oam uns aos outros e o tabuleiro \u00e9 chutado para longe, sem cerim\u00f4nia.<\/p>\n<p style=\"text-align: justify;\">Aponto essas coisas n\u00e3o para lamentar a sa\u00edda da ex-presidente em si, mas para frisar a gravidade do abalo que o processo atabalhoado de sua derrubada acabou gerando. Do ponto de vista estritamente institucional, foi um desastre.<\/p>\n<p>&nbsp;<\/p>\n<blockquote>\n<p style=\"text-align: justify;\"><strong>Em um cen\u00e1rio que j\u00e1 era de acirramento, o impeachment liberou o dedo no olho, a cusparada na cara. Uma situa\u00e7\u00e3o explosiva, ainda mais grave na medida em que o \u00f3dio foi transformado, de forma doentia e irrespons\u00e1vel, em arma pol\u00edtica.<\/strong><\/p>\n<\/blockquote>\n<p>&nbsp;<\/p>\n<p style=\"text-align: justify;\">Quando a senadora Ana Am\u00e9lia Lemos, de modo chocante e irrespons\u00e1vel, parabenizou atos de pura viol\u00eancia contra a caravana de Lula (que depois, frisemos, ela tratou de minimizar como &#8220;for\u00e7a de express\u00e3o&#8221;), ela reproduziu, em termos pr\u00f3prios, essa sensa\u00e7\u00e3o de que o dedo no olho est\u00e1 liberado. Quando, anteriormente, a senadora Gleisi Hoffmann disse que haveria &#8220;muitas mortes&#8221; caso prendessem Lula, tamb\u00e9m amplificava esse sentimento. Se o golpe de relho for nas paletas dos opositores pol\u00edticos, tudo bem; se prenderem um dos meus, n\u00e3o se surpreendam se tiver sangue. Isso para n\u00e3o mencionar o governador paulista e presidenci\u00e1vel Geraldo Alckmin, que achou por bem dizer que o PT e Lula &#8220;colhem o que plantaram&#8221; quando levam tiros na estrada. Uma fala desastrosa, pois nenhum posicionamento civilizado sobre uma tentativa de homic\u00eddio pode come\u00e7ar por qualquer outro ponto que n\u00e3o seja a condena\u00e7\u00e3o imediata, enf\u00e1tica e sem ressalvas de semelhante absurdo.<\/p>\n<p style=\"text-align: justify;\">S\u00e3o falas e a\u00e7\u00f5es que, vindas do ambiente pol\u00edtico, s\u00e3o profundamente preocupantes, simplesmente porque legitimam o \u00f3dio e a deslealdade contra o opositor pol\u00edtico. <strong>Quando todas as institui\u00e7\u00f5es fraquejam e os l\u00edderes pol\u00edticos n\u00e3o se constrangem com a inf\u00e2mia, o que se pode esperar de quem pouco ou nada entende de pol\u00edtica, pouca ou nenhuma base intelectual tem para interpretar e enfrentar semelhante caos? Quando at\u00e9 os nossos maiores representantes dizem que o jogo institucional n\u00e3o vale nada, como se pode esperar que os mais xucros entre n\u00f3s respeitem suas regras?<\/strong> Resta a n\u00f3s um mergulho nessa piscina de pesadelo, onde uma vereadora \u00e9 metralhada e hordas se dedicam a caluniar seu cad\u00e1ver, onde metem tiros em um \u00f4nibus que carrega ex-presidente e se diz que \u00e9 bem feito, onde a fam\u00edlia de um ministro do STF \u00e9 amea\u00e7ada de morte e h\u00e1 quem d\u00ea risada.<\/p>\n<p>.<\/p>\n<h2 style=\"text-align: center;\"><strong>Do relho, j\u00e1 chegamos no tiro &#8211; e agora, <\/strong><\/h2>\n<h2 style=\"text-align: center;\"><strong>qu\u00e3o mais baixo podemos afundar?<\/strong><\/h2>\n<p style=\"text-align: justify;\">.<\/p>\n<p style=\"text-align: justify;\">H\u00e1 muitos, muitos outros aspectos que se poderia analisar no grav\u00edssimo momento que vivemos. Por enquanto, fico nesse. Quem poderia dizer para baixarmos a bola est\u00e1 encorajando o carrinho desleal. N\u00e3o h\u00e1 perspectiva positiva, menos ainda com a decis\u00e3o sobre a pris\u00e3o de Lula batendo \u00e0 porta. A viol\u00eancia virou argumento, tanto nas redes sociais quanto nos palanques, e nos resta esperar que os incitadores da pancadaria respondam, em algum momento, por sua irresponsabilidade.<\/p>\n<p style=\"text-align: justify;\"><em>Foto:\u00a0 MST Brasil \/ Divulga\u00e7\u00e3o<\/em><\/p>\n","protected":false},"excerpt":{"rendered":"<p>Meter tiros em \u00f4nibus no meio da estrada n\u00e3o \u00e9 uma quest\u00e3o de debate pol\u00edtico: \u00e9 um caso de pol\u00edcia. [&hellip;]<\/p>\n","protected":false},"author":14,"featured_media":3975,"comment_status":"open","ping_status":"open","sticky":false,"template":"","format":"standard","meta":{"_acf_changed":false,"footnotes":""},"categories":[20],"tags":[530,464,109,787,295],"class_list":["post-3974","post","type-post","status-publish","format-standard","has-post-thumbnail","hentry","category-igor-natusch","tag-crise-politica","tag-eleicoes-2018","tag-lula","tag-odio","tag-violencia"],"acf":[],"_links":{"self":[{"href":"https:\/\/vos.homolog.arsnova.work\/index.php?rest_route=\/wp\/v2\/posts\/3974","targetHints":{"allow":["GET"]}}],"collection":[{"href":"https:\/\/vos.homolog.arsnova.work\/index.php?rest_route=\/wp\/v2\/posts"}],"about":[{"href":"https:\/\/vos.homolog.arsnova.work\/index.php?rest_route=\/wp\/v2\/types\/post"}],"author":[{"embeddable":true,"href":"https:\/\/vos.homolog.arsnova.work\/index.php?rest_route=\/wp\/v2\/users\/14"}],"replies":[{"embeddable":true,"href":"https:\/\/vos.homolog.arsnova.work\/index.php?rest_route=%2Fwp%2Fv2%2Fcomments&post=3974"}],"version-history":[{"count":0,"href":"https:\/\/vos.homolog.arsnova.work\/index.php?rest_route=\/wp\/v2\/posts\/3974\/revisions"}],"wp:featuredmedia":[{"embeddable":true,"href":"https:\/\/vos.homolog.arsnova.work\/index.php?rest_route=\/wp\/v2\/media\/3975"}],"wp:attachment":[{"href":"https:\/\/vos.homolog.arsnova.work\/index.php?rest_route=%2Fwp%2Fv2%2Fmedia&parent=3974"}],"wp:term":[{"taxonomy":"category","embeddable":true,"href":"https:\/\/vos.homolog.arsnova.work\/index.php?rest_route=%2Fwp%2Fv2%2Fcategories&post=3974"},{"taxonomy":"post_tag","embeddable":true,"href":"https:\/\/vos.homolog.arsnova.work\/index.php?rest_route=%2Fwp%2Fv2%2Ftags&post=3974"}],"curies":[{"name":"wp","href":"https:\/\/api.w.org\/{rel}","templated":true}]}}