{"id":3957,"date":"2018-03-26T11:07:05","date_gmt":"2018-03-26T14:07:05","guid":{"rendered":"https:\/\/vos.homolog.arsnova.work\/?p=3957"},"modified":"2018-03-26T11:26:12","modified_gmt":"2018-03-26T14:26:12","slug":"a-vida-imita-a-vida","status":"publish","type":"post","link":"https:\/\/vos.homolog.arsnova.work\/?p=3957","title":{"rendered":"A vida imita a vida"},"content":{"rendered":"<p style=\"text-align: justify;\">Tal qual o jornalismo, mas em propor\u00e7\u00f5es um pouco diferentes, a produ\u00e7\u00e3o de v\u00eddeo nos coloca em contato com realidades e culturas distintas. A gente aprende quase sempre. E, algumas vezes, olhando de fora, percebe coisas que chocam pela incapacidade das pessoas juntarem A e B. Por que estou falando isso? Bom, a introdu\u00e7\u00e3o \u00e9 um pouco gen\u00e9rica, mas \u00e9 importante para falar de uma situa\u00e7\u00e3o muito espec\u00edfica.\u00a0H\u00e1 uns meses, produzimos um trabalho na \u00e1rea de sa\u00fade de abrang\u00eancia nacional, o que nos levou a algumas viagens. Nessa ocasi\u00e3o, vivi os dois extremos.<\/p>\n<blockquote>\n<h2 style=\"text-align: center;\"><strong>Em Santar\u00e9m (PA), me encantei e pude perceber a beleza e simplicidade de um povo que vive, depende e valoriza o rio<\/strong><\/h2>\n<\/blockquote>\n<p style=\"text-align: justify;\">Por outro lado, estive em Goi\u00e2nia. Por essas quest\u00f5es de hor\u00e1rios de voo, acabei com um dia livre na cidade logo ao chegar. Na recep\u00e7\u00e3o do hotel, ao perguntar de programa\u00e7\u00f5es para se fazer na cidade, me surpreendi com a exist\u00eancia de um complexo arquitet\u00f4nico e cultural \u00edmpar: o <strong>Centro Cultural Oscar Niemeyer.<\/strong> \u00c9 pra l\u00e1 que vou, claro! Papo de Uber, pra saber mais a respeito, o motorista n\u00e3o tinha certeza de qual era a entrada do complexo e tudo o que sabia \u00e9 que o pessoal se juntava no estacionamento para andar de skate.<\/p>\n<blockquote>\n<h2 style=\"text-align: center;\"><strong>O que ele n\u00e3o sabia, e nem a recepcionista do hotel, e que s\u00f3 descobrimos ao chegar l\u00e1 \u00e9 que o complexo estava fechado e permaneceria assim por meses<\/strong><\/h2>\n<\/blockquote>\n<p style=\"text-align: justify;\">Frustrado, pego outro Uber para voltar. Vamos em busca de outra programa\u00e7\u00e3o, mas tudo o que consigo dele e de outros funcion\u00e1rios do hotel \u00e9 saber que h\u00e1 dois shoppings na cidade com \u201cboas\u201d atra\u00e7\u00f5es (al\u00e9m do ar-condicionado no calor absurdo): um deles oferece pista de kart para correr, e o outro, batalha com armas laser. O orgulho das pessoas e o n\u00edvel de informa\u00e7\u00e3o a respeito, em compara\u00e7\u00e3o ao caso do Centro Cultural, me impressiona. Volto pro hotel, almo\u00e7o e vou dormir.<\/p>\n<p style=\"text-align: justify;\">No dia seguinte, partimos, eu e o Baiano \u2013 Diretor de Fotografia do trabalho \u2013 para gravar na UTI do SUS no hospital da cidade. L\u00e1, internado em coma, um jovem de 19 anos v\u00edtima de um tiro na cabe\u00e7a. Estava andando de moto quando foi fechado por um carro. Encostou ao lado no sem\u00e1foro e bateu na lataria para chamar a aten\u00e7\u00e3o.<\/p>\n<blockquote>\n<h2 style=\"text-align: center;\"><strong>Arrancou ao abrir o sinal e foi baleado por tr\u00e1s, pelo motorista do carro<\/strong><\/h2>\n<\/blockquote>\n<p style=\"text-align: justify;\">Eu dormi na minha tarde livre, por falta de programas culturais para fazer na cidade. As crian\u00e7as, jovens e adolescentes de l\u00e1, por outro lado, passaram a tarde apostando corridas motorizadas e atirando uns nos outros por divers\u00e3o. <strong>A vida imita a vida, mas as pessoas parecem n\u00e3o acordar para essa obviedade.<\/strong><\/p>\n<p style=\"text-align: justify;\">Foto: Santar\u00e9m, Par\u00e1 \/ \u00a0Gustavo Mittelmann<\/p>\n","protected":false},"excerpt":{"rendered":"<p>Tal qual o jornalismo, mas em propor\u00e7\u00f5es um pouco diferentes, a produ\u00e7\u00e3o de v\u00eddeo nos coloca em contato com realidades [&hellip;]<\/p>\n","protected":false},"author":12,"featured_media":3958,"comment_status":"open","ping_status":"open","sticky":false,"template":"","format":"standard","meta":{"_acf_changed":false,"footnotes":""},"categories":[18],"tags":[1152,387,179,1151,1153],"class_list":["post-3957","post","type-post","status-publish","format-standard","has-post-thumbnail","hentry","category-catraqueanas","tag-audiovisual","tag-cultura","tag-jornalismo","tag-producao","tag-vida"],"acf":[],"_links":{"self":[{"href":"https:\/\/vos.homolog.arsnova.work\/index.php?rest_route=\/wp\/v2\/posts\/3957","targetHints":{"allow":["GET"]}}],"collection":[{"href":"https:\/\/vos.homolog.arsnova.work\/index.php?rest_route=\/wp\/v2\/posts"}],"about":[{"href":"https:\/\/vos.homolog.arsnova.work\/index.php?rest_route=\/wp\/v2\/types\/post"}],"author":[{"embeddable":true,"href":"https:\/\/vos.homolog.arsnova.work\/index.php?rest_route=\/wp\/v2\/users\/12"}],"replies":[{"embeddable":true,"href":"https:\/\/vos.homolog.arsnova.work\/index.php?rest_route=%2Fwp%2Fv2%2Fcomments&post=3957"}],"version-history":[{"count":0,"href":"https:\/\/vos.homolog.arsnova.work\/index.php?rest_route=\/wp\/v2\/posts\/3957\/revisions"}],"wp:featuredmedia":[{"embeddable":true,"href":"https:\/\/vos.homolog.arsnova.work\/index.php?rest_route=\/wp\/v2\/media\/3958"}],"wp:attachment":[{"href":"https:\/\/vos.homolog.arsnova.work\/index.php?rest_route=%2Fwp%2Fv2%2Fmedia&parent=3957"}],"wp:term":[{"taxonomy":"category","embeddable":true,"href":"https:\/\/vos.homolog.arsnova.work\/index.php?rest_route=%2Fwp%2Fv2%2Fcategories&post=3957"},{"taxonomy":"post_tag","embeddable":true,"href":"https:\/\/vos.homolog.arsnova.work\/index.php?rest_route=%2Fwp%2Fv2%2Ftags&post=3957"}],"curies":[{"name":"wp","href":"https:\/\/api.w.org\/{rel}","templated":true}]}}