{"id":3700,"date":"2018-03-08T13:55:09","date_gmt":"2018-03-08T16:55:09","guid":{"rendered":"https:\/\/vos.homolog.arsnova.work\/?p=3700"},"modified":"2020-03-05T18:48:45","modified_gmt":"2020-03-05T21:48:45","slug":"guardem-as-flores-meninos-estejam-ao-nosso-lado","status":"publish","type":"post","link":"https:\/\/vos.homolog.arsnova.work\/?p=3700","title":{"rendered":"Guardem as flores, meninos \u2013 estejam ao nosso lado"},"content":{"rendered":"<p style=\"text-align: justify;\">Dia 8 de mar\u00e7o \u00e9 um dia poderoso e um tanto curioso. Mulheres s\u00e3o mimadas, paparicadas. Recebemos flores, um carinho aqui e acol\u00e1, um chocolatinho no restaurante, um abra\u00e7o dos colegas de trabalho, mensagenzinhas pr\u00e9-fabricadas e poeminhas med\u00edocres espalham-se pelo Facebook. Obrigada. \u00c9 gentil. Mas parem, n\u00e3o tem mais gra\u00e7a.<\/p>\n<p style=\"text-align: justify;\">N\u00e3o, n\u00e3o estou mal-humorada, apenas cansada. Exausta, eu diria. O Dia Internacional da Mulher n\u00e3o \u00e9 uma data para celebrar nossa sensibilidade, nosso cuidado, nosso amor inato; n\u00e3o \u00e9 uma data para celebrar nossa beleza, nossa vaidade, nossa feminilidade; n\u00e3o \u00e9 uma data para agradecer a quem cuida da casa, dos filhos, da lou\u00e7a, da roupa, das plantas.<\/p>\n<p style=\"text-align: justify;\">A ideia de um Dia da Mulher surgiu entre o final do s\u00e9culo 19 e in\u00edcio do s\u00e9culo 20, entre movimentos socialistas e oper\u00e1rios, justamente no contexto das <strong>lutas femininas por melhores condi\u00e7\u00f5es de vida e trabalho e pelo direito ao voto.<\/strong> Em 1975, o 8 de mar\u00e7o foi adotado como Dia Internacional da Mulher pelas Na\u00e7\u00f5es Unidos com o objetivo de celebrar conquistas sociais, pol\u00edticas e econ\u00f4micas. Mas principalmente para lembrar o quanto ainda precisamos lutar. E aqui estamos n\u00f3s, em 2018 e dadas as devidas propor\u00e7\u00f5es, lutando por melhores condi\u00e7\u00f5es de vida e trabalho.<\/p>\n<p style=\"text-align: justify;\">.<\/p>\n<blockquote>\n<h2 style=\"text-align: center;\"><strong>Por isso, meninos, guardem as flores por hoje e estejam ao nosso lado<\/strong><\/h2>\n<\/blockquote>\n<p style=\"text-align: justify;\">.<\/p>\n<p style=\"text-align: justify;\">Homens e mulheres s\u00e3o diferentes, sim, mas possuem as mesmas capacidades e habilidades. Homens n\u00e3o s\u00e3o superiores. Mulheres n\u00e3o s\u00e3o superiores. <strong>Homens e mulheres s\u00e3o equivalentes e precisam ser tratados como tal.<\/strong> O <a href=\"https:\/\/vos.homolog.arsnova.work\/alguma-coisa-esta-fora-da-ordem\/feminismo-versus-machismo\/\" target=\"_blank\" rel=\"noopener\">feminismo<\/a> busca isso e tem espa\u00e7o para todos os g\u00eaneros nesse movimento que, mesmo m\u00faltiplo e com muitas vertentes, luta por justi\u00e7a e igualdade. E unidade \u00e9 particularmente importante em um mundo em que as pessoas acreditam que ser feminista \u00e9 sin\u00f4nimo de recalque.<\/p>\n<p style=\"text-align: justify;\">.<\/p>\n<blockquote>\n<h2 style=\"text-align: center;\"><strong>\u201cFeminismo \u00e9 discurso de mulher macho recalcada, que fica se fazendo de v\u00edtima. Mulher tem as mesmas oportunidades que os homens e essas feministas ficam querendo botar as mulheres contra os homens\u201d, dizia um coment\u00e1rio infame na nossa rede social favorita<\/strong><\/h2>\n<\/blockquote>\n<p style=\"text-align: justify;\">.<\/p>\n<h3 style=\"text-align: justify;\"><strong>Vamos aos fatos<\/strong><\/h3>\n<p style=\"text-align: justify;\">Dados do <a href=\"https:\/\/www.weforum.org\" target=\"_blank\" rel=\"noopener\">F\u00f3rum Econ\u00f4mico Mundial<\/a> indicam que, no ritmo atual, precisar\u00e1 de um s\u00e9culo para acabar com a disparidade entre homens e mulheres. <strong>Levar\u00e1 cem anos para que alcan\u00e7ar a igualdade de g\u00eanero tanto nas tarefas dom\u00e9sticas quanto no trabalho ou pol\u00edtica.<\/strong> Precisa de mais motivos?<\/p>\n<p style=\"text-align: justify;\"><strong>No Brasil, dados do Instituto Brasileiro de Geografia e Estat\u00edstica (IBGE) mostram que as mulheres tem n\u00edvel de escolaridade mais alto, mesmo assim, recebem sal\u00e1rios menores.<\/strong> Em m\u00e9dia, 76,5% do sal\u00e1rio dos homens. Ainda n\u00e3o se convenceu?<\/p>\n<p style=\"text-align: justify;\">A cada dez minutos uma mulher \u00e9 assassinada pelo parceiro (ou ex) no mundo. <strong>No Brasil, uma mulher \u00e9 assassinada a cada duas horas apenas por ser mulher.<\/strong><\/p>\n<p style=\"text-align: justify;\">Ent\u00e3o n\u00e3o, n\u00e3o estou mal-humorada, apenas cansada. Exausta, eu diria. O Dia Internacional da Mulher n\u00e3o \u00e9 uma data para celebrar futilidades, \u00e9 um dia para lembrar de todas as mulheres que sobreviveram \u00e0 invisibilidade e foram rebeldes e desobedientes o suficiente para mostrar ao mundo que n\u00f3s podemos fazer qualquer coisa. Porque n\u00f3s podemos.<\/p>\n<p>&nbsp;<\/p>\n<p>Foto: Pixabay<\/p>\n","protected":false},"excerpt":{"rendered":"<p>Dia 8 de mar\u00e7o \u00e9 um dia poderoso e um tanto curioso. Mulheres s\u00e3o mimadas, paparicadas. Recebemos flores, um carinho [&hellip;]<\/p>\n","protected":false},"author":3,"featured_media":3701,"comment_status":"open","ping_status":"open","sticky":false,"template":"","format":"standard","meta":{"_acf_changed":false,"footnotes":""},"categories":[22],"tags":[317,316,284,1130,1129,1131],"class_list":["post-3700","post","type-post","status-publish","format-standard","has-post-thumbnail","hentry","category-georgia-santos","tag-dia-da-mulher","tag-dia-internacional-da-mulher","tag-feminismo","tag-feminista","tag-homens-day","tag-igualdade-de-genero"],"acf":[],"_links":{"self":[{"href":"https:\/\/vos.homolog.arsnova.work\/index.php?rest_route=\/wp\/v2\/posts\/3700","targetHints":{"allow":["GET"]}}],"collection":[{"href":"https:\/\/vos.homolog.arsnova.work\/index.php?rest_route=\/wp\/v2\/posts"}],"about":[{"href":"https:\/\/vos.homolog.arsnova.work\/index.php?rest_route=\/wp\/v2\/types\/post"}],"author":[{"embeddable":true,"href":"https:\/\/vos.homolog.arsnova.work\/index.php?rest_route=\/wp\/v2\/users\/3"}],"replies":[{"embeddable":true,"href":"https:\/\/vos.homolog.arsnova.work\/index.php?rest_route=%2Fwp%2Fv2%2Fcomments&post=3700"}],"version-history":[{"count":0,"href":"https:\/\/vos.homolog.arsnova.work\/index.php?rest_route=\/wp\/v2\/posts\/3700\/revisions"}],"wp:featuredmedia":[{"embeddable":true,"href":"https:\/\/vos.homolog.arsnova.work\/index.php?rest_route=\/wp\/v2\/media\/3701"}],"wp:attachment":[{"href":"https:\/\/vos.homolog.arsnova.work\/index.php?rest_route=%2Fwp%2Fv2%2Fmedia&parent=3700"}],"wp:term":[{"taxonomy":"category","embeddable":true,"href":"https:\/\/vos.homolog.arsnova.work\/index.php?rest_route=%2Fwp%2Fv2%2Fcategories&post=3700"},{"taxonomy":"post_tag","embeddable":true,"href":"https:\/\/vos.homolog.arsnova.work\/index.php?rest_route=%2Fwp%2Fv2%2Ftags&post=3700"}],"curies":[{"name":"wp","href":"https:\/\/api.w.org\/{rel}","templated":true}]}}