{"id":3680,"date":"2018-03-05T18:02:38","date_gmt":"2018-03-05T21:02:38","guid":{"rendered":"https:\/\/vos.homolog.arsnova.work\/?p=3680"},"modified":"2018-03-06T12:10:44","modified_gmt":"2018-03-06T15:10:44","slug":"sobre-pibs-e-polarizacao","status":"publish","type":"post","link":"https:\/\/vos.homolog.arsnova.work\/?p=3680","title":{"rendered":"Sobre PIBs e polariza\u00e7\u00e3o"},"content":{"rendered":"<p style=\"text-align: justify;\"><span style=\"font-weight: 400;\">Como toda tem\u00e1tica &#8211; de Neymar \u00e0 interven\u00e7\u00e3o federal no Rio de Janeiro &#8211; uma grande polariza\u00e7\u00e3o tomou redes sociais, f\u00f3runs mais e menos qualificados e alguns di\u00e1logos na \u00faltima semana, quando foi divulgada a alta de 1% do Produto Interno Bruto, o PIB. <\/span><\/p>\n<p style=\"text-align: justify;\"><span style=\"font-weight: 400;\">.<\/span><\/p>\n<blockquote>\n<h2 style=\"text-align: center;\"><strong>E a l\u00f3gica m\u00e9dia dessas discuss\u00f5es, s\u00f3 para variar, resvalou em an\u00e1lises desprovidas de sentido, percep\u00e7\u00f5es enviesadas e um esfor\u00e7o enorme para desqualificar ou catapultar a relev\u00e2ncia desse n\u00famero<\/strong><\/h2>\n<\/blockquote>\n<p style=\"text-align: justify;\"><span style=\"font-weight: 400;\">. <\/span><span style=\"font-weight: 400;\"><br \/>\n<\/span><span style=\"font-weight: 400;\"><br \/>\n<\/span><span style=\"font-weight: 400;\">Importante citar o contexto desse crescimento: 1% ap\u00f3s uma recess\u00e3o hist\u00f3rica, que alavancou o desemprego, fragilizou a ind\u00fastria e abriu um campo de a\u00e7\u00e3o para reformas que, vestidas com a armadura da urg\u00eancia, atropelaram discuss\u00f5es e consultas p\u00fablicas.<\/span><\/p>\n<figure id=\"attachment_3682\" aria-describedby=\"caption-attachment-3682\" style=\"width: 640px\" class=\"wp-caption aligncenter\"><a href=\"https:\/\/vos.homolog.arsnova.work\/wp-content\/uploads\/2018\/03\/32935515236_9e11d7fead_k.jpg\"><img loading=\"lazy\" decoding=\"async\" class=\"wp-image-3682 size-large\" src=\"https:\/\/vos.homolog.arsnova.work\/wp-content\/uploads\/2018\/03\/32935515236_9e11d7fead_k-1024x684.jpg\" alt=\"\" width=\"640\" height=\"428\" \/><\/a><figcaption id=\"caption-attachment-3682\" class=\"wp-caption-text\">Minist\u00e9rio da Agricultura\/Divulga\u00e7\u00e3o<\/figcaption><\/figure>\n<p style=\"text-align: justify;\"><span style=\"font-weight: 400;\">&#8220;Ah, mas no governo Dilma, quando cresceu 1%, o destaque foi negativo&#8221;, diz o f\u00f3rum alinhado a ex-presidente derrubada em um processo de cunho pol\u00edtico. \u00c9 verdade. Mas tamb\u00e9m \u00e9 verdade que, despida a nossa inoc\u00eancia para entender de onde v\u00eam as fontes de informa\u00e7\u00e3o, que um crescimento de 1 ap\u00f3s um crescimento de 2 \u00e9 diferente de um crescimento de 1 ap\u00f3s uma queda. <\/span><span style=\"font-weight: 400;\"><br \/>\n<\/span><\/p>\n<p style=\"text-align: justify;\"><span style=\"font-weight: 400;\">&#8220;Mas ent\u00e3o, v<\/span><span style=\"font-weight: 400;\">oc\u00ea est\u00e1 defendendo\u2026&#8221; <strong>N\u00e3o. N\u00e3o se trata de um respaldo a euforia de Henrique Meirelles, o poss\u00edvel candidato ins\u00edpido de um governo marcado por rejei\u00e7\u00e3o massiva e cole\u00e7\u00f5es invej\u00e1veis de casos de corrup\u00e7\u00e3o.<\/strong> \u00c9 importante lembrar que o crescimento dessa medida dos bens e servi\u00e7os est\u00e1 ancorado em um desempenho extraordin\u00e1rio do setor agr\u00edcola, especialmente o milho e a soja. <\/span><\/p>\n<p style=\"text-align: justify;\"><span style=\"font-weight: 400;\">N\u00e3o menos importante destacar que uma das medidas para inje\u00e7\u00e3o de f\u00f4lego no poder de compra, a libera\u00e7\u00e3o do saque do FGTS, n\u00e3o poder\u00e1 se repetir em 2018, e que o crescimento de consumo das fam\u00edlias, tamb\u00e9m festejado, tem algum respaldo nessa medida. <\/span><span style=\"font-weight: 400;\"><br \/>\n<\/span><span style=\"font-weight: 400;\"><br \/>\n<\/span><span style=\"font-weight: 400;\">Ali\u00e1s, prop\u00f5e-se perceber que o quarto trimestre de 2017 teve virtual estagna\u00e7\u00e3o da economia e que houve nova queda de investimentos, motor para reativa\u00e7\u00e3o econ\u00f4mica. Soma-se a essa discuss\u00e3o in\u00fameras pesquisas recentes, como a Pesquisa Desigualdade Mundial 2018, de Thomas Piketty, o fato de que a concentra\u00e7\u00e3o de renda est\u00e1 em processo de ascens\u00e3o ou manuten\u00e7\u00e3o, mostrando que esse crescimento n\u00e3o est\u00e1 incidindo de forma direta na distribui\u00e7\u00e3o.<\/span><\/p>\n<p>.<\/p>\n<blockquote>\n<h2 style=\"text-align: center;\"><strong>H\u00e1 ainda quem associe a sustenta\u00e7\u00e3o desse incremento a reformas e mudan\u00e7as estruturais, embora essa discuss\u00e3o n\u00e3o mere\u00e7a ser tratada de forma t\u00e3o ef\u00eamera &#8211; como foi a trabalhista, decidida em meia d\u00fazia de gabinetes em alguns meses<\/strong><\/h2>\n<\/blockquote>\n<p>.<\/p>\n<h3 style=\"text-align: justify;\">Mas esse PIB<\/h3>\n<p style=\"text-align: justify;\"><span style=\"font-weight: 400;\">E a\u00ed? E a\u00ed que \u00e9 \u00f3bvio que ningu\u00e9m est\u00e1 pedindo uma an\u00e1lise dissociada da economia pol\u00edtica, mas n\u00e3o dissociada do bom senso. Claro, como defende Thomas Straubhaar, o PIB j\u00e1 n\u00e3o deveria ser a \u00fanica m\u00e9trica de gera\u00e7\u00e3o de valor, j\u00e1 que n\u00e3o consegue mensurar com precis\u00e3o dados digitais e economia compartilhada. <\/span><\/p>\n<p style=\"text-align: justify;\"><span style=\"font-weight: 400;\">Acrescenta-se a\u00ed que ainda \u00e9 bastante dif\u00edcil dizer qual a base &#8211; se h\u00e1 uma &#8211; para confirma\u00e7\u00e3o ou n\u00e3o da continuidade do crescimento e da diminui\u00e7\u00e3o do desemprego. Mesmo assim, o dado n\u00e3o \u00e9 desprez\u00edvel (nem pass\u00edvel de celebra\u00e7\u00e3o). <\/span><\/p>\n<figure id=\"attachment_3683\" aria-describedby=\"caption-attachment-3683\" style=\"width: 872px\" class=\"wp-caption aligncenter\"><a href=\"https:\/\/vos.homolog.arsnova.work\/wp-content\/uploads\/2018\/03\/show_trabalho.jpg\"><img loading=\"lazy\" decoding=\"async\" class=\"wp-image-3683 size-full\" src=\"https:\/\/vos.homolog.arsnova.work\/wp-content\/uploads\/2018\/03\/show_trabalho.jpg\" alt=\"\" width=\"872\" height=\"547\" \/><\/a><figcaption id=\"caption-attachment-3683\" class=\"wp-caption-text\">Reprodu\u00e7\u00e3o<\/figcaption><\/figure>\n<p style=\"text-align: justify;\"><span style=\"font-weight: 400;\">Quanto \u00e0s manchetes? A\u00ed que n\u00e3o h\u00e1 simplifica\u00e7\u00e3o capaz de sintetizar a complexidade de um contexto econ\u00f4mico, e como tal, \u00e9 ainda mais dif\u00edcil traduzir isso em uma manchete, que ali\u00e1s, j\u00e1 deve ser vista como parte de um contexto maior. <\/span><\/p>\n<p style=\"text-align: justify;\"><span style=\"font-weight: 400;\">H\u00e1, dependendo dos elementos usados e da \u00f3tica do recorte, possibilidade de m\u00faltiplas perspectivas sobre o dado apresentado. Provavelmente, ainda \u00e9 muito cedo para garantir alguma celebra\u00e7\u00e3o, especialmente por um governo com graves problemas de legitimidade, mas antes tarde do que mais tarde para voltar ao patamar de 2011 na economia, o que se atingiu com o famigerado 1%. \u00a0<\/span><span style=\"font-weight: 400;\"><br \/>\n<\/span><\/p>\n","protected":false},"excerpt":{"rendered":"<p>Como toda tem\u00e1tica &#8211; de Neymar \u00e0 interven\u00e7\u00e3o federal no Rio de Janeiro &#8211; uma grande polariza\u00e7\u00e3o tomou redes sociais, [&hellip;]<\/p>\n","protected":false},"author":9,"featured_media":3687,"comment_status":"open","ping_status":"open","sticky":false,"template":"","format":"standard","meta":{"_acf_changed":false,"footnotes":""},"categories":[16],"tags":[800,791,1121,1122],"class_list":["post-3680","post","type-post","status-publish","format-standard","has-post-thumbnail","hentry","category-tercio-saccol","tag-brasil","tag-economia","tag-pib","tag-riqueza"],"acf":[],"_links":{"self":[{"href":"https:\/\/vos.homolog.arsnova.work\/index.php?rest_route=\/wp\/v2\/posts\/3680","targetHints":{"allow":["GET"]}}],"collection":[{"href":"https:\/\/vos.homolog.arsnova.work\/index.php?rest_route=\/wp\/v2\/posts"}],"about":[{"href":"https:\/\/vos.homolog.arsnova.work\/index.php?rest_route=\/wp\/v2\/types\/post"}],"author":[{"embeddable":true,"href":"https:\/\/vos.homolog.arsnova.work\/index.php?rest_route=\/wp\/v2\/users\/9"}],"replies":[{"embeddable":true,"href":"https:\/\/vos.homolog.arsnova.work\/index.php?rest_route=%2Fwp%2Fv2%2Fcomments&post=3680"}],"version-history":[{"count":0,"href":"https:\/\/vos.homolog.arsnova.work\/index.php?rest_route=\/wp\/v2\/posts\/3680\/revisions"}],"wp:featuredmedia":[{"embeddable":true,"href":"https:\/\/vos.homolog.arsnova.work\/index.php?rest_route=\/wp\/v2\/media\/3687"}],"wp:attachment":[{"href":"https:\/\/vos.homolog.arsnova.work\/index.php?rest_route=%2Fwp%2Fv2%2Fmedia&parent=3680"}],"wp:term":[{"taxonomy":"category","embeddable":true,"href":"https:\/\/vos.homolog.arsnova.work\/index.php?rest_route=%2Fwp%2Fv2%2Fcategories&post=3680"},{"taxonomy":"post_tag","embeddable":true,"href":"https:\/\/vos.homolog.arsnova.work\/index.php?rest_route=%2Fwp%2Fv2%2Ftags&post=3680"}],"curies":[{"name":"wp","href":"https:\/\/api.w.org\/{rel}","templated":true}]}}