{"id":3672,"date":"2018-03-02T21:53:08","date_gmt":"2018-03-03T00:53:08","guid":{"rendered":"https:\/\/vos.homolog.arsnova.work\/?p=3672"},"modified":"2018-03-02T22:07:46","modified_gmt":"2018-03-03T01:07:46","slug":"primeiro-dia-de-aula","status":"publish","type":"post","link":"https:\/\/vos.homolog.arsnova.work\/?p=3672","title":{"rendered":"Primeiro dia de aula"},"content":{"rendered":"<blockquote>\n<h2 style=\"text-align: center;\"><strong>M\u00e3os suadas, ansiedade, cadernos novos, mochila organizada. Expectativa a milh\u00e3o!<\/strong><\/h2>\n<h2 style=\"text-align: center;\"><strong>.<\/strong><br \/>\n<strong>Muita novidade, ansiedade, mil coisas pra assimilar!<\/strong><\/h2>\n<\/blockquote>\n<p style=\"text-align: justify;\">.<br \/>\nFalando do meu filho que come\u00e7ou no primeiro ano? N\u00e3o! T\u00f4 falando de mim! Ele foi mega feliz. Ficou t\u00edmido nos dois primeiros minutos e depois me dispensou. Assim, sem mais nem menos. Dispensou mesmo!\u00a0Minha ansiedade dissipou e meu sorriso encontrou o dele. Estamos prontos!<\/p>\n<p style=\"text-align: justify;\">\u00c9poca que d\u00e1 vontade de encontrar os amigos, mais do que nunca. Amigos que est\u00e3o com os filhos come\u00e7ando a escola, que trocaram de escola&#8230; estamos todos no mesmo barco.<\/p>\n<p style=\"text-align: justify;\">T\u00eam os pais que vibram com a chegada do fim das f\u00e9rias. Tem os pais que choram num cantinho achando que ainda \u00e9 cedo para separar do filhote. Tem de tudo. Mas os filhos crescem. E isso \u00e9 para todos!\u00a0Bom in\u00edcio de ano letivo para todos!<\/p>\n","protected":false},"excerpt":{"rendered":"<p>M\u00e3os suadas, ansiedade, cadernos novos, mochila organizada. Expectativa a milh\u00e3o! . Muita novidade, ansiedade, mil coisas pra assimilar! . Falando [&hellip;]<\/p>\n","protected":false},"author":10,"featured_media":3676,"comment_status":"open","ping_status":"open","sticky":false,"template":"","format":"standard","meta":{"_acf_changed":false,"footnotes":""},"categories":[17],"tags":[1118,194,1119,331,192,425,1120],"class_list":["post-3672","post","type-post","status-publish","format-standard","has-post-thumbnail","hentry","category-raquel-grabauska","tag-ano-letivo","tag-criancas","tag-escola","tag-ferias","tag-filhos","tag-maternidade","tag-primeiro-dia-de-aula"],"acf":[],"_links":{"self":[{"href":"https:\/\/vos.homolog.arsnova.work\/index.php?rest_route=\/wp\/v2\/posts\/3672","targetHints":{"allow":["GET"]}}],"collection":[{"href":"https:\/\/vos.homolog.arsnova.work\/index.php?rest_route=\/wp\/v2\/posts"}],"about":[{"href":"https:\/\/vos.homolog.arsnova.work\/index.php?rest_route=\/wp\/v2\/types\/post"}],"author":[{"embeddable":true,"href":"https:\/\/vos.homolog.arsnova.work\/index.php?rest_route=\/wp\/v2\/users\/10"}],"replies":[{"embeddable":true,"href":"https:\/\/vos.homolog.arsnova.work\/index.php?rest_route=%2Fwp%2Fv2%2Fcomments&post=3672"}],"version-history":[{"count":0,"href":"https:\/\/vos.homolog.arsnova.work\/index.php?rest_route=\/wp\/v2\/posts\/3672\/revisions"}],"wp:featuredmedia":[{"embeddable":true,"href":"https:\/\/vos.homolog.arsnova.work\/index.php?rest_route=\/wp\/v2\/media\/3676"}],"wp:attachment":[{"href":"https:\/\/vos.homolog.arsnova.work\/index.php?rest_route=%2Fwp%2Fv2%2Fmedia&parent=3672"}],"wp:term":[{"taxonomy":"category","embeddable":true,"href":"https:\/\/vos.homolog.arsnova.work\/index.php?rest_route=%2Fwp%2Fv2%2Fcategories&post=3672"},{"taxonomy":"post_tag","embeddable":true,"href":"https:\/\/vos.homolog.arsnova.work\/index.php?rest_route=%2Fwp%2Fv2%2Ftags&post=3672"}],"curies":[{"name":"wp","href":"https:\/\/api.w.org\/{rel}","templated":true}]}}