{"id":3651,"date":"2018-02-26T13:33:12","date_gmt":"2018-02-26T16:33:12","guid":{"rendered":"https:\/\/vos.homolog.arsnova.work\/?p=3651"},"modified":"2018-02-27T14:19:27","modified_gmt":"2018-02-27T17:19:27","slug":"entenda-por-que-esporte-e-lugar-de-politica-sim","status":"publish","type":"post","link":"https:\/\/vos.homolog.arsnova.work\/?p=3651","title":{"rendered":"Entenda por que esporte \u00e9 lugar de pol\u00edtica, sim"},"content":{"rendered":"<p style=\"text-align: justify;\"><strong>Tiago Leifert<\/strong> escreveu, em artigo para a revista GQ, que <a href=\"https:\/\/gq.globo.com\/Colunas\/Tiago-Leifert\/noticia\/2018\/02\/evento-esportivo-nao-e-lugar-de-manifestacao-politica.html\" target=\"_blank\" rel=\"noopener\">\u201cEvento esportivo n\u00e3o \u00e9 lugar de manifesta\u00e7\u00e3o pol\u00edtica\u201d<\/a>. Foi profundamente infeliz. Simples assim. Em apenas um texto, o jornalista ignora o significado de pol\u00edtica e cidadania e, ao mesmo tempo, nega a Hist\u00f3ria.<\/p>\n<p style=\"text-align: justify;\">.<\/p>\n<blockquote>\n<h2 style=\"text-align: center;\"><strong>\u201cOlhando por todos os lados, n\u00e3o vejo motivos para politizar o esporte\u201d<\/strong><\/h2>\n<h2 style=\"text-align: center;\"><strong>(Tiago Leifert)<\/strong><\/h2>\n<\/blockquote>\n<p style=\"text-align: justify;\">.<\/p>\n<p style=\"text-align: justify;\">Estas 12 palavras s\u00e3o um resumo justo da ignor\u00e2ncia que o texto inteiro transmite. Imediatamente ap\u00f3s ler, minha mem\u00f3ria foi inundada por imagens que todos j\u00e1 vimos em algum momento de nossas ef\u00eameras e insignificantes exist\u00eancias.<\/p>\n<p style=\"text-align: justify;\"><a href=\"https:\/\/vos.homolog.arsnova.work\/wp-content\/uploads\/2018\/02\/jesse-owens-greatest-olympic-prize.jpg\"><img loading=\"lazy\" decoding=\"async\" class=\"alignnone size-full wp-image-3654\" src=\"https:\/\/vos.homolog.arsnova.work\/wp-content\/uploads\/2018\/02\/jesse-owens-greatest-olympic-prize.jpg\" alt=\"\" width=\"1000\" height=\"750\" \/><\/a><\/p>\n<h6 style=\"text-align: right;\">(Ullstein Bild \/ Getty Images)<\/h6>\n<p style=\"text-align: justify;\">A amizade entre o medalhista ol\u00edmpico Jesse Owens e o alem\u00e3o Luz Long fez cair o queixo de Adolf Hitler. Owens foi o atleta negro que ganhou quatro medalhas de ouro nos Jogos Ol\u00edmpicos de Berlim, em 1936. Luz o abra\u00e7ou diante de milhares de pessoas, entre elas milhares que acreditavam na superioridade dos arianos. Entre elas Adolf Hitler. <strong>Aquele abra\u00e7o foi um ato pol\u00edtico e n\u00e3o teria o mesmo significado se n\u00e3o fosse em um evento esportivo daquela magnitude.<\/strong><\/p>\n<p style=\"text-align: justify;\"><a href=\"https:\/\/vos.homolog.arsnova.work\/wp-content\/uploads\/2018\/02\/433ad8c39665a2ed18f46f9aea17987e.jpg\"><br \/>\n<img loading=\"lazy\" decoding=\"async\" class=\" wp-image-3657 aligncenter\" src=\"https:\/\/vos.homolog.arsnova.work\/wp-content\/uploads\/2018\/02\/433ad8c39665a2ed18f46f9aea17987e.jpg\" alt=\"\" width=\"902\" height=\"673\" \/><\/a><\/p>\n<h6 style=\"text-align: right;\">(Riccardo Gazzaniga \/Arquivo \/ San Francisco Globe)<\/h6>\n<p style=\"text-align: justify;\">Uma das cenas mais emblem\u00e1ticas da hist\u00f3ria da Olimp\u00edada foi protagonizada no M\u00e9xico, em 1968. Tommie Smith e John Carlos, atletas dos 200m rasos que ficaram com as medalhas de ouro e bronze, respectivamente, ergueram os punhos fechados durante a execu\u00e7\u00e3o do hino nacional. O gesto havia sido consagrado pelo movimento dos Panteras Negras, que combatia a discrimina\u00e7\u00e3o racial nos Estados Unidos na d\u00e9cada de 60. Eles foram expulsos daquela edi\u00e7\u00e3o dos jogos, condenados pela imprensa e por parte da popula\u00e7\u00e3o branca americana. Ainda assim, foram e s\u00e3o considerados her\u00f3is na luta pelos direitos civis dos negros norteamericanos. <strong>Aquele gesto foi um ato pol\u00edtico e n\u00e3o teria o mesmo significado se n\u00e3o fosse um evento esportivo daquela magnitude.<\/strong><\/p>\n<p style=\"text-align: justify;\"><a href=\"https:\/\/vos.homolog.arsnova.work\/wp-content\/uploads\/2018\/02\/capa.jpg\"><img loading=\"lazy\" decoding=\"async\" class=\" wp-image-3656 aligncenter\" src=\"https:\/\/vos.homolog.arsnova.work\/wp-content\/uploads\/2018\/02\/capa.jpg\" alt=\"\" width=\"921\" height=\"570\" \/><\/a><\/p>\n<h6 style=\"text-align: right;\"><em>(Arquivo\/Clube dos Cinco)<\/em><\/h6>\n<p style=\"text-align: justify;\">No Brasil, a Democracia Corinthiana revolucionou o futebol em plena Ditadura Militar. Decis\u00f5es importantes eram tomadas por meio do voto igualit\u00e1rio dos membros do clube, inclusive decis\u00f5es sobre a liberdade para expressar opini\u00f5es pol\u00edticas. O movimento foi liderado por S\u00f3crates, Wladimir, Casagrande e Zenon. Entre 1980 e 1984, o clube adotou a autogest\u00e3o, quitou suas d\u00edvidas e ainda deixou U$ 3 milh\u00f5es em caixa. <strong>A Democracia Corinthiana foi um ato pol\u00edtico e n\u00e3o teria o mesmo significado se n\u00e3o fosse parte de um evento esportivo daquela magnitude.<\/strong><\/p>\n<p style=\"text-align: justify;\"><a href=\"https:\/\/vos.homolog.arsnova.work\/wp-content\/uploads\/2018\/02\/1491595554_546896_1491595853_noticia_normal.jpg\"><img loading=\"lazy\" decoding=\"async\" class=\"alignnone size-full wp-image-3652\" src=\"https:\/\/vos.homolog.arsnova.work\/wp-content\/uploads\/2018\/02\/1491595554_546896_1491595853_noticia_normal.jpg\" alt=\"\" width=\"980\" height=\"565\" \/><\/a><\/p>\n<h6 style=\"text-align: right;\"><em>(Divulga\u00e7\u00e3o \/ Libretos)<\/em><\/h6>\n<p style=\"text-align: justify;\">Mais pr\u00f3ximo, quem n\u00e3o lembra da Coligay, do Gr\u00eamio, a primeira torcida formada exclusivamente por homossexuais. Era pura ousadia em plena Ditadura. Em 1977, Volmar Santos fundou a falange que chamava aten\u00e7\u00e3o por dar um grito de liberdade em um meio que, at\u00e9 hoje, \u00e9 extremamente homof\u00f3bico e machista. O jornalista L\u00e9o Gerchmann relatou a hist\u00f3ria desses caras incr\u00edveis no livro<a href=\"http:\/\/www.libretos.com.br\/index.php\/loja-virtual?page=shop.product_details&amp;flypage=flypage.tpl&amp;category_id=49&amp;product_id=155&amp;vmcchk=1\" target=\"_blank\" rel=\"noopener\"> &#8220;Coligay &#8211; Tricolor e de todas as cores&#8221;.<\/a>\u00a0<strong>A Coligay foi um ato pol\u00edtico e n\u00e3o teria o mesmo significado se n\u00e3o fosse parte de um evento esportivo de tamanho magnitude.<\/strong><\/p>\n<p style=\"text-align: justify;\">E estes foram apenas os que lembrei de mem\u00f3ria. Sem falar em <strong>Colin Kaepernik<\/strong>, jogador da NFL que se ajoelhou durante a execu\u00e7\u00e3o do hino dos EUA como forma de protesto pela forma como os negros s\u00e3o perseguidos e mortos pela pol\u00edcia do pa\u00eds. O jornalista acha que foi um erro, porque o atleta est\u00e1 desempregado. Pelo menos a revista para a qual ele escreve n\u00e3o concorda.<\/p>\n<h6><a href=\"https:\/\/vos.homolog.arsnova.work\/wp-content\/uploads\/2018\/02\/gq-moty-cover-kaepernick.jpg\"><img loading=\"lazy\" decoding=\"async\" class=\"size-full wp-image-3653 aligncenter\" src=\"https:\/\/vos.homolog.arsnova.work\/wp-content\/uploads\/2018\/02\/gq-moty-cover-kaepernick.jpg\" alt=\"\" width=\"800\" height=\"1088\" \/><\/a>\u00a0 \u00a0 \u00a0 \u00a0 \u00a0 \u00a0 \u00a0 \u00a0 \u00a0 \u00a0 \u00a0 \u00a0 \u00a0 \u00a0 \u00a0 \u00a0 \u00a0 \u00a0 \u00a0 \u00a0 \u00a0 \u00a0 \u00a0 \u00a0 \u00a0 \u00a0 \u00a0 \u00a0 \u00a0 \u00a0 \u00a0 \u00a0 \u00a0 \u00a0 \u00a0 \u00a0 \u00a0 \u00a0 \u00a0 \u00a0 \u00a0 \u00a0 \u00a0 \u00a0 \u00a0 \u00a0 \u00a0 \u00a0 \u00a0 \u00a0 \u00a0 \u00a0 \u00a0 \u00a0 \u00a0 \u00a0 \u00a0 \u00a0 \u00a0 \u00a0 \u00a0 \u00a0 \u00a0 \u00a0 \u00a0 \u00a0 \u00a0 \u00a0 \u00a0 \u00a0 \u00a0 \u00a0 \u00a0 \u00a0 \u00a0 \u00a0 \u00a0 \u00a0 \u00a0 \u00a0 \u00a0 \u00a0 \u00a0 \u00a0 \u00a0 \u00a0 \u00a0 \u00a0 \u00a0 \u00a0 \u00a0 \u00a0 \u00a0 \u00a0 \u00a0 \u00a0 \u00a0 \u00a0 \u00a0 \u00a0 \u00a0 \u00a0 \u00a0 \u00a0 \u00a0 \u00a0 \u00a0 \u00a0 \u00a0 \u00a0 \u00a0 \u00a0 \u00a0 \u00a0 \u00a0 \u00a0 \u00a0 \u00a0 \u00a0 \u00a0 \u00a0 \u00a0 \u00a0 \u00a0 \u00a0 \u00a0 \u00a0 \u00a0 \u00a0 \u00a0 \u00a0 \u00a0 \u00a0 \u00a0 \u00a0 \u00a0 \u00a0 \u00a0 \u00a0 (Reprodu\u00e7\u00e3o)<\/h6>\n<p style=\"text-align: justify;\">Leifert fala que n\u00e3o acha \u201cjusto justo ele (o atleta) hackear esse momento, pelo qual est\u00e1 sendo pago, para levar adiante causas pessoais\u201d. Ai. Pol\u00edtica n\u00e3o \u00e9 uma causa pessoal, por mais que nossos representantes nos fa\u00e7am acreditar que seja. Pol\u00edtica \u00e9 algo maior que partidos ou tend\u00eancias ideol\u00f3gicas pessoais. Pol\u00edtica est\u00e1 relacionada justamente com a vida em sociedade da qual o indiv\u00edduo e o esporte fazem parte. Falando de um regime democr\u00e1tico, pol\u00edtica garante que todos expressem suas diferen\u00e7as e conflitos sem que isso seja um problema.<\/p>\n<p style=\"text-align: justify;\">Os eventos esportivos atingem milhares de pessoas e precisam ser usados com a responsabilidade que grandes audi\u00eancias trazem. Isso pode ser negativo? Pode. No Brasil, j\u00e1 tivemos o p\u00e9ssimo exemplo da ditadura interferindo no Campeonato Brasileiro. O livro \u201cOnde a Arena vai mal, um time no nacional\u201d, de Daniel Ara\u00fajo dos Santos, conta a hist\u00f3ria de como os militares utilizavam o Brasileir\u00e3o como manobra para atrair adeptos ao partido que estava no poder. Sem falar no uso da Sele\u00e7\u00e3o Brasileira de 1970 para promover o regime.\u00a0Por essas e outras, o esporte precisa estar aberto \u00e0 resist\u00eancia, assim como todas as esferas p\u00fablicas da vida em sociedade em uma democracia.<\/p>\n<p>.<\/p>\n<blockquote>\n<h3 style=\"text-align: center;\"><strong>Leifert diz:<\/strong><\/h3>\n<h3 style=\"text-align: center;\"><strong>\u201cAcho tamb\u00e9m que temos de respeitar os espa\u00e7os destinados \u00e0 divers\u00e3o, sen\u00e3o nosso mundo vai ficar ainda mais maluco\u201d<\/strong><\/h3>\n<h3 style=\"text-align: center;\"><strong>\u201cTem muita coisa contaminada por a\u00ed. Precisamos imunizar o pouco espa\u00e7o que ainda temos de divers\u00e3o\u201d<\/strong><\/h3>\n<h1 style=\"text-align: center;\"><strong>.<\/strong><\/h1>\n<\/blockquote>\n<h1 style=\"text-align: center;\"><\/h1>\n<h1 style=\"text-align: center;\"><strong>O nome disso \u00e9 aliena\u00e7\u00e3o, amigo<\/strong><\/h1>\n","protected":false},"excerpt":{"rendered":"<p>Tiago Leifert escreveu, em artigo para a revista GQ, que \u201cEvento esportivo n\u00e3o \u00e9 lugar de manifesta\u00e7\u00e3o pol\u00edtica\u201d. Foi profundamente [&hellip;]<\/p>\n","protected":false},"author":3,"featured_media":3652,"comment_status":"open","ping_status":"open","sticky":false,"template":"","format":"standard","meta":{"_acf_changed":false,"footnotes":""},"categories":[22],"tags":[1107,1109,1105,1108,1106,239,1110,228,964,1104],"class_list":["post-3651","post","type-post","status-publish","format-standard","has-post-thumbnail","hentry","category-georgia-santos","tag-coligay","tag-democracia-corinthiana","tag-esporte","tag-jesse-owens","tag-jogos-olimpicos","tag-manifestacoes","tag-panteras-negras","tag-politica","tag-protesto","tag-tiago-leifert"],"acf":[],"_links":{"self":[{"href":"https:\/\/vos.homolog.arsnova.work\/index.php?rest_route=\/wp\/v2\/posts\/3651","targetHints":{"allow":["GET"]}}],"collection":[{"href":"https:\/\/vos.homolog.arsnova.work\/index.php?rest_route=\/wp\/v2\/posts"}],"about":[{"href":"https:\/\/vos.homolog.arsnova.work\/index.php?rest_route=\/wp\/v2\/types\/post"}],"author":[{"embeddable":true,"href":"https:\/\/vos.homolog.arsnova.work\/index.php?rest_route=\/wp\/v2\/users\/3"}],"replies":[{"embeddable":true,"href":"https:\/\/vos.homolog.arsnova.work\/index.php?rest_route=%2Fwp%2Fv2%2Fcomments&post=3651"}],"version-history":[{"count":0,"href":"https:\/\/vos.homolog.arsnova.work\/index.php?rest_route=\/wp\/v2\/posts\/3651\/revisions"}],"wp:featuredmedia":[{"embeddable":true,"href":"https:\/\/vos.homolog.arsnova.work\/index.php?rest_route=\/wp\/v2\/media\/3652"}],"wp:attachment":[{"href":"https:\/\/vos.homolog.arsnova.work\/index.php?rest_route=%2Fwp%2Fv2%2Fmedia&parent=3651"}],"wp:term":[{"taxonomy":"category","embeddable":true,"href":"https:\/\/vos.homolog.arsnova.work\/index.php?rest_route=%2Fwp%2Fv2%2Fcategories&post=3651"},{"taxonomy":"post_tag","embeddable":true,"href":"https:\/\/vos.homolog.arsnova.work\/index.php?rest_route=%2Fwp%2Fv2%2Ftags&post=3651"}],"curies":[{"name":"wp","href":"https:\/\/api.w.org\/{rel}","templated":true}]}}