{"id":3635,"date":"2018-02-20T14:52:51","date_gmt":"2018-02-20T17:52:51","guid":{"rendered":"https:\/\/vos.homolog.arsnova.work\/?p=3635"},"modified":"2018-02-20T21:41:47","modified_gmt":"2018-02-21T00:41:47","slug":"por-onde-andam-as-escritoras-do-presente-e-do-passado","status":"publish","type":"post","link":"https:\/\/vos.homolog.arsnova.work\/?p=3635","title":{"rendered":"Por onde andam as escritoras do presente e do passado?"},"content":{"rendered":"<p style=\"text-align: justify;\"><span style=\"font-weight: 400;\">Volta e meia, me pego pensando sobre como eu, mesmo sendo mulher e adepta do feminismo, leio poucos textos liter\u00e1rios escritos por mulheres.\u00a0<\/span><span style=\"font-weight: 400;\"><strong>Mas voc\u00eas j\u00e1 se perguntaram a raz\u00e3o de, em geral, lermos mais livros escritos por homens?<\/strong>\u00a0<\/span><span style=\"font-weight: 400;\">Entre os motivos, eu acredito que esteja o pouco destaque dado \u00e0 literatura feita por mulheres.<\/span><\/p>\n<p>.<\/p>\n<blockquote>\n<h2 style=\"text-align: center;\"><strong>Um<a href=\"https:\/\/www.metropoles.com\/entretenimento\/literatura\/premios-nacionais-de-literatura-menosprezam-mulheres-escritoras\" target=\"_blank\" rel=\"noopener\"> levantamento<\/a> divulgado no ano passado revelou que no Brasil, desde 1941, as mulheres ganharam s\u00f3 17% do total de premia\u00e7\u00f5es dos maiores eventos liter\u00e1rios do pa\u00eds<\/strong><\/h2>\n<\/blockquote>\n<p>.<\/p>\n<p style=\"text-align: justify;\"><span style=\"font-weight: 400;\">Essa mat\u00e9ria tamb\u00e9m revela que <\/span><span style=\"font-weight: 400;\">h\u00e1 uma cren\u00e7a de que as escritoras produzem <\/span><span style=\"font-weight: 400;\">\u201cliteratura feminina\u201d, como se fosse uma categoria menos relevante.<\/span><\/p>\n<p style=\"text-align: justify;\"><span style=\"font-weight: 400;\">Outro dado que me chamou a aten\u00e7\u00e3o foi sobre a literatura <em>beat<\/em>. Eu sempre amei as obras escritas pelos doidos da gera\u00e7\u00e3o <em>beatnik<\/em>, em especial Jack Keroauc e seu cl\u00e1ssico <em>On The Road<\/em>.\u00a0<\/span><span style=\"font-weight: 400;\">E eu nunca tinha parado para pensar porque n\u00e3o lia textos de mulheres nesse movimento liter\u00e1rio. <strong>N\u00e3o existiam ou n\u00e3o ganharam visibilidade?<\/strong> Pois ao ler <a href=\"https:\/\/asminanahistoria.wordpress.com\/2017\/11\/24\/5-mulheres-da-geracao-beat\/\" target=\"_blank\" rel=\"noopener\">um texto<\/a> do sensacional projeto <\/span><i><span style=\"font-weight: 400;\">As Minas e a Hist\u00f3ria<\/span><\/i><span style=\"font-weight: 400;\"> descobri que existiram, sim, escritoras<em> beat<\/em>.\u00a0<\/span><span style=\"font-weight: 400;\">Porque n\u00e3o foram reveladas na \u00e9poca? Observem essa resposta do poeta <a href=\"https:\/\/pt.wikipedia.org\/wiki\/Gregory_Corso\" target=\"_blank\" rel=\"noopener\">Gregory Corso<\/a>:<\/span><\/p>\n<p>.<\/p>\n<h2 style=\"text-align: center;\"><b><i>\u201cTinha mulheres sim, eu conheci elas, suas fam\u00edlias puseram elas em hosp\u00edcios, foram parar no eletrochoque. Nos anos 50, se voc\u00ea fosse homem, dava para ser rebelde, mas se fosse mulher, a fam\u00edlia te interditava.<\/i><\/b><span style=\"font-weight: 400;\">\u201d<\/span><\/h2>\n<p>.<\/p>\n<p><a href=\"https:\/\/vos.homolog.arsnova.work\/wp-content\/uploads\/2018\/02\/loadimg.php_.jpeg\"><img loading=\"lazy\" decoding=\"async\" class=\" wp-image-3641 aligncenter\" src=\"https:\/\/vos.homolog.arsnova.work\/wp-content\/uploads\/2018\/02\/loadimg.php_.jpeg\" alt=\"\" width=\"626\" height=\"296\" \/><\/a><\/p>\n<p style=\"text-align: justify;\">Essa mat\u00e9ria traz nomes de cinco escritoras: <a href=\"https:\/\/en.wikipedia.org\/wiki\/Elise_Cowen\" target=\"_blank\" rel=\"noopener\">Elise Cowen<\/a> (na foto acima com um dos \u00edcones do movimento <em>beat<\/em>, o escritor Allen Ginsberg), <a href=\"https:\/\/www.standardhotels.com\/culture\/hettie-jones-east-village-interview\" target=\"_blank\" rel=\"noopener\">Hettie Jones<\/a> (que ilustra a capa), <a href=\"https:\/\/en.wikipedia.org\/wiki\/Denise_Levertov\" target=\"_blank\" rel=\"noopener\">Denise Levertov<\/a>, <span style=\"font-weight: 400;\"><a href=\"https:\/\/en.wikipedia.org\/wiki\/Joyce_Johnson\" target=\"_blank\" rel=\"noopener\">Joyce Johnson<\/a> e <\/span><a href=\"https:\/\/en.wikipedia.org\/wiki\/Diane_di_Prima\" target=\"_blank\" rel=\"noopener\">Diane Di Prima<\/a>.\u00a0Para conhecer mais a obra das escritoras dessa \u00e9poca, recomendo a leitura do livro <strong>Meninas que Vestiam Preto<\/strong>, \u00e0 venda <a href=\"https:\/\/hedra.com.br\/livros\/meninas-que-vestiam-preto\" target=\"_blank\" rel=\"noopener\">aqui<\/a>.<\/p>\n<p style=\"text-align: justify;\"><span style=\"font-weight: 400;\">Em pleno s\u00e9culo 21, ainda \u00e9 muito necess\u00e1rio e louv\u00e1vel quando aparecem iniciativas destinadas a dar visibilidade para as mulheres na literatura.\u00a0<\/span><span style=\"font-weight: 400;\">Destaco aqui uma proposta da Editora Calamares, de Minas Gerais, que est\u00e1 selecionando textos para uma Colet\u00e2nea de Escritoras.\u00a0<\/span><span style=\"font-weight: 400;\">\u201c<\/span><span style=\"font-weight: 400;\">Nossa inten\u00e7\u00e3o \u00e9 que essa publica\u00e7\u00e3o seja impressa, anual e tenha seu primeiro n\u00famero lan\u00e7ado em 2018. Para o processo de sele\u00e7\u00e3o dos textos que v\u00e3o compor esse primeiro n\u00famero, estamos com uma chamada aberta at\u00e9 o dia 15 de mar\u00e7o de 2018.\u201d\u00a0<\/span><span style=\"font-weight: 400;\">Outras informa\u00e7\u00f5es sobre a sele\u00e7\u00e3o est\u00e3o <a href=\"https:\/\/www.facebook.com\/editoracalamares\/posts\/2034176073521753\" target=\"_blank\" rel=\"noopener\">aqui<\/a>.<\/span><\/p>\n<p style=\"text-align: justify;\">E, depois de escrever esse texto, coloquei com uma das minhas metas para 2018 ler mais livros escritos por mulheres.<\/p>\n<p style=\"text-align: justify;\">\n","protected":false},"excerpt":{"rendered":"<p>Volta e meia, me pego pensando sobre como eu, mesmo sendo mulher e adepta do feminismo, leio poucos textos liter\u00e1rios [&hellip;]<\/p>\n","protected":false},"author":5,"featured_media":3640,"comment_status":"open","ping_status":"open","sticky":false,"template":"","format":"standard","meta":{"_acf_changed":false,"footnotes":""},"categories":[4],"tags":[1097,1099,1093,1095,448,1096,1098,1094,1092,303],"class_list":["post-3635","post","type-post","status-publish","format-standard","has-post-thumbnail","hentry","category-voos-literarios","tag-denise-levertov","tag-diane-di-prima","tag-editora-calamares","tag-elise-cowen","tag-escritoras","tag-hettie-jones","tag-joyce-johnson","tag-meninas-que-vestiam-preto","tag-movimento-beat","tag-mulheres"],"acf":[],"_links":{"self":[{"href":"https:\/\/vos.homolog.arsnova.work\/index.php?rest_route=\/wp\/v2\/posts\/3635","targetHints":{"allow":["GET"]}}],"collection":[{"href":"https:\/\/vos.homolog.arsnova.work\/index.php?rest_route=\/wp\/v2\/posts"}],"about":[{"href":"https:\/\/vos.homolog.arsnova.work\/index.php?rest_route=\/wp\/v2\/types\/post"}],"author":[{"embeddable":true,"href":"https:\/\/vos.homolog.arsnova.work\/index.php?rest_route=\/wp\/v2\/users\/5"}],"replies":[{"embeddable":true,"href":"https:\/\/vos.homolog.arsnova.work\/index.php?rest_route=%2Fwp%2Fv2%2Fcomments&post=3635"}],"version-history":[{"count":0,"href":"https:\/\/vos.homolog.arsnova.work\/index.php?rest_route=\/wp\/v2\/posts\/3635\/revisions"}],"wp:featuredmedia":[{"embeddable":true,"href":"https:\/\/vos.homolog.arsnova.work\/index.php?rest_route=\/wp\/v2\/media\/3640"}],"wp:attachment":[{"href":"https:\/\/vos.homolog.arsnova.work\/index.php?rest_route=%2Fwp%2Fv2%2Fmedia&parent=3635"}],"wp:term":[{"taxonomy":"category","embeddable":true,"href":"https:\/\/vos.homolog.arsnova.work\/index.php?rest_route=%2Fwp%2Fv2%2Fcategories&post=3635"},{"taxonomy":"post_tag","embeddable":true,"href":"https:\/\/vos.homolog.arsnova.work\/index.php?rest_route=%2Fwp%2Fv2%2Ftags&post=3635"}],"curies":[{"name":"wp","href":"https:\/\/api.w.org\/{rel}","templated":true}]}}