{"id":3584,"date":"2018-02-05T17:27:26","date_gmt":"2018-02-05T19:27:26","guid":{"rendered":"https:\/\/vos.homolog.arsnova.work\/?p=3584"},"modified":"2018-05-01T23:07:43","modified_gmt":"2018-05-02T02:07:43","slug":"entre-o-bolsa-familia-e-uma-louis-vuitton","status":"publish","type":"post","link":"https:\/\/vos.homolog.arsnova.work\/?p=3584","title":{"rendered":"Entre o Bolsa Fam\u00edlia e uma Louis Vuitton"},"content":{"rendered":"<p style=\"text-align: justify;\">H\u00e1 muitos anos s\u00e3o ouvidos brados retumbantes de quem \u00e9 contra o Bolsa Fam\u00edlia. Esse programa criminoso que ajuda os miser\u00e1veis a sa\u00edrem da pobreza extrema, que absurdo, vejam s\u00f3.<\/p>\n<p>.<\/p>\n<blockquote>\n<h2 style=\"text-align: center;\"><strong>\u201cOnde j\u00e1 se viu, dar dinheiro a algu\u00e9m sem que mere\u00e7a\u201d<\/strong><\/h2>\n<h2 style=\"text-align: center;\">.<br \/>\n<strong> \u201cAs pessoas recebem esse dinheiro pra n\u00e3o ter que trabalhar. O povo t\u00e1 sustentando vagabundo\u201d<\/strong><\/h2>\n<h2 style=\"text-align: center;\">.<br \/>\n<strong> \u201cN\u00e3o d\u00e1 pra dar o peixe, tem que ensinar a pescar\u201d (<em>minha favorita<\/em>)<\/strong><\/h2>\n<p>&nbsp;<\/p><\/blockquote>\n<p style=\"text-align: justify;\">.<\/p>\n<p style=\"text-align: justify;\">Esses s\u00e3o apenas tr\u00eas dos \u201cargumentos\u201d que recheiam caixas de coment\u00e1rios Facebook afora. N\u00e3o vou entrar no m\u00e9rito dos programas de mobilidade social, em cujo potencial eu acredito. Muito menos me dedico a comentar sua apropria\u00e7\u00e3o pol\u00edtica, que n\u00e3o vem ao caso. Minha inten\u00e7\u00e3o \u00e9 abordar o tema sob o ponto de vista humanit\u00e1rio.<\/p>\n<p>.<\/p>\n<h3 style=\"text-align: justify;\"><strong>Voc\u00ea sabe o valor do Bolsa Fam\u00edlia?<\/strong><\/h3>\n<p style=\"text-align: justify;\">O benef\u00edcio \u00e9 pago de diferentes maneiras, dependendo da composi\u00e7\u00e3o do grupo familiar e da faixa de renda. N\u00e3o \u00e9 um programa perfeito, mas ajuda as pessoas a superarem a linha da mis\u00e9ria. H\u00e1 v\u00e1rias categorias dentro do Bolsa Fam\u00edlia, mas para facilitar o entendimento, falemos do teto. O maior benef\u00edcio poss\u00edvel de receber \u00e9 de R$ 364,00.<\/p>\n<p>.<\/p>\n<blockquote>\n<h2 style=\"text-align: center;\"><strong>Uma fam\u00edlia com baixo n\u00edvel de renda, com CINCO crian\u00e7as e DOIS adolescentes vinculados ao benef\u00edcio , recebe R$ 364,00<\/strong><\/h2>\n<\/blockquote>\n<p>.<\/p>\n<p style=\"text-align: justify;\">E isso \u00e9 uma ofensa aos brasileiros, aos que se dizem cidad\u00e3os de bem e n\u00e3o admitem pagar pelo sustento dos outros com seus impostos, mesmo que sonegados. Compreendo perfeitamente o fato de que h\u00e1 pessoas que n\u00e3o acreditam em programas deste tipo, que n\u00e3o enxergam benef\u00edcios no assistencialismo, que n\u00e3o percebem vantagens em um aux\u00edlio como este. Compreendo mesmo, sem ironia. O indiv\u00edduo \u00e9 formado por m\u00faltiplas vari\u00e1veis e n\u00e3o sou do tipo que acredita em ideologia certa, por mais que defenda o lado que considero mais adequado \u00e0 nossa realidade. <strong>Mas n\u00e3o compreendo como algu\u00e9m pode ser desconectado da realidade a ponto de acreditar que R$364,00 \u00e9 dinheiro suficiente para acomodar uma fam\u00edlia inteira.<\/strong> Uma fam\u00edlia numerosa, esquecida e marginalizada pela desigualdade cruel que assola o Brasil.<\/p>\n<p>&nbsp;<\/p>\n<p style=\"text-align: justify;\">Hoje, quase 30% de toda a renda do Brasil est\u00e1 na m\u00e3o de apenas 1% da popula\u00e7\u00e3o. <a href=\"https:\/\/brasil.elpais.com\/brasil\/2017\/12\/13\/internacional\/1513193348_895757.html\" target=\"_blank\" rel=\"noopener\">A Pesquisa Desigualdade Mundial 2018, coordenada pelo economista franc\u00eas Thomas Pektty, ainda aponta que \u00e9 a mais concentra\u00e7\u00e3o no mundo.<\/a> Em termos pr\u00e1ticos, relat\u00f3rio da Oxfam indica que CINCO pessoas tem patrim\u00f4nio equivalente ao da METADE DA POPULA\u00c7\u00c3O brasileira mais pobre.<\/p>\n<p>.<\/p>\n<blockquote>\n<h2 style=\"text-align: center;\"><strong>CINCO pessoas tem patrim\u00f4nio equivalente ao de CEM MILH\u00d5ES<\/strong><\/h2>\n<\/blockquote>\n<p>.<\/p>\n<p style=\"text-align: justify;\">Nessa linha, uma pesquisa do Instituto Brasileiro de Geografia e Estat\u00edstica (IBGE) mostra que metade dos trabalhadores ocupados (formais) tem renda menor que um sal\u00e1rio m\u00ednimo. <a href=\"https:\/\/g1.globo.com\/economia\/noticia\/metade-dos-trabalhadores-brasileiros-tem-renda-menor-que-o-salario-minimo-aponta-ibge.ghtml\" target=\"_blank\" rel=\"noopener\">A m\u00e9dia salarial dessa fatia da popula\u00e7\u00e3o era, em 2016, de R$ 747,00, abaixo dos R$ 880,00 estipulados para o ano<\/a>. Na outra ponta do espectro social h\u00e1 apenas 889 MIL pessoas, que comp\u00f5em a fatia dos mais abonados e recebem, em m\u00e9dia, R$ 27 mil por m\u00eas.<\/p>\n<p>.<\/p>\n<blockquote>\n<h2 style=\"text-align: center;\"><strong>\u00c9 nessa faixa privilegiada em que se encontram os magistrados do pa\u00eds<\/strong><\/h2>\n<\/blockquote>\n<p>.<\/p>\n<p style=\"text-align: justify;\">Segundo o Supremo Tribunal de Justi\u00e7a (STJ), um juiz substituo recebe R$ 27.500 mensais, para falar apenas do sal\u00e1rio mais baixo. \u00c9 uma categoria distinta, especialmente diante da desigualdade colossal que mancha de sangue e suor a nossa sociedade. Mas n\u00e3o para por a\u00ed, os ju\u00edzes (assim como parlamentares e outros membros dos tr\u00eas poderes) tem direito a um benef\u00edcio chamado aux\u00edlio-moradia.<\/p>\n<p style=\"text-align: justify;\">Assim como fiz com o Bolsa Fam\u00edlia, falemos de teto. <strong>O valor m\u00e1ximo do benef\u00edcio \u00e9 de R$ 4.377, 37, n\u00famero que, segundo a pesquisa j\u00e1 mencionada do IBGE, supera o salario de 92% da popula\u00e7\u00e3o brasileira.<\/strong> O benef\u00edcio \u00e9 um reembolso das despesas com moradia que come\u00e7ou com a mudan\u00e7a da capital brasileira para Bras\u00edlia. Supondo-se que os deputados s\u00f3 teriam im\u00f3veis em suas cidades de origem, criou-se um dispositivo que suprisse os gastos com moradia em Bras\u00edlia. Em seguida foi ampliado para outros poderes. <a href=\"https:\/\/oglobo.globo.com\/brasil\/mais-de-17-mil-juizes-recebem-auxilio-moradia-entenda-polemica-22357239\" target=\"_blank\" rel=\"noopener\">Hoje, 17 mil ju\u00edzes recebem aux\u00edlio-moradia<\/a>.<\/p>\n<p><a href=\"https:\/\/vos.homolog.arsnova.work\/wp-content\/uploads\/2018\/02\/moro-comissao.jpg\"><img loading=\"lazy\" decoding=\"async\" class=\"size-full wp-image-3586 aligncenter\" src=\"https:\/\/vos.homolog.arsnova.work\/wp-content\/uploads\/2018\/02\/moro-comissao.jpg\" alt=\"\" width=\"620\" height=\"430\" \/><\/a><\/p>\n<p style=\"text-align: justify;\"><a href=\"https:\/\/www1.folha.uol.com.br\/poder\/2018\/02\/moro-tem-imovel-em-curitiba-mas-recebe-auxilio-moradia.shtml\" target=\"_blank\" rel=\"noopener\">Entre eles est\u00e1 o juiz S\u00e9rgio Moro, s\u00edmbolo da justi\u00e7a em sua cruzada contra a corrup\u00e7\u00e3o.<\/a> O magistrado tem im\u00f3vel pr\u00f3prio em Curitiba e ainda assim recebe o teto de aux\u00edlio que, segundo ele, supre a falta de reajuste. O sal\u00e1rio base de Moro \u00e9 de R$ 28.948,00, al\u00e9m de gratifica\u00e7\u00f5es.<\/p>\n<p style=\"text-align: justify;\">.<\/p>\n<blockquote>\n<h2 style=\"text-align: center;\"><strong>Mesmo assim, o cidad\u00e3o de bem n\u00e3o se incomoda com os R$4.377,37 de aux\u00edlio-moradia, o valor de uma bolsa modelo Speedy 30 da Louis Vuitton\u00a0<\/strong><\/h2>\n<\/blockquote>\n<p>.<\/p>\n<p>&nbsp;<\/p>\n<p style=\"text-align: justify;\">Moro n\u00e3o est\u00e1 fora da lei. O recebimento do benef\u00edcio \u00e9 absolutamente legal e \u00e9 um direito dele. Mas est\u00e1 longe de ser justo e todos sabemos disso. Eu sei disso e ele sabe disso. Ainda assim, diante da injusti\u00e7a que nos \u00e9 esfregada na cara diariamente, falta indigna\u00e7\u00e3o, e a \u00fanica explica\u00e7\u00e3o que parece fazer sentido \u00e9 a ilus\u00e3o de uma meritocracia que ignora pontos de partida e a ofensa com uma poss\u00edvel mobilidade de classes. &#8220;Os ju\u00edzes trabalham duro, estudaram, se prepararam, passaram em concurso, tem pilhas e pilhas de processos para an\u00e1lise. Quem recebe o Bolsa Fam\u00edlia \u00e9 vagabundo, n\u00e3o faz nada, s\u00f3 quer saber de mamar nas tetas do governo. Tem \u00e9 que trabalhar.&#8221; \u00c9 isso? O engra\u00e7ado dessa hist\u00f3ria \u00e9 que as tetas s\u00e3o as mesmas para os dois.<\/p>\n<p style=\"text-align: justify;\">No final das contas, o brasileiro se ofende com o Bolsa Fam\u00edlia mas n\u00e3o se importa em pagar uma Louis Vuitton para os magistrados.<\/p>\n<p><em>Foto capa: Pixabay<\/em><\/p>\n<p><em>Foto S\u00e9rgio Moro: F\u00e1bio Rodrigues Pozzebom \/ Ag\u00eancia Brasil<\/em><\/p>\n","protected":false},"excerpt":{"rendered":"<p>H\u00e1 muitos anos s\u00e3o ouvidos brados retumbantes de quem \u00e9 contra o Bolsa Fam\u00edlia. Esse programa criminoso que ajuda os [&hellip;]<\/p>\n","protected":false},"author":3,"featured_media":3589,"comment_status":"open","ping_status":"open","sticky":false,"template":"","format":"standard","meta":{"_acf_changed":false,"footnotes":""},"categories":[22],"tags":[1076,1075,800,1077,1073,1074,11],"class_list":["post-3584","post","type-post","status-publish","format-standard","has-post-thumbnail","hentry","category-georgia-santos","tag-auxilio-moradia","tag-bolsa-familia","tag-brasil","tag-concentracao-de-renda","tag-desigualdade","tag-sergio-moro","tag-vos"],"acf":[],"_links":{"self":[{"href":"https:\/\/vos.homolog.arsnova.work\/index.php?rest_route=\/wp\/v2\/posts\/3584","targetHints":{"allow":["GET"]}}],"collection":[{"href":"https:\/\/vos.homolog.arsnova.work\/index.php?rest_route=\/wp\/v2\/posts"}],"about":[{"href":"https:\/\/vos.homolog.arsnova.work\/index.php?rest_route=\/wp\/v2\/types\/post"}],"author":[{"embeddable":true,"href":"https:\/\/vos.homolog.arsnova.work\/index.php?rest_route=\/wp\/v2\/users\/3"}],"replies":[{"embeddable":true,"href":"https:\/\/vos.homolog.arsnova.work\/index.php?rest_route=%2Fwp%2Fv2%2Fcomments&post=3584"}],"version-history":[{"count":0,"href":"https:\/\/vos.homolog.arsnova.work\/index.php?rest_route=\/wp\/v2\/posts\/3584\/revisions"}],"wp:featuredmedia":[{"embeddable":true,"href":"https:\/\/vos.homolog.arsnova.work\/index.php?rest_route=\/wp\/v2\/media\/3589"}],"wp:attachment":[{"href":"https:\/\/vos.homolog.arsnova.work\/index.php?rest_route=%2Fwp%2Fv2%2Fmedia&parent=3584"}],"wp:term":[{"taxonomy":"category","embeddable":true,"href":"https:\/\/vos.homolog.arsnova.work\/index.php?rest_route=%2Fwp%2Fv2%2Fcategories&post=3584"},{"taxonomy":"post_tag","embeddable":true,"href":"https:\/\/vos.homolog.arsnova.work\/index.php?rest_route=%2Fwp%2Fv2%2Ftags&post=3584"}],"curies":[{"name":"wp","href":"https:\/\/api.w.org\/{rel}","templated":true}]}}