{"id":3574,"date":"2018-02-04T18:18:00","date_gmt":"2018-02-04T20:18:00","guid":{"rendered":"https:\/\/vos.homolog.arsnova.work\/?p=3574"},"modified":"2018-02-04T18:18:00","modified_gmt":"2018-02-04T20:18:00","slug":"o-proximo-convidado-dispensa-apresentacoes","status":"publish","type":"post","link":"https:\/\/vos.homolog.arsnova.work\/?p=3574","title":{"rendered":"O Pr\u00f3ximo Convidado Dispensa Apresenta\u00e7\u00f5es"},"content":{"rendered":"<p style=\"text-align: justify;\">Antes de David Letterman encerrar a estada de 30 anos no comando do The Late Show, ele entrevistou o ent\u00e3o presidente Barack Obama, em maio de 2015. Incerto do pr\u00f3prio futuro, perguntou quais os planos de aposentadoria do ainda jovem pol\u00edtico.<\/p>\n<p style=\"text-align: justify;\">.<\/p>\n<blockquote>\n<h2 style=\"text-align: center;\"><strong>\u201cEu estava pensando, voc\u00ea e eu, n\u00f3s poder\u00edamos jogar domin\u00f3 juntos, sei l\u00e1, ir at\u00e9 o Starbucks mais pr\u00f3ximo\u201d, disse Obama<\/strong><\/h2>\n<\/blockquote>\n<p style=\"text-align: justify;\">.<\/p>\n<p style=\"text-align: justify;\">Bem, o entrevistador n\u00e3o esqueceu da sugest\u00e3o. Com um dos conhecidos copos do Staburcks em primeiro plano e uma barba quase messi\u00e2nica, telefonou ao ex-presidente e fez uma proposta. Aguardou. Compensou. Barack Obama \u00e9 o primeiro entrevistado do novo projeto de Letterman no Netflix, <strong><em>My Next Guest Needs No Introduction<\/em><\/strong> \u2013 <em><strong>O Pr\u00f3ximo Convidado Dispensa Apresenta\u00e7\u00f5es<\/strong><\/em>. E, de fato, dispensa.<\/p>\n<p style=\"text-align: justify;\">Alguns poucos reclamaram da empolga\u00e7\u00e3o de David Letterman ao entrevistar o ex-presidente. N\u00e3o gostaram do que chamaram de bajula\u00e7\u00e3o. N\u00e3o concordo. Ali\u00e1s, discordo tanto quanto poss\u00edvel. O que se v\u00ea n\u00e3o \u00e9 bajula\u00e7\u00e3o, e sim um homem grato por ter encontrado algu\u00e9m por quem nutre imenso e verdadeiro respeito, como ele mesmo diz.<\/p>\n<p style=\"text-align: justify;\">Ao longo de quase uma hora, Obama fala bastante, com a usual discri\u00e7\u00e3o. Prefere discutir o macro a entrar nas min\u00facias do novo governo. <strong>Mas esta n\u00e3o \u00e9 uma entrevista qualquer. A conversa com o primeiro presidente negro da hist\u00f3ria dos Estados Unidos \u00e9 permeada por uma pesada carga hist\u00f3rica e emocional.<\/strong> Letterman viajou \u00e0 Selma, Alabama, para atravessar a ponte Edmund Pettus ao lado do deputado John Lewis, presente no Domingo Sangrento de 1965. Na ocasi\u00e3o, militantes do movimento pelos direitos civis realizaram um protesto pac\u00edfico para reivindicar o direito da popula\u00e7\u00e3o afro-americana ao voto. Foram recebidos com cassetetes, g\u00e1s lacrimog\u00eaneo e sangue. Muito sangue.<\/p>\n<p>.<\/p>\n<blockquote>\n<h2 style=\"text-align: center;\"><strong>O jornalista perguntou a Lewis o que estava do outro lado da ponte, simbolicamente<\/strong><\/h2>\n<h2 style=\"text-align: center;\"><strong>E o ativista respondeu sem titubear: &#8220;Obama&#8221;<\/strong><\/h2>\n<h2 style=\"text-align: center;\"><\/h2>\n<\/blockquote>\n<p style=\"text-align: justify;\">.<\/p>\n<p style=\"text-align: justify;\">E Obama sabe disso. Sabe que \u00e9 fruto daquela luta. Sabe que sem Martin Luther Jr e a entrega e o sangue de milhares de outros ativistas, os Estados Unidos n\u00e3o teriam tido o primeiro presidente negro em 2008. Isso tamb\u00e9m \u00e9 parte da preocupa\u00e7\u00e3o do Democrata com a horizontalidade das pol\u00edticas p\u00fablicas e a diminui\u00e7\u00e3o da desigualdade.<\/p>\n<p>&nbsp;<\/p>\n<p style=\"text-align: justify;\">Em poucos minutos, ele consegue explicar o problema da desigualdade crescente que assola o mundo. Mais do que isso, lan\u00e7a a pergunta fundamental a que devemos responder.<\/p>\n<p style=\"text-align: justify;\">.<\/p>\n<blockquote>\n<h2 style=\"text-align: center;\"><strong>Como fazer uma economia nesse ambiente tecnol\u00f3gico globalizado que seja boa para todos?<\/strong><\/h2>\n<\/blockquote>\n<p>.<\/p>\n<p style=\"text-align: justify;\">Precisamos buscar essa resposta. Talvez a busca seja mais importante do que a resposta em si.\u00a0A primeira temporada prev\u00ea seis epis\u00f3dios, lan\u00e7ados mensalmente. Al\u00e9m de Obama, ser\u00e3o entrevistados George Clooney, Malala Yousafzai, Jay-Z, Tina Fey e Howard Stern. Uau. N\u00e3o sei quanto a voc\u00eas, mas eu estou muito ansiosa.<\/p>\n","protected":false},"excerpt":{"rendered":"<p>Antes de David Letterman encerrar a estada de 30 anos no comando do The Late Show, ele entrevistou o ent\u00e3o [&hellip;]<\/p>\n","protected":false},"author":3,"featured_media":3580,"comment_status":"open","ping_status":"open","sticky":false,"template":"","format":"standard","meta":{"_acf_changed":false,"footnotes":""},"categories":[203],"tags":[1072,1073,207,1071,205,249,11],"class_list":["post-3574","post","type-post","status-publish","format-standard","has-post-thumbnail","hentry","category-tao-serie","tag-david-letterman","tag-desigualdade","tag-netflix","tag-obama","tag-tao-serie","tag-televisao","tag-vos"],"acf":[],"_links":{"self":[{"href":"https:\/\/vos.homolog.arsnova.work\/index.php?rest_route=\/wp\/v2\/posts\/3574","targetHints":{"allow":["GET"]}}],"collection":[{"href":"https:\/\/vos.homolog.arsnova.work\/index.php?rest_route=\/wp\/v2\/posts"}],"about":[{"href":"https:\/\/vos.homolog.arsnova.work\/index.php?rest_route=\/wp\/v2\/types\/post"}],"author":[{"embeddable":true,"href":"https:\/\/vos.homolog.arsnova.work\/index.php?rest_route=\/wp\/v2\/users\/3"}],"replies":[{"embeddable":true,"href":"https:\/\/vos.homolog.arsnova.work\/index.php?rest_route=%2Fwp%2Fv2%2Fcomments&post=3574"}],"version-history":[{"count":0,"href":"https:\/\/vos.homolog.arsnova.work\/index.php?rest_route=\/wp\/v2\/posts\/3574\/revisions"}],"wp:featuredmedia":[{"embeddable":true,"href":"https:\/\/vos.homolog.arsnova.work\/index.php?rest_route=\/wp\/v2\/media\/3580"}],"wp:attachment":[{"href":"https:\/\/vos.homolog.arsnova.work\/index.php?rest_route=%2Fwp%2Fv2%2Fmedia&parent=3574"}],"wp:term":[{"taxonomy":"category","embeddable":true,"href":"https:\/\/vos.homolog.arsnova.work\/index.php?rest_route=%2Fwp%2Fv2%2Fcategories&post=3574"},{"taxonomy":"post_tag","embeddable":true,"href":"https:\/\/vos.homolog.arsnova.work\/index.php?rest_route=%2Fwp%2Fv2%2Ftags&post=3574"}],"curies":[{"name":"wp","href":"https:\/\/api.w.org\/{rel}","templated":true}]}}