{"id":3548,"date":"2018-02-01T01:22:51","date_gmt":"2018-02-01T03:22:51","guid":{"rendered":"https:\/\/vos.homolog.arsnova.work\/?p=3548"},"modified":"2018-02-01T10:56:35","modified_gmt":"2018-02-01T12:56:35","slug":"governo-sartori-levou-surra-na-assembleia-e-a-culpa-nao-e-da-oposicao","status":"publish","type":"post","link":"https:\/\/vos.homolog.arsnova.work\/?p=3548","title":{"rendered":"Governo Sartori levou surra na Assembleia &#8211; e a culpa n\u00e3o \u00e9 da oposi\u00e7\u00e3o"},"content":{"rendered":"<p style=\"text-align: justify;\">Que a convoca\u00e7\u00e3o extraordin\u00e1ria da Assembleia Legislativa do Rio Grande do Sul foi um fiasco, quase ningu\u00e9m poder\u00e1 negar. A ideia do governo de Jos\u00e9 Ivo Sartori era votar o regime de recupera\u00e7\u00e3o fiscal acordado com o governo federal, defendido como vital para tirar o Estado do atoleiro, e incluir no pacote o fim da necessidade de plebiscito para autorizar privatiza\u00e7\u00e3o de CEEE, CRM e Sulg\u00e1s. <strong>Mas n\u00e3o se chegou nem perto disso: ap\u00f3s tr\u00eas sess\u00f5es, os projetos n\u00e3o foram sequer apreciados, que dir\u00e1 postos em vota\u00e7\u00e3o.<\/strong> E a tarefa da oposi\u00e7\u00e3o, que parecia um tanto complexa antes da primeira sess\u00e3o, acabou sendo facilitada por uma base governista desunida e desorganizada &#8211; chegando ao c\u00famulo de <a href=\"https:\/\/gauchazh.clicrbs.com.br\/politica\/noticia\/2018\/01\/sessao-na-assembleia-e-encerrada-por-falta-de-quorum-e-piratini-lamenta-desfecho-cjd0jupbo05as01phdsz97ntv.html\" target=\"_blank\" rel=\"noopener\">perder todo o trabalho da primeira sess\u00e3o porque um parlamentar foi ao banheiro<\/a>, uma trapalhada que eliminou o qu\u00f3rum necess\u00e1rio para dar prosseguimento.<\/p>\n<p style=\"text-align: justify;\">Compreende-se, claro, que o governador <a href=\"http:\/\/correiodopovo.com.br\/Noticias\/Politica\/2018\/01\/641293\/Sartori-Manobra-nao-foi-contra-o-governo,-foi-contra-o-Estado\" target=\"_blank\" rel=\"noopener\">estivesse irritado com a situa\u00e7\u00e3o<\/a> na coletiva que deu logo ap\u00f3s ter o fracasso consumado na Assembleia. Mais dif\u00edcil, por\u00e9m, \u00e9 concordar com o foco de sua revolta, totalmente direcionado \u00e0 oposi\u00e7\u00e3o. <em>&#8220;A manobra n\u00e3o foi contra nosso governo, foi contra o Rio Grande do Sul&#8221;<\/em>, reclamou. A oposi\u00e7\u00e3o, segundo ele, \u00e9 <em>&#8220;radical&#8221;<\/em>, e a popula\u00e7\u00e3o n\u00e3o suporta mais <em>&#8220;essa pequenez e essas traquinagens pol\u00edticas&#8221;<\/em> vindas de quem <em>&#8220;causou parte da crise&#8221;<\/em>. <em>&#8220;Esses setores pol\u00edticos v\u00e3o ser responsabilizados se o atraso nos sal\u00e1rios aumentar&#8221;<\/em>, amea\u00e7ou Sartori.<\/p>\n<p style=\"text-align: justify;\">.<\/p>\n<blockquote>\n<h3 style=\"text-align: center;\"><strong>O que fez a oposi\u00e7\u00e3o para deixar Sartori t\u00e3o indignado, furibundo, cuspindo fogo pelas ventas? Ter\u00e1 feito uma manobra trai\u00e7oeira, descumprido um acordo no \u00faltimo instante, aplicado um golpe baixo do ponto de vista pol\u00edtico?<\/strong><\/h3>\n<\/blockquote>\n<p style=\"text-align: justify;\">.<\/p>\n<p style=\"text-align: justify;\">Nada disso. <strong>Fez a oposi\u00e7\u00e3o o que qualquer oposi\u00e7\u00e3o faz diante de uma pauta da qual discorda: mobilizou-se contra ela.<\/strong> Revezaram-se os deputados na tribuna, atrasando o processo de vota\u00e7\u00e3o. Pediram verifica\u00e7\u00e3o de qu\u00f3rum quando perceberam que a base n\u00e3o tinha como garantir o m\u00ednimo de parlamentares em plen\u00e1rio. Com o regimento interno debaixo do bra\u00e7o, o presidente da Assembleia, deputado Edegar Pretto (PT) &#8211; que \u00e9 de oposi\u00e7\u00e3o, o que n\u00e3o \u00e9 crime algum &#8211; indeferiu o pedido de invers\u00e3o de pauta da bancada governista, bem como o of\u00edcio para mais duas sess\u00f5es extraordin\u00e1rias.<\/p>\n<p style=\"text-align: justify;\">Discuta-se a conveni\u00eancia dessas a\u00e7\u00f5es o quanto se desejar, dentro das vis\u00f5es pol\u00edticas de cada um: o que n\u00e3o d\u00e1 \u00e9 para dizer que h\u00e1 alguma novidade nesses procedimentos.\u00a0N\u00e3o se trata de desonestidade, radicalismo, perf\u00eddia nem nada do tipo: \u00e9, pura e simplesmente, fazer oposi\u00e7\u00e3o. E \u00e9 algo que se faz em todos os parlamentos da face da Terra &#8211; \u00e0 esquerda, \u00e0 direita, ao centro, no c\u00e9u ou no inferno do espectro pol\u00edtico.<\/p>\n<p style=\"text-align: justify;\">.<\/p>\n<blockquote>\n<h2 style=\"text-align: center;\"><strong>Por acaso tem a oposi\u00e7\u00e3o &#8211; qualquer uma &#8211; obriga\u00e7\u00e3o de ser d\u00f3cil \u00e0 situa\u00e7\u00e3o apenas porque se diz que alto l\u00e1, desta vez \u00e9 importante de verdade, precisamos de um acordo porque agora a coisa \u00e9 s\u00e9ria e acabou a brincadeira?<\/strong><\/h2>\n<h2 style=\"text-align: center;\"><strong>\u00a0<\/strong><\/h2>\n<h2 style=\"text-align: center;\"><strong>Evidente que n\u00e3o<\/strong><\/h2>\n<\/blockquote>\n<p style=\"text-align: justify;\">.<\/p>\n<p style=\"text-align: justify;\">Se ela discorda, ela vai derrubar; se n\u00e3o tem for\u00e7a para derrubar, far\u00e1 de tudo para barrar o avan\u00e7o. Uma obviedade quase simpl\u00f3ria, verdadeiro beab\u00e1 da pol\u00edtica na esfera parlamentar.<\/p>\n<p style=\"text-align: justify;\">Duvido muito que Sartori desconhe\u00e7a esses meandros, posto que ele mesmo j\u00e1 foi deputado e inclusive presidiu a Casa, em 1998. <strong>Est\u00e1, isso sim, fazendo uma transfer\u00eancia de responsabilidade, jogando para o time advers\u00e1rio um fracasso que pertence, exclusivamente, a ele e seus aliados.<\/strong><\/p>\n<p style=\"text-align: justify;\"><strong>A convoca\u00e7\u00e3o extraordin\u00e1ria foi um desastre estrat\u00e9gico<\/strong>. Faltando uma semana para o retorno normal dos trabalhos na Assembleia, n\u00e3o h\u00e1 sentido em mobilizar todo o aparato da Casa, com todos os custos envolvidos, se n\u00e3o houver certeza absoluta de que coisas ser\u00e3o votadas &#8211; certeza que s\u00f3 se pode ter com <strong>estrat\u00e9gia s\u00f3lida<\/strong> e, acima de tudo, <strong>uma maioria consolidada e inabal\u00e1vel<\/strong>. Ao contr\u00e1rio: o que se viu foi uma bancada de situa\u00e7\u00e3o dispersa e confusa, sem um plano de a\u00e7\u00e3o, atuando sempre de forma reativa e inapelavelmente incapaz de propor jogo.<\/p>\n<p style=\"text-align: justify;\">.<\/p>\n<blockquote>\n<h2 style=\"text-align: center;\"><strong>A bancada oposicionista n\u00e3o precisou fazer mais que o b\u00e1sico para impedir a vota\u00e7\u00e3o, por um motivo singelo: mesmo menor em n\u00famero, estava muito mais coesa e determinada que o time advers\u00e1rio<\/strong><\/h2>\n<\/blockquote>\n<p style=\"text-align: justify;\">.<\/p>\n<p style=\"text-align: justify;\">A oposi\u00e7\u00e3o sabe muito bem que n\u00e3o quer o acordo com a Uni\u00e3o, tal como est\u00e1 posto; a situa\u00e7\u00e3o, por sua vez, n\u00e3o tem tanta certeza assim do que quer ou n\u00e3o. E indecis\u00e3o, no parlamento, \u00e9 um pecado muitas vezes fatal.\u00a0O governo, pelo jeito, n\u00e3o fez o dever de casa. S\u00e3o tr\u00eas anos de governo e conta-se nos dedos os momentos em que o governo andou todo junto, em bloco, na mesma dire\u00e7\u00e3o. <strong>A\u00ed n\u00e3o adianta apelar para o sentimentalismo, lamentando que o outro lado deveria ser mais compreensivo, esbravejando amea\u00e7as v\u00e3s ou lan\u00e7ando ao vento apelos frouxos por uni\u00e3o.<\/strong><\/p>\n<p style=\"text-align: justify;\">Quanto mais frisa que &#8220;n\u00e3o existe plano B&#8221; caso a recupera\u00e7\u00e3o fiscal n\u00e3o aconte\u00e7a, mais Sartori e seu governo refor\u00e7am publicamente uma aposta que (e agora est\u00e1 mais claro do que nunca) simplesmente n\u00e3o t\u00eam coes\u00e3o e for\u00e7a pol\u00edtica para cumprir. Mesmo com manifesta\u00e7\u00f5es favor\u00e1veis na imprensa, mesmo martelando a suposta \u00fanica sa\u00edda por meses a fio, o governo n\u00e3o convence nem a pr\u00f3pria bancada a abra\u00e7ar o roj\u00e3o, ao ponto de jogar pela janela tr\u00eas dias inteiros de convoca\u00e7\u00e3o extraordin\u00e1ria. <strong>Perdeu, sim, e perdeu feio.<\/strong> Pode vencer nas pr\u00f3ximas semanas, \u00e9 claro: a tend\u00eancia, contudo, \u00e9 de acumular fracassos, caso limite seus esfor\u00e7os a uma tentativa pueril de criminalizar a oposi\u00e7\u00e3o por agir como oposi\u00e7\u00e3o. <strong>N\u00e3o adianta jogar o desgaste para o outro lado do muro: o fiasco tem assinatura, e ela n\u00e3o foi feita em caneta vermelha.<\/strong><\/p>\n<p style=\"text-align: justify;\"><em>Foto:\u00a0Dani Barcellos\/Pal\u00e1cio Piratini<\/em><\/p>\n","protected":false},"excerpt":{"rendered":"<p>Que a convoca\u00e7\u00e3o extraordin\u00e1ria da Assembleia Legislativa do Rio Grande do Sul foi um fiasco, quase ningu\u00e9m poder\u00e1 negar. A [&hellip;]<\/p>\n","protected":false},"author":14,"featured_media":3549,"comment_status":"open","ping_status":"open","sticky":false,"template":"","format":"standard","meta":{"_acf_changed":false,"footnotes":""},"categories":[20],"tags":[1065,791,1064,676,221],"class_list":["post-3548","post","type-post","status-publish","format-standard","has-post-thumbnail","hentry","category-igor-natusch","tag-assembleia-legislativa","tag-economia","tag-governo-estadual","tag-jose-ivo-sartori","tag-rio-grande-do-sul"],"acf":[],"_links":{"self":[{"href":"https:\/\/vos.homolog.arsnova.work\/index.php?rest_route=\/wp\/v2\/posts\/3548","targetHints":{"allow":["GET"]}}],"collection":[{"href":"https:\/\/vos.homolog.arsnova.work\/index.php?rest_route=\/wp\/v2\/posts"}],"about":[{"href":"https:\/\/vos.homolog.arsnova.work\/index.php?rest_route=\/wp\/v2\/types\/post"}],"author":[{"embeddable":true,"href":"https:\/\/vos.homolog.arsnova.work\/index.php?rest_route=\/wp\/v2\/users\/14"}],"replies":[{"embeddable":true,"href":"https:\/\/vos.homolog.arsnova.work\/index.php?rest_route=%2Fwp%2Fv2%2Fcomments&post=3548"}],"version-history":[{"count":0,"href":"https:\/\/vos.homolog.arsnova.work\/index.php?rest_route=\/wp\/v2\/posts\/3548\/revisions"}],"wp:featuredmedia":[{"embeddable":true,"href":"https:\/\/vos.homolog.arsnova.work\/index.php?rest_route=\/wp\/v2\/media\/3549"}],"wp:attachment":[{"href":"https:\/\/vos.homolog.arsnova.work\/index.php?rest_route=%2Fwp%2Fv2%2Fmedia&parent=3548"}],"wp:term":[{"taxonomy":"category","embeddable":true,"href":"https:\/\/vos.homolog.arsnova.work\/index.php?rest_route=%2Fwp%2Fv2%2Fcategories&post=3548"},{"taxonomy":"post_tag","embeddable":true,"href":"https:\/\/vos.homolog.arsnova.work\/index.php?rest_route=%2Fwp%2Fv2%2Ftags&post=3548"}],"curies":[{"name":"wp","href":"https:\/\/api.w.org\/{rel}","templated":true}]}}