{"id":3541,"date":"2018-01-30T16:41:19","date_gmt":"2018-01-30T18:41:19","guid":{"rendered":"https:\/\/vos.homolog.arsnova.work\/?p=3541"},"modified":"2018-02-01T11:08:15","modified_gmt":"2018-02-01T13:08:15","slug":"os-desastres-de-cristiane","status":"publish","type":"post","link":"https:\/\/vos.homolog.arsnova.work\/?p=3541","title":{"rendered":"Os desastres de Cristiane"},"content":{"rendered":"<p style=\"text-align: justify;\"><a href=\"https:\/\/www.wook.pt\/livro\/os-desastres-de-sofia-condessa-de-segur\/10279395\" target=\"_blank\" rel=\"noopener\"><i><span style=\"font-weight: 400;\">Os desastres de Sofia<\/span><\/i><\/a><span style=\"font-weight: 400;\"> \u00e9 o t\u00edtulo de um livro infantojuvenil escrito ainda no s\u00e9culo 19 mas que faz at\u00e9 hoje muito sucesso no mundo inteiro, inclusive no Brasil. <strong>Escrito pela Condessa de S\u00e9gur, a obra tinha como protagonista uma menina mimada e bagunceira, que s\u00f3 se metia em confus\u00e3o.<\/strong><\/span><\/p>\n<p style=\"text-align: justify;\"><span style=\"font-weight: 400;\">Na literatura, especialmente para crian\u00e7as, parece divertido haver uma anti-hero\u00edna atrapalhada e que n\u00e3o obedece regras. Mas, se pensarmos que uma pessoa com essas caracter\u00edsticas poder\u00e1 ocupar um cargo no primeiro escal\u00e3o do governo brasileiro, a ideia perde toda a gra\u00e7a.\u00a0<\/span><span style=\"font-weight: 400;\">A minha singela analogia refere-se \u00e0 deputada federal <strong>Cristiane Brasil<\/strong>, impedida pela Justi\u00e7a de assumir o cargo de ministra do Trabalho, por ter sido condenada judicialmente na \u00e1rea em quest\u00e3o.<\/span><\/p>\n<p>.<\/p>\n<blockquote>\n<h2 style=\"text-align: center;\"><strong>Pois a nossa desastrada Cristiane, assim como a Sofia da fic\u00e7\u00e3o, achou por bem aprontar mais uma travessura. Gravou um v\u00eddeo, acompanhada de amigos sem camisa em uma lancha, defendendo-se das acusa\u00e7\u00f5es.\u00a0\u00a0O tom \u00e9 jocoso, com os amigos da deputada minimizando o fato dela ter processos trabalhistas<\/strong><\/h2>\n<\/blockquote>\n<p>.<\/p>\n<p style=\"text-align: justify;\"><span style=\"font-weight: 400;\">O v\u00eddeo viralizou na Internet, passou a ser not\u00edcia em todos os meios de comunica\u00e7\u00e3o, com uma avalia\u00e7\u00e3o negativa.\u00a0<\/span><span style=\"font-weight: 400;\">Ou seja, se a situa\u00e7\u00e3o da n\u00e3o-empossada ministra do Trabalho que j\u00e1 era ruim, ficou ainda pior.\u00a0<\/span><span style=\"font-weight: 400;\">Aqui est\u00e1 o v\u00eddeo para quem ainda n\u00e3o viu e para quem deseja rever:<\/span><\/p>\n<p><iframe loading=\"lazy\" title=\"Cristiane Brasil se defende de a\u00e7\u00f5es trabalhistas nas redes sociais - 28.jan.2018\" width=\"640\" height=\"360\" src=\"https:\/\/www.youtube.com\/embed\/GUiMYaxrMN0?feature=oembed\" frameborder=\"0\" allow=\"accelerometer; autoplay; clipboard-write; encrypted-media; gyroscope; picture-in-picture; web-share\" referrerpolicy=\"strict-origin-when-cross-origin\" allowfullscreen><\/iframe><\/p>\n<p style=\"text-align: justify;\"><span style=\"font-weight: 400;\">Essa \u00e9 a nota oficial da deputada sobre o assunto:<\/span><\/p>\n<blockquote>\n<p style=\"text-align: justify;\"><span style=\"font-weight: 400;\"> \u201cA deputada Cristiane Brasil (PTB-RJ) afirma que a grava\u00e7\u00e3o e a divulga\u00e7\u00e3o do v\u00eddeo foram manifesta\u00e7\u00f5es espont\u00e2neas de um amigo, editadas fora do contexto. A deputada reitera ainda o seu respeito \u00e0 Justi\u00e7a do Trabalho e \u00e0 prerrogativa do trabalhador reivindicar seus direitos.\u201d<\/span><\/p>\n<\/blockquote>\n<p style=\"text-align: justify;\"><span style=\"font-weight: 400;\">No twitter, o pai de Cristiane, Roberto Jefferson, se posicionou assim sobre o ocorrido:<\/span><\/p>\n<blockquote>\n<p style=\"text-align: justify;\"><span style=\"font-weight: 400;\">\u201cSobre o v\u00eddeo, a repercuss\u00e3o fala por si. Tamb\u00e9m teve muita deturpa\u00e7\u00e3o. Eram fam\u00edlias no barco, havia crian\u00e7as passando. Dito isso, penso que uma figura p\u00fablica deve se portar como uma figura p\u00fablica, e usar ferramentas como Facebook e Instagram apenas em car\u00e1ter institucional.\u201d<\/span><\/p>\n<p style=\"text-align: justify;\"><span style=\"font-weight: 400;\">\u201cAli\u00e1s, como tem troglodita nas redes, hein? Menos moralismo e menos machismo, por favor.\u201d<\/span><\/p>\n<p>&nbsp;<\/p><\/blockquote>\n<p style=\"text-align: justify;\">.<\/p>\n<p style=\"text-align: justify;\">Vale lembrar que no livro da Condessa de S\u00e9gur, Sofia nunca se d\u00e1 bem. Seria esse tamb\u00e9m o destino das pessoas mimadas no mundo real? Tor\u00e7o fortemente que sim.<\/p>\n<p>&nbsp;<\/p>\n","protected":false},"excerpt":{"rendered":"<p>Os desastres de Sofia \u00e9 o t\u00edtulo de um livro infantojuvenil escrito ainda no s\u00e9culo 19 mas que faz at\u00e9 [&hellip;]<\/p>\n","protected":false},"author":5,"featured_media":3542,"comment_status":"open","ping_status":"open","sticky":false,"template":"","format":"standard","meta":{"_acf_changed":false,"footnotes":""},"categories":[4],"tags":[1059,1060,1063,1058,1062,1061],"class_list":["post-3541","post","type-post","status-publish","format-standard","has-post-thumbnail","hentry","category-voos-literarios","tag-condessa-de-segur","tag-cristiane-brasil","tag-ministra-do-trabalho","tag-os-desastres-de-sofia","tag-roberto-jefferson","tag-video-cristiane-brasil"],"acf":[],"_links":{"self":[{"href":"https:\/\/vos.homolog.arsnova.work\/index.php?rest_route=\/wp\/v2\/posts\/3541","targetHints":{"allow":["GET"]}}],"collection":[{"href":"https:\/\/vos.homolog.arsnova.work\/index.php?rest_route=\/wp\/v2\/posts"}],"about":[{"href":"https:\/\/vos.homolog.arsnova.work\/index.php?rest_route=\/wp\/v2\/types\/post"}],"author":[{"embeddable":true,"href":"https:\/\/vos.homolog.arsnova.work\/index.php?rest_route=\/wp\/v2\/users\/5"}],"replies":[{"embeddable":true,"href":"https:\/\/vos.homolog.arsnova.work\/index.php?rest_route=%2Fwp%2Fv2%2Fcomments&post=3541"}],"version-history":[{"count":0,"href":"https:\/\/vos.homolog.arsnova.work\/index.php?rest_route=\/wp\/v2\/posts\/3541\/revisions"}],"wp:featuredmedia":[{"embeddable":true,"href":"https:\/\/vos.homolog.arsnova.work\/index.php?rest_route=\/wp\/v2\/media\/3542"}],"wp:attachment":[{"href":"https:\/\/vos.homolog.arsnova.work\/index.php?rest_route=%2Fwp%2Fv2%2Fmedia&parent=3541"}],"wp:term":[{"taxonomy":"category","embeddable":true,"href":"https:\/\/vos.homolog.arsnova.work\/index.php?rest_route=%2Fwp%2Fv2%2Fcategories&post=3541"},{"taxonomy":"post_tag","embeddable":true,"href":"https:\/\/vos.homolog.arsnova.work\/index.php?rest_route=%2Fwp%2Fv2%2Ftags&post=3541"}],"curies":[{"name":"wp","href":"https:\/\/api.w.org\/{rel}","templated":true}]}}