{"id":3520,"date":"2018-02-23T11:13:42","date_gmt":"2018-02-23T14:13:42","guid":{"rendered":"https:\/\/vos.homolog.arsnova.work\/?p=3520"},"modified":"2018-02-26T17:49:16","modified_gmt":"2018-02-26T20:49:16","slug":"palpiteiros-de-plantao","status":"publish","type":"post","link":"https:\/\/vos.homolog.arsnova.work\/?p=3520","title":{"rendered":"Palpiteiros de plant\u00e3o"},"content":{"rendered":"<p style=\"text-align: justify;\">Ano de 2018. S\u00e3o muitos anos de humanidade. Muitos. J\u00e1 inventaram a roda, penicilina, caf\u00e9 expresso, protetor solar&#8230; Talvez seja por ver essa evolu\u00e7\u00e3o do mundo que me choque tanto o comportamento das pessoas. \u00a0Especialmente o dos palpiteiros! Nuuuuuussa! Haja paci\u00eancia com os palpiteiros. <strong>Sou uma pessoa paciente. Mas me sinto o ser mais involu\u00eddo do mundo perto de um palpiteiro.<\/strong> Tenho vontade de dizer todas as coisas que n\u00e3o se deve dizer e fazer todas as coisas que n\u00e3o se deve fazer quando sou abordada por um palpiteiro.<\/p>\n<p>Dia desses chegamos num lugar p\u00fablico. Bem p\u00fablico. A praia, na verdade. Em dois segundos uma fam\u00edlia veio e ficou \u00edntima. Eu gosto de gente. Gosto mesmo. Mas&#8230;<\/p>\n<p>.<\/p>\n<blockquote>\n<h2 style=\"text-align: center;\"><strong>J\u00e1 come\u00e7amos assim: \u201c\u00c9 a primeira vez das meninas na praia?\u201d<\/strong><\/h2>\n<h2 style=\"text-align: center;\"><strong>&#8220;Meninos&#8221;, disse eu. <\/strong><\/h2>\n<h2 style=\"text-align: center;\"><strong>\u201cMeninos?!!!!\u201d<\/strong><\/h2>\n<h2 style=\"text-align: center;\"><strong>&#8220;Sim, meninos. S\u00e3o meninos cabeludos.&#8221; <\/strong><\/h2>\n<h2 style=\"text-align: center;\"><strong>Sil\u00eancio de meio segundo seguido de um \u201channnnn\u201d<\/strong><\/h2>\n<\/blockquote>\n<p style=\"text-align: justify;\">.<\/p>\n<p style=\"text-align: justify;\">S\u00e9rio? J\u00e1 inventaram at\u00e9 m\u00e1quina de p\u00e3o e as pessoas ainda se importam com o cabelo dos outros????<\/p>\n<p style=\"text-align: justify;\">Pensei em ir mais pro fundo do mar, em busca de privacidade. Uma onda safada nos aproximou novamente. Mais perguntas, for\u00e7ando uma aproxima\u00e7\u00e3o. Os guris tinham viajado durante a noite, dormido mal, nadaram a manh\u00e3 inteira, viajaram mais duas horas de carro. E estavam no mar! Felizes, como \u00e9 pra ser. N\u00e3o estavam interessados em perguntas e respostas. Estavam deslumbrados, como se fosse a primeira vez. Pra quem n\u00e3o mora na praia, acho que toda vez parece a primeira vez.<\/p>\n<p style=\"text-align: justify;\">Dois segundos mais de conversa, poucas respostas minhas e zero dos guris. E eles s\u00e3o bem queridos. O intruso solta: &#8220;ah, esse \u00e9 bem mais solto que o outro!&#8221; Se referindo ao meu filho mais novo.<\/p>\n<p style=\"text-align: justify;\"><strong>Mergulhei pra n\u00e3o mergulhar o intruso.<\/strong> Dar um caldinho n\u00e3o seria m\u00e1 ideia&#8230; mas meus filhos estavam ali e n\u00e3o gosto de dar mau exemplo.\u00a0TPM na escrita \u00e0 parte, porque \u00f3 c\u00e9us???? Qual a necessidade de se meter tanto? Vai fazer um castelo de areia, vai.<\/p>\n<div class=\"yj6qo ajU\">\n<div id=\":19u\" class=\"ajR\" style=\"text-align: justify;\" tabindex=\"0\" role=\"button\" data-tooltip=\"Mostrar conte\u00fado cortado\" aria-label=\"Mostrar conte\u00fado cortado\"><img decoding=\"async\" class=\"ajT\" src=\"https:\/\/ssl.gstatic.com\/ui\/v1\/icons\/mail\/images\/cleardot.gif\" \/><\/div>\n<\/div>\n","protected":false},"excerpt":{"rendered":"<p>Ano de 2018. S\u00e3o muitos anos de humanidade. Muitos. J\u00e1 inventaram a roda, penicilina, caf\u00e9 expresso, protetor solar&#8230; Talvez seja [&hellip;]<\/p>\n","protected":false},"author":10,"featured_media":3525,"comment_status":"open","ping_status":"open","sticky":false,"template":"","format":"standard","meta":{"_acf_changed":false,"footnotes":""},"categories":[17],"tags":[194,47,331,192,425,1051],"class_list":["post-3520","post","type-post","status-publish","format-standard","has-post-thumbnail","hentry","category-raquel-grabauska","tag-criancas","tag-cuidado-que-mancha","tag-ferias","tag-filhos","tag-maternidade","tag-palpiteiros"],"acf":[],"_links":{"self":[{"href":"https:\/\/vos.homolog.arsnova.work\/index.php?rest_route=\/wp\/v2\/posts\/3520","targetHints":{"allow":["GET"]}}],"collection":[{"href":"https:\/\/vos.homolog.arsnova.work\/index.php?rest_route=\/wp\/v2\/posts"}],"about":[{"href":"https:\/\/vos.homolog.arsnova.work\/index.php?rest_route=\/wp\/v2\/types\/post"}],"author":[{"embeddable":true,"href":"https:\/\/vos.homolog.arsnova.work\/index.php?rest_route=\/wp\/v2\/users\/10"}],"replies":[{"embeddable":true,"href":"https:\/\/vos.homolog.arsnova.work\/index.php?rest_route=%2Fwp%2Fv2%2Fcomments&post=3520"}],"version-history":[{"count":0,"href":"https:\/\/vos.homolog.arsnova.work\/index.php?rest_route=\/wp\/v2\/posts\/3520\/revisions"}],"wp:featuredmedia":[{"embeddable":true,"href":"https:\/\/vos.homolog.arsnova.work\/index.php?rest_route=\/wp\/v2\/media\/3525"}],"wp:attachment":[{"href":"https:\/\/vos.homolog.arsnova.work\/index.php?rest_route=%2Fwp%2Fv2%2Fmedia&parent=3520"}],"wp:term":[{"taxonomy":"category","embeddable":true,"href":"https:\/\/vos.homolog.arsnova.work\/index.php?rest_route=%2Fwp%2Fv2%2Fcategories&post=3520"},{"taxonomy":"post_tag","embeddable":true,"href":"https:\/\/vos.homolog.arsnova.work\/index.php?rest_route=%2Fwp%2Fv2%2Ftags&post=3520"}],"curies":[{"name":"wp","href":"https:\/\/api.w.org\/{rel}","templated":true}]}}