{"id":3517,"date":"2018-02-16T11:00:40","date_gmt":"2018-02-16T13:00:40","guid":{"rendered":"https:\/\/vos.homolog.arsnova.work\/?p=3517"},"modified":"2018-02-17T10:34:31","modified_gmt":"2018-02-17T12:34:31","slug":"fases","status":"publish","type":"post","link":"https:\/\/vos.homolog.arsnova.work\/?p=3517","title":{"rendered":"Fases"},"content":{"rendered":"<p style=\"text-align: justify;\">Meus dois filhos andavam bem dif\u00edceis. Tudo era motivo pra briga, manha, choramingos mil. E sempre que eles saem do prumo, revejo como estamos por aqui. Se sa\u00edmos da rotina, eles sentem. Se estamos tensos, eles sentem. Se &#8230; eles sentem. E se desorganizam. H\u00e1 que se respirar fundo pra cessar o motivo inicial e recome\u00e7ar a funcionar com calma. F\u00e1cil n\u00e3o \u00e9.<\/p>\n<p style=\"text-align: justify;\">No auge de um dia em que tive vontade de sair correndo a p\u00e9 pra \u00c1frica, perguntei pro meu filho mais velho, que estava na 83 manh\u00e3 da manh\u00e3 (isso era perto das 9h!) o que estava acontecendo. Perguntei n\u00e3o, dei um mega discurso. Ele, que at\u00e9 ent\u00e3o disparava um chilique por minuto, me disse:<\/p>\n<p>.<\/p>\n<blockquote>\n<h2 style=\"text-align: center;\"><strong>&#8220;Mam\u00e3e, tu tem que entender que eu t\u00f4 numa fase muito dif\u00edcil.&#8221;<\/strong><\/h2>\n<h2 style=\"text-align: center;\"><strong> Entre a vontade de rir e a certeza de que estava sendo enrolada, perguntei: qual fase? <\/strong><\/h2>\n<h2 style=\"text-align: center;\"><strong>&#8220;A fase dos dentes&#8221;<\/strong><\/h2>\n<\/blockquote>\n<p style=\"text-align: justify;\">.<br \/>\nAssim, sem enrolar, miar. S\u00f3 l\u00facido, anal\u00edtico. Sens\u00edvel e conhecedor de si mesmo. N\u00e3o vou dizer que foi um tapa de luva. <strong>Foi mesmo um mega soco com aquelas luvas de boxe que tu v\u00ea o atingido ir caindo pelo ringue lentamente at\u00e9 se espatifar no ch\u00e3o.\u00a0<\/strong>Ele tem seis anos e dois dentes nascendo ao mesmo tempo. Lembrei de que ele sempre foi o beb\u00ea mais doce do mundo. Quando nasciam os dentes, era muito sofrimento, choro, irrita\u00e7\u00e3o.<\/p>\n<p style=\"text-align: justify;\">E naquele dia ele virou meu beb\u00ea novamente. E depois virou a pessoa mais madura que j\u00e1 vi. Se dar conta de um processo desses, conseguir assimilar e expressar, \u00e9 para os grandes.\u00a0Me senti pequena, in\u00e1bil como m\u00e3e e completamente insens\u00edvel. Pedi desculpas e ando conversando com a fada do dente&#8230;<\/p>\n","protected":false},"excerpt":{"rendered":"<p>Meus dois filhos andavam bem dif\u00edceis. Tudo era motivo pra briga, manha, choramingos mil. E sempre que eles saem do [&hellip;]<\/p>\n","protected":false},"author":10,"featured_media":3620,"comment_status":"open","ping_status":"open","sticky":false,"template":"","format":"standard","meta":{"_acf_changed":false,"footnotes":""},"categories":[17],"tags":[194,1050,1049,192,425],"class_list":["post-3517","post","type-post","status-publish","format-standard","has-post-thumbnail","hentry","category-raquel-grabauska","tag-criancas","tag-fada-do-dente","tag-fases","tag-filhos","tag-maternidade"],"acf":[],"_links":{"self":[{"href":"https:\/\/vos.homolog.arsnova.work\/index.php?rest_route=\/wp\/v2\/posts\/3517","targetHints":{"allow":["GET"]}}],"collection":[{"href":"https:\/\/vos.homolog.arsnova.work\/index.php?rest_route=\/wp\/v2\/posts"}],"about":[{"href":"https:\/\/vos.homolog.arsnova.work\/index.php?rest_route=\/wp\/v2\/types\/post"}],"author":[{"embeddable":true,"href":"https:\/\/vos.homolog.arsnova.work\/index.php?rest_route=\/wp\/v2\/users\/10"}],"replies":[{"embeddable":true,"href":"https:\/\/vos.homolog.arsnova.work\/index.php?rest_route=%2Fwp%2Fv2%2Fcomments&post=3517"}],"version-history":[{"count":0,"href":"https:\/\/vos.homolog.arsnova.work\/index.php?rest_route=\/wp\/v2\/posts\/3517\/revisions"}],"wp:featuredmedia":[{"embeddable":true,"href":"https:\/\/vos.homolog.arsnova.work\/index.php?rest_route=\/wp\/v2\/media\/3620"}],"wp:attachment":[{"href":"https:\/\/vos.homolog.arsnova.work\/index.php?rest_route=%2Fwp%2Fv2%2Fmedia&parent=3517"}],"wp:term":[{"taxonomy":"category","embeddable":true,"href":"https:\/\/vos.homolog.arsnova.work\/index.php?rest_route=%2Fwp%2Fv2%2Fcategories&post=3517"},{"taxonomy":"post_tag","embeddable":true,"href":"https:\/\/vos.homolog.arsnova.work\/index.php?rest_route=%2Fwp%2Fv2%2Ftags&post=3517"}],"curies":[{"name":"wp","href":"https:\/\/api.w.org\/{rel}","templated":true}]}}