{"id":3508,"date":"2018-01-26T09:50:16","date_gmt":"2018-01-26T11:50:16","guid":{"rendered":"https:\/\/vos.homolog.arsnova.work\/?p=3508"},"modified":"2018-01-25T10:28:46","modified_gmt":"2018-01-25T12:28:46","slug":"criancas-e-dor-da-separacao","status":"publish","type":"post","link":"https:\/\/vos.homolog.arsnova.work\/?p=3508","title":{"rendered":"Crian\u00e7as e a dor da separa\u00e7\u00e3o"},"content":{"rendered":"<p style=\"text-align: justify;\">Hoje sa\u00edmos de f\u00e9rias. Trabalhos encaminhados, provid\u00eancias tomadas, tudo organizado. Malas prontas, filhos banhados e alimentados. Tudo certo. J\u00e1 na porta, resolvo dar o \u00faltimo carinho pra gata. Tem \u00e1gua, comida. Mais um carinho. Vai ter gente pra cuidar dela. Mas n\u00e3o seremos n\u00f3s. T\u00f4 nessas divaga\u00e7\u00f5es, uma lagriminha quase caindo. Ou\u00e7o um murm\u00fario que evolui rapidamente pra um dos prantos mais sofridos que j\u00e1 ouvi:<\/p>\n<p style=\"text-align: justify;\">.<\/p>\n<blockquote>\n<h2 style=\"text-align: center;\"><strong>Vou sentir saudades da Titaaaaaaaaaaa&#8230; A seguir, outra voz dilacerada se soma: vou sentir saudades da Titaaaaaaaaaaaaa! Os dois meninos se olham, olham pra gata que j\u00e1 havia pressentido o que estava por vir e, ao mesmo tempo: vou sentir saudades da Tiiiiiiitaaaaaaaaa!<\/strong><\/h2>\n<\/blockquote>\n<p style=\"text-align: justify;\">.<br \/>\nFicamos, meu marido e eu, explicando que estava tudo bem, que ela seria bem cuidada. O choro continua cada vez mais forte. Muito mais forte e mais sentido.\u00a0Lembrei dos meus bichinhos de estima\u00e7\u00e3o da inf\u00e2ncia. Era um amor imenso. A morte deles era algo dilacerante.<\/p>\n<p style=\"text-align: justify;\">Hoje meus filhotes se deram conta da dor da separa\u00e7\u00e3o. T\u00e3o com os olhinhos inchados e num funga-funga de dar d\u00f3.\u00a0Me impressionei com o quanto ficaram sentidos. Achei bonito o carinho e respeito que tiveram pela gata. Eles v\u00e3o sentir saudades da Titaaaaaaaa. Eu tamb\u00e9m.<\/p>\n","protected":false},"excerpt":{"rendered":"<p>Hoje sa\u00edmos de f\u00e9rias. Trabalhos encaminhados, provid\u00eancias tomadas, tudo organizado. Malas prontas, filhos banhados e alimentados. Tudo certo. J\u00e1 na [&hellip;]<\/p>\n","protected":false},"author":10,"featured_media":3509,"comment_status":"open","ping_status":"open","sticky":false,"template":"","format":"standard","meta":{"_acf_changed":false,"footnotes":""},"categories":[17],"tags":[194,47,1045,1043,1044],"class_list":["post-3508","post","type-post","status-publish","format-standard","has-post-thumbnail","hentry","category-raquel-grabauska","tag-criancas","tag-cuidado-que-mancha","tag-pequenos","tag-saudades","tag-separacao"],"acf":[],"_links":{"self":[{"href":"https:\/\/vos.homolog.arsnova.work\/index.php?rest_route=\/wp\/v2\/posts\/3508","targetHints":{"allow":["GET"]}}],"collection":[{"href":"https:\/\/vos.homolog.arsnova.work\/index.php?rest_route=\/wp\/v2\/posts"}],"about":[{"href":"https:\/\/vos.homolog.arsnova.work\/index.php?rest_route=\/wp\/v2\/types\/post"}],"author":[{"embeddable":true,"href":"https:\/\/vos.homolog.arsnova.work\/index.php?rest_route=\/wp\/v2\/users\/10"}],"replies":[{"embeddable":true,"href":"https:\/\/vos.homolog.arsnova.work\/index.php?rest_route=%2Fwp%2Fv2%2Fcomments&post=3508"}],"version-history":[{"count":0,"href":"https:\/\/vos.homolog.arsnova.work\/index.php?rest_route=\/wp\/v2\/posts\/3508\/revisions"}],"wp:featuredmedia":[{"embeddable":true,"href":"https:\/\/vos.homolog.arsnova.work\/index.php?rest_route=\/wp\/v2\/media\/3509"}],"wp:attachment":[{"href":"https:\/\/vos.homolog.arsnova.work\/index.php?rest_route=%2Fwp%2Fv2%2Fmedia&parent=3508"}],"wp:term":[{"taxonomy":"category","embeddable":true,"href":"https:\/\/vos.homolog.arsnova.work\/index.php?rest_route=%2Fwp%2Fv2%2Fcategories&post=3508"},{"taxonomy":"post_tag","embeddable":true,"href":"https:\/\/vos.homolog.arsnova.work\/index.php?rest_route=%2Fwp%2Fv2%2Ftags&post=3508"}],"curies":[{"name":"wp","href":"https:\/\/api.w.org\/{rel}","templated":true}]}}