{"id":3486,"date":"2018-02-16T23:40:23","date_gmt":"2018-02-17T01:40:23","guid":{"rendered":"https:\/\/vos.homolog.arsnova.work\/?p=3486"},"modified":"2018-02-17T10:55:33","modified_gmt":"2018-02-17T12:55:33","slug":"o-jovem-karl-marx","status":"publish","type":"post","link":"https:\/\/vos.homolog.arsnova.work\/?p=3486","title":{"rendered":"O Jovem Karl Marx"},"content":{"rendered":"<p style=\"text-align: justify;\"><em>O Jovem Karl Marx<\/em> mant\u00e9m vaga a cadeira dispon\u00edvel para que uma cinebiografia honrosa do fil\u00f3sofo alem\u00e3o possa enfeitar as nossas mem\u00f3rias. O filme de Raoul Peck \u00e9 altamente contradit\u00f3rio no mau sentido, isto \u00e9, n\u00e3o no sentido de como a filosofia de Marx pensava o processo da hist\u00f3ria. <strong>Peck filmou uma est\u00e1tua, n\u00e3o um homem<\/strong>. N\u00e3o necessariamente por idolatrar Marx, pois n\u00e3o parece ser esse o caso, mas antes por n\u00e3o penetrar o seu pensamento e, neste processo, revelar um Marx menos repleto de jarg\u00f5es. Dificilmente este filme articula a ideia de uma encena\u00e7\u00e3o econ\u00f4mica a uma montagem novel\u00edstica (que parecem ser propostas do cineasta), pois est\u00e1 baseado num ritmo estranho ao pr\u00f3prio objeto de sua investiga\u00e7\u00e3o.<\/p>\n<p>.<\/p>\n<blockquote>\n<h2 style=\"text-align: center;\"><strong>Os primeiros contatos com Engels, apenas modestamente criativos tal como filmados, impossibilitam que os personagens estejam \u00e0 altura de suas ideias<\/strong><\/h2>\n<\/blockquote>\n<p style=\"text-align: justify;\">.<\/p>\n<p style=\"text-align: justify;\">Embora o didatismo seja uma escolha evidente da narra\u00e7\u00e3o, Peck conduz seu filme movendo situa\u00e7\u00f5es por atropelos para encaixar flashes das principais (as mais virais) ideias de Marx. N\u00e3o resolve muito: a g\u00eanese do jovem Marx n\u00e3o est\u00e1 l\u00e1 sen\u00e3o como encarna\u00e7\u00e3o publicit\u00e1ria do g\u00eanio revolucion\u00e1rio que ele significa para a esquerda mundial, apesar da grande caracteriza\u00e7\u00e3o pessoal que August Diehl d\u00e1 a seu personagem, como grande ator que \u00e9. <strong><em>Publica-se a lenda<\/em><\/strong>.<\/p>\n<p>.<\/p>\n<blockquote>\n<h2 style=\"text-align: center;\"><strong>\u00c9 per\u00edodo pleno da Revolu\u00e7\u00e3o Industrial e l\u00e1 est\u00e1 tudo o que ela representou e representa: as m\u00e1quinas aumentam a produtividade do trabalho, produz-se mais riqueza social, mas esta produtividade aniquila os trabalhadores que enfrentam longas jornadas por sal\u00e1rios miser\u00e1veis e que esta riqueza n\u00e3o fica com eles<\/strong><\/h2>\n<\/blockquote>\n<p style=\"text-align: justify;\">.<\/p>\n<p style=\"text-align: justify;\">Engels, Marx, Proudhon, Stirner e outros est\u00e3o vendo o que Adam Smith e David Ricardo n\u00e3o puderam ver t\u00e3o claramente pois o objeto de suas pesquisas ainda estava em transforma\u00e7\u00e3o. O filme exp\u00f5e estes contatos, as diverg\u00eancias, as ideias te\u00f3ricas de cada um apenas rapidamente para conseguir estabelecer um corpo b\u00e1sico de sequ\u00eancias, o que \u00e9 tanto sua for\u00e7a quanto sua fraqueza. For\u00e7a, pois h\u00e1 um n\u00edtido esfor\u00e7o de representar um per\u00edodo central da produ\u00e7\u00e3o intelectual de Marx dos mais complexos (o da escrita de A Ideologia Alem\u00e3, 1845\/46, e do Manifesto Comunista, 1848), que talvez pela pr\u00f3pria impossibilidade da representa\u00e7\u00e3o seja disperso e fren\u00e9tico. Fraqueza, pois este frenesi empresta a Marx uma frivolidade cartunesca e, paradoxal que seja, idealista.<\/p>\n<p style=\"text-align: justify;\">Por \u00f3bvio, est\u00e3o l\u00e1 as cr\u00edticas aos jovens hegelianos, aos anarquistas (da corrente de Proudhon), aos pr\u00f3prios socialistas; discursos mais ou menos efusivos contra a burguesia, os alentos quantos aos processos revolucion\u00e1rios, a organiza\u00e7\u00e3o de alguns de seus principais textos, a vida familiar com Jenny (sobre quem, ali\u00e1s, se poderia fazer uma bela pe\u00e7a cinematogr\u00e1fica), enfim, v\u00e1rios momentos constitutivos da trajet\u00f3ria do jovem Marx.<\/p>\n<p style=\"text-align: justify;\">.<\/p>\n<blockquote>\n<h2 style=\"text-align: center;\"><strong>Acaba que, diante de tudo o que o filme quer mostrar, muito da for\u00e7a de <em>O Jovem Karl Marx<\/em> seja apenas picotado, fique de rebote daquilo que a \u00e2nsia em construir o mito deseja priorizar<\/strong><\/h2>\n<\/blockquote>\n<p>.<\/p>\n<p style=\"text-align: justify;\">Em observa\u00e7\u00e3o, parece relevante dizer que a express\u00e3o dos conceitos e das ideias de Marx s\u00e3o mat\u00e9rias de duro resgate \u2013 e o filme muito bem se esquiva de trazer para o cinema um Marx profeta. Se sempre o foram para os marxistas (e talvez principalmente para eles) e para seus detratores c\u00e9lebres (que em grande parte o leram mal), como n\u00e3o haveriam de ser para um singelo cineasta?<\/p>\n<p style=\"text-align: justify;\"><em>Le Jeune Karl Marx<\/em>, de Raoul Peck, Fran\u00e7a\/Alemanha\/B\u00e9lgica, 2017. Com August Diehl, Stefan Konarske, Hannah Steele,Vicky Krieps, Olivier Gourmet.<\/p>\n<p><iframe loading=\"lazy\" title=\"O Jovem Karl Marx | Trailer Legendado\" width=\"640\" height=\"360\" src=\"https:\/\/www.youtube.com\/embed\/2bHVqtI16Ko?feature=oembed\" frameborder=\"0\" allow=\"accelerometer; autoplay; clipboard-write; encrypted-media; gyroscope; picture-in-picture; web-share\" referrerpolicy=\"strict-origin-when-cross-origin\" allowfullscreen><\/iframe><\/p>\n","protected":false},"excerpt":{"rendered":"<p>O Jovem Karl Marx mant\u00e9m vaga a cadeira dispon\u00edvel para que uma cinebiografia honrosa do fil\u00f3sofo alem\u00e3o possa enfeitar as [&hellip;]<\/p>\n","protected":false},"author":15,"featured_media":3487,"comment_status":"open","ping_status":"open","sticky":false,"template":"","format":"standard","meta":{"_acf_changed":false,"footnotes":""},"categories":[26],"tags":[1086,1089,825,1087,1084,1088,1083,1085,291,826],"class_list":["post-3486","post","type-post","status-publish","format-standard","has-post-thumbnail","hentry","category-pedro-henrique-gomes","tag-adam-smith","tag-anarquismo","tag-comunismo","tag-david-ricardo","tag-engels","tag-hegel","tag-karl-marx","tag-marxismo","tag-raoul-peck","tag-socialismo"],"acf":[],"_links":{"self":[{"href":"https:\/\/vos.homolog.arsnova.work\/index.php?rest_route=\/wp\/v2\/posts\/3486","targetHints":{"allow":["GET"]}}],"collection":[{"href":"https:\/\/vos.homolog.arsnova.work\/index.php?rest_route=\/wp\/v2\/posts"}],"about":[{"href":"https:\/\/vos.homolog.arsnova.work\/index.php?rest_route=\/wp\/v2\/types\/post"}],"author":[{"embeddable":true,"href":"https:\/\/vos.homolog.arsnova.work\/index.php?rest_route=\/wp\/v2\/users\/15"}],"replies":[{"embeddable":true,"href":"https:\/\/vos.homolog.arsnova.work\/index.php?rest_route=%2Fwp%2Fv2%2Fcomments&post=3486"}],"version-history":[{"count":0,"href":"https:\/\/vos.homolog.arsnova.work\/index.php?rest_route=\/wp\/v2\/posts\/3486\/revisions"}],"wp:featuredmedia":[{"embeddable":true,"href":"https:\/\/vos.homolog.arsnova.work\/index.php?rest_route=\/wp\/v2\/media\/3487"}],"wp:attachment":[{"href":"https:\/\/vos.homolog.arsnova.work\/index.php?rest_route=%2Fwp%2Fv2%2Fmedia&parent=3486"}],"wp:term":[{"taxonomy":"category","embeddable":true,"href":"https:\/\/vos.homolog.arsnova.work\/index.php?rest_route=%2Fwp%2Fv2%2Fcategories&post=3486"},{"taxonomy":"post_tag","embeddable":true,"href":"https:\/\/vos.homolog.arsnova.work\/index.php?rest_route=%2Fwp%2Fv2%2Ftags&post=3486"}],"curies":[{"name":"wp","href":"https:\/\/api.w.org\/{rel}","templated":true}]}}