{"id":3458,"date":"2018-01-29T12:17:48","date_gmt":"2018-01-29T14:17:48","guid":{"rendered":"https:\/\/vos.homolog.arsnova.work\/?p=3458"},"modified":"2018-02-05T10:42:02","modified_gmt":"2018-02-05T12:42:02","slug":"conversao-do-homem-feminista","status":"publish","type":"post","link":"https:\/\/vos.homolog.arsnova.work\/?p=3458","title":{"rendered":"A convers\u00e3o do homem feminista"},"content":{"rendered":"<p class=\"p1\" style=\"text-align: justify;\"><span class=\"s1\">Existe algo que se chama lugar de fala, um conceito que acaba com a media\u00e7\u00e3o\u00a0<\/span><span class=\"s1\">condescendente. As pessoas passam a ser representantes leg\u00edtimas da pr\u00f3pria\u00a0<\/span><span class=\"s1\">luta, como deve ser. <strong>No caso do feminismo, o lugar de fala \u00e9 da mulher.<\/strong> Em um\u00a0<\/span><span class=\"s1\">mundo oprimido e espremido pelo machismo, no entanto, \u00e9 um alento o\u00a0<\/span><span class=\"s1\">encontro com um homem feminista. \u00c9 um alento escutar um homem defendendo\u00a0<\/span><span class=\"s1\">o direito de uma mulher a existir com liberdade e dignidade sem associ\u00e1-la \u00e0\u00a0<\/span><span class=\"s1\">histeria.\u00a0<\/span><\/p>\n<p class=\"p1\" style=\"text-align: justify;\"><span class=\"s1\">.<\/span><\/p>\n<blockquote>\n<h2 class=\"p1\" style=\"text-align: center;\"><strong><span class=\"s1\">O problema \u00e9 tratar o homem feminista como her\u00f3i e n\u00e3o como parceiro<\/span><\/strong><\/h2>\n<\/blockquote>\n<p>.<\/p>\n<p class=\"p1\" style=\"text-align: justify;\"><a href=\"https:\/\/www.washingtonpost.com\/news\/business\/wp\/2017\/12\/04\/john-oliver-grills-dustin-hoffman-over-sexual-harassment-allegation\/?utm_term=.74d7f8e8df0a\" target=\"_blank\" rel=\"noopener\"><span class=\"s1\">No m\u00eas passado, viralizou o v\u00eddeo em que o apresentador e humorista John Oliver\u00a0<\/span><\/a><span class=\"s1\">confronta Dustin Hoffman. O ator foi acusado de ter assediado sexualmente uma\u00a0<\/span><span class=\"s1\">estagi\u00e1ria de 17 anos durante as filmagens de A Morte do Caixeiro Viajante, de 1985,\u00a0e\u00a0<\/span><span class=\"s1\">respondeu dizendo que aquele comportamento n\u00e3o reflete \u201cquem ele realmente\u00a0<\/span><span class=\"s1\">\u00e9\u201d. Ao que Oliver disse: \u201c\u00c9 um reflexo de quem voc\u00ea era.\u201d<\/span><\/p>\n<p>.<\/p>\n<p><a href=\"https:\/\/vos.homolog.arsnova.work\/wp-content\/uploads\/2018\/01\/johnoliver.jpg\"><img loading=\"lazy\" decoding=\"async\" class=\"wp-image-3459 aligncenter\" src=\"https:\/\/vos.homolog.arsnova.work\/wp-content\/uploads\/2018\/01\/johnoliver.jpg\" alt=\"\" width=\"604\" height=\"378\" \/><\/a><\/p>\n<p>&nbsp;<\/p>\n<p style=\"text-align: center;\"><em><span class=\"s1\"><strong>HOFFMAN:<\/strong> Voc\u00ea acredita nessas coisas que voc\u00ea leu?<\/span><\/em><\/p>\n<p style=\"text-align: center;\"><em><span class=\"s1\"><strong>OLIVER:<\/strong> Eu acredito no que ela escreveu, sim.<\/span><\/em><\/p>\n<p style=\"text-align: center;\"><em><span class=\"s1\"><strong>HOFFMAN:<\/strong> Por que?<\/span><\/em><\/p>\n<p style=\"text-align: center;\"><em><span class=\"s1\"><strong>OLIVER:<\/strong> Porque ela n\u00e3o tem motivo para mentir.<\/span><\/em><\/p>\n<p style=\"text-align: center;\"><em><span class=\"s1\"><strong>HOFFMAN:<\/strong> Bom, h\u00e1 um motivo para ela n\u00e3o ter falado sobre isso por 40 anos.<\/span><\/em><\/p>\n<p style=\"text-align: center;\"><em><span class=\"s1\"><strong>OLIVER:<\/strong> Ohhhh, Dustin!<\/span><\/em><\/p>\n<p style=\"text-align: center;\"><em><span class=\"s1\">Nesse momento, Oliver esconde o rosto com as m\u00e3os<\/span><\/em><\/p>\n<p class=\"p1\" style=\"text-align: justify;\"><span class=\"s1\">.<\/span><\/p>\n<p class=\"p1\" style=\"text-align: justify;\"><span class=\"s1\">O Washington Post publicou o v\u00eddeo e, em quest\u00e3o de horas, a internet quebrou.\u00a0<\/span><span class=\"s1\">Pipocavam incans\u00e1veis as mensagens parabenizando Oliver pela coragem de n\u00e3o\u00a0<\/span><span class=\"s1\">ignorar algo t\u00e3o grave. <strong>Muitas pessoas passaram a tratar o humorista como um\u00a0<\/strong><\/span><span class=\"s1\"><strong>her\u00f3i feminista.<\/strong> Mas t\u00e3o r\u00e1pido quanto sua eleva\u00e7\u00e3o de <em>status<\/em> dentro do\u00a0<\/span><span class=\"s1\">movimento foi a queda do mito.\u00a0<\/span><span class=\"s1\">Quase que instantaneamente algu\u00e9m lembrou que o brit\u00e2nico tem uma equipe de\u00a0<\/span><span class=\"s1\">redatores predominantemente branca e masculina. Mais do que isso, h\u00e1 o caso\u00a0<\/span><span class=\"s1\">de 2010, em que I<a href=\"https:\/\/jezebel.com\/5570545\/comedy-of-errors-behind-the-scenes-of-the--daily-shows-lady-problem\" target=\"_blank\" rel=\"noopener\">rin Carmon escreveu uma cr\u00edtica feminista ao The Daily Show<\/a>,\u00a0<\/span><span class=\"s1\">dizendo que as mulheres que trabalhavam no programa consideravam o\u00a0<\/span><span class=\"s1\">ambiente hostil. Na \u00e9poca, Oliver diminuiu a cr\u00edtica reduzindo a\u00a0<\/span><span class=\"s1\">reclama\u00e7\u00e3o das mulheres a boatos, o famoso \u201c\u00e9 a minha palavra contra a delas.\u201d<\/span><\/p>\n<p>.<\/p>\n<blockquote>\n<h2 style=\"text-align: center;\"><strong><span class=\"s1\">A situa\u00e7\u00e3o de Oliver mostra, em um epis\u00f3dio, dois problemas fundamentais de\u00a0<\/span><span class=\"s1\">quando tratamos de homens e feminismo na mesma senten\u00e7a<\/span><\/strong><\/h2>\n<\/blockquote>\n<p class=\"p1\" style=\"text-align: justify;\"><span class=\"s1\">.<\/span><\/p>\n<p class=\"p1\" style=\"text-align: justify;\"><span class=\"s1\">De um lado, h\u00e1 o\u00a0<\/span><span class=\"s1\">impulso de tratar como her\u00f3is os homens que se posicionam ao lado das\u00a0<\/span><span class=\"s1\">mulheres; de outro, h\u00e1 a necessidade de isolar homens que deslizaram no\u00a0<\/span><span class=\"s1\">passado. Quando falo em deslizes, falo de posicionamentos impregnados pela\u00a0<\/span><span class=\"s1\">cultura do macho, n\u00e3o de atos criminosos.<\/span><\/p>\n<p class=\"p1\" style=\"text-align: justify;\"><span class=\"s1\">O tratamento do her\u00f3i \u00e9 equivocado porque homens feministas s\u00e3o nossos\u00a0<\/span><span class=\"s1\">aliados, nossos parceiros. Se a luta \u00e9 por direitos iguais, tudo o que <strong>n\u00e3o<\/strong> queremos \u00e9 a figura do pr\u00edncipe encantado ao resgate. Isso n\u00e3o significa que o\u00a0<\/span><span class=\"s1\">comportamento n\u00e3o mere\u00e7a aten\u00e7\u00e3o ou cumprimentos. Merece. Mas homens em\u00a0<\/span><span class=\"s1\">pedestal j\u00e1 temos o suficiente.\u00a0<\/span><span class=\"s1\">Por outro lado, diminuir a import\u00e2ncia da atitude de Oliver porque ele foi tosco\u00a0<\/span><span class=\"s1\">h\u00e1 sete anos \u00e9 tiro no p\u00e9. Porque partimos do princ\u00edpio que os homens n\u00e3o s\u00e3o\u00a0<\/span><span class=\"s1\">capazes de evoluir e, se o fizerem, n\u00f3s n\u00e3o vamos aceitar. <\/span><\/p>\n<p class=\"p1\" style=\"text-align: justify;\"><span class=\"s1\">.<\/span><\/p>\n<blockquote>\n<h2 class=\"p1\" style=\"text-align: center;\"><strong><span class=\"s1\">Ora, se a ideia \u00e9 que a\u00a0<\/span><span class=\"s1\">sociedade se torne menos machista, como \u00e9 poss\u00edvel que isso aconte\u00e7a sem\u00a0<\/span><span class=\"s1\">\u201chomens convertidos\u201d?<\/span><\/strong><\/h2>\n<\/blockquote>\n<p>.<\/p>\n<p class=\"p1\" style=\"text-align: justify;\"><span class=\"s1\">Al\u00e9m do mais, n\u00f3s precisamos de todas as vozes que pudermos ter.\u00a0<\/span><strong><span class=\"s1\">Voltando ao exemplo de John Oliver, se uma mulher tivesse tentado confrontar\u00a0<\/span><span class=\"s1\">Dustin Hoffman sobre o mesmo assunto, teria sido chamada de esquerdopata,\u00a0<\/span><\/strong><span class=\"s1\"><strong>feminazi, grosseira, dif\u00edcil, hist\u00e9rica.<\/strong> <strong>Seria falta de profissionalismo, seria vitimismo, seria\u00a0<\/strong><\/span><span class=\"s1\"><strong>deselegante, seria mimimi.<\/strong> \u00c9 claro que ele foi moldado dentro de um sistema\u00a0<\/span><span class=\"s1\">machista em que homens s\u00e3o privilegiados. Ele compartilha das falhas desse\u00a0<\/span><span class=\"s1\">sistema e reproduz padr\u00f5es desse sistema, como o fez em 2010. Mas esse\u00a0<\/span><span class=\"s1\">sistema n\u00e3o vai ser vencido sem que alguns dos homens desse mesmo sistema se\u00a0<\/span><span class=\"s1\">revoltem e se deixem transformar.<\/span><\/p>\n<p class=\"p1\" style=\"text-align: justify;\"><span class=\"s1\">Dizer o \u00f3bvio n\u00e3o\u00a0<\/span><span class=\"s1\">deveria ser um ato de coragem, e sim a norma\u00a0<\/span><span class=\"s1\">Mas enquanto n\u00e3o acontece, fico feliz de termos algu\u00e9m como John Oliver ao\u00a0<\/span><span class=\"s1\">nosso lado. N\u00f3s precisamos de homens que estejam dispostos a romper a zona\u00a0<\/span><span class=\"s1\">de conforto dos espa\u00e7os masculinos, que ajam publicamente para acabar com o\u00a0<\/span><span class=\"s1\">ass\u00e9dio e o machismo normalizados em nossa cultura.<\/span><\/p>\n","protected":false},"excerpt":{"rendered":"<p>Existe algo que se chama lugar de fala, um conceito que acaba com a media\u00e7\u00e3o\u00a0condescendente. As pessoas passam a ser [&hellip;]<\/p>\n","protected":false},"author":3,"featured_media":3460,"comment_status":"open","ping_status":"open","sticky":false,"template":"","format":"standard","meta":{"_acf_changed":false,"footnotes":""},"categories":[22],"tags":[1022,1020,284,9,1023,1019,1021,11],"class_list":["post-3458","post","type-post","status-publish","format-standard","has-post-thumbnail","hentry","category-georgia-santos","tag-aliados","tag-dustin-hoffmann","tag-feminismo","tag-georgia-santos","tag-homem-feminista","tag-john-oliver","tag-lugar-de-fala","tag-vos"],"acf":[],"_links":{"self":[{"href":"https:\/\/vos.homolog.arsnova.work\/index.php?rest_route=\/wp\/v2\/posts\/3458","targetHints":{"allow":["GET"]}}],"collection":[{"href":"https:\/\/vos.homolog.arsnova.work\/index.php?rest_route=\/wp\/v2\/posts"}],"about":[{"href":"https:\/\/vos.homolog.arsnova.work\/index.php?rest_route=\/wp\/v2\/types\/post"}],"author":[{"embeddable":true,"href":"https:\/\/vos.homolog.arsnova.work\/index.php?rest_route=\/wp\/v2\/users\/3"}],"replies":[{"embeddable":true,"href":"https:\/\/vos.homolog.arsnova.work\/index.php?rest_route=%2Fwp%2Fv2%2Fcomments&post=3458"}],"version-history":[{"count":0,"href":"https:\/\/vos.homolog.arsnova.work\/index.php?rest_route=\/wp\/v2\/posts\/3458\/revisions"}],"wp:featuredmedia":[{"embeddable":true,"href":"https:\/\/vos.homolog.arsnova.work\/index.php?rest_route=\/wp\/v2\/media\/3460"}],"wp:attachment":[{"href":"https:\/\/vos.homolog.arsnova.work\/index.php?rest_route=%2Fwp%2Fv2%2Fmedia&parent=3458"}],"wp:term":[{"taxonomy":"category","embeddable":true,"href":"https:\/\/vos.homolog.arsnova.work\/index.php?rest_route=%2Fwp%2Fv2%2Fcategories&post=3458"},{"taxonomy":"post_tag","embeddable":true,"href":"https:\/\/vos.homolog.arsnova.work\/index.php?rest_route=%2Fwp%2Fv2%2Ftags&post=3458"}],"curies":[{"name":"wp","href":"https:\/\/api.w.org\/{rel}","templated":true}]}}