{"id":3375,"date":"2018-01-05T21:29:40","date_gmt":"2018-01-05T23:29:40","guid":{"rendered":"https:\/\/vos.homolog.arsnova.work\/?p=3375"},"modified":"2018-01-06T13:20:25","modified_gmt":"2018-01-06T15:20:25","slug":"as-intemperies-climaticas","status":"publish","type":"post","link":"https:\/\/vos.homolog.arsnova.work\/?p=3375","title":{"rendered":"As intemp\u00e9ries clim\u00e1ticas"},"content":{"rendered":"<p style=\"text-align: justify;\">Dev\u00edamos viver na primavera. Ai, n\u00e3o. Na primavera tem flores, p\u00f3len, espirros, rinite. Quem sabe o ver\u00e3o? Brotoeja e mosquitos, n\u00e3o, obrigada. E se tentarmos o inverno? Nariz escorrendo, tosse, febre. Nananin\u00e3. O outono? N\u00e3o me vem nada de ruim pensando no outono.<\/p>\n<p style=\"text-align: justify;\">.<\/p>\n<blockquote>\n<h2 style=\"text-align: center;\"><strong>Quero viver no outono pra sempre<\/strong><\/h2>\n<\/blockquote>\n<p>.<\/p>\n<p style=\"text-align: justify;\">Ver\u00e3o \u00e9 bom pra quem t\u00e1 na praia. Me diz que gosta do ver\u00e3o e te pergunto em que praia tu est\u00e1s! Ou num ar condicionado eterno. Primavera \u00e9 lindo. \u00c9 mesmo. At\u00e9 a primeira otite do filho. \u00c9 tanta alergia, tanta secre\u00e7\u00e3o que tu esquece das flores. E o inverno? Ficamos mais charmosos, bem vestidos. E prontos pra correr qualquer maratona, porque vestir crian\u00e7as no inverno \u00e9 vencer uma maratona. Uma n\u00e3o, duas, no meu caso.<\/p>\n<p style=\"text-align: justify;\">Ent\u00e3o, realisticamente falando, s\u00f3 nos resta o outono. Aquela luz, o barulho dos p\u00e9s nas folhas, a temperatura nem muito quente nem muito fria. Sim, esse \u00e9 o mundo ideal. O inverno sempre foi minha esta\u00e7\u00e3o preferida. Acho gostoso o frio na pele. Gosto do vinho no frio. Mas quando chegou o primeiro filho, o inverno virou meu inimigo. Feliz com chegada do ver\u00e3o, n\u00e3o fiquei mais t\u00e3o feliz depois de ter que passar protetor solar naquele corpinho que vem junto com uma goela incr\u00edvel ao ter contato com aquela coisa gosmenta, mas necess\u00e1ria. Ent\u00e3o eu amava a pirmavera. At\u00e9 ver a quantidade de len\u00e7os de papel tentando dar conta daquele pobre narizinho.<\/p>\n<p style=\"text-align: justify;\">Resumindo, por ora, preciso viver num outono eterno. Algu\u00e9m me diz onde?<\/p>\n","protected":false},"excerpt":{"rendered":"<p>Dev\u00edamos viver na primavera. Ai, n\u00e3o. Na primavera tem flores, p\u00f3len, espirros, rinite. Quem sabe o ver\u00e3o? Brotoeja e mosquitos, [&hellip;]<\/p>\n","protected":false},"author":10,"featured_media":3377,"comment_status":"open","ping_status":"open","sticky":false,"template":"","format":"standard","meta":{"_acf_changed":false,"footnotes":""},"categories":[17],"tags":[469,972,974,973,971],"class_list":["post-3375","post","type-post","status-publish","format-standard","has-post-thumbnail","hentry","category-raquel-grabauska","tag-inverno","tag-mosquito","tag-outono","tag-primavera","tag-verao"],"acf":[],"_links":{"self":[{"href":"https:\/\/vos.homolog.arsnova.work\/index.php?rest_route=\/wp\/v2\/posts\/3375","targetHints":{"allow":["GET"]}}],"collection":[{"href":"https:\/\/vos.homolog.arsnova.work\/index.php?rest_route=\/wp\/v2\/posts"}],"about":[{"href":"https:\/\/vos.homolog.arsnova.work\/index.php?rest_route=\/wp\/v2\/types\/post"}],"author":[{"embeddable":true,"href":"https:\/\/vos.homolog.arsnova.work\/index.php?rest_route=\/wp\/v2\/users\/10"}],"replies":[{"embeddable":true,"href":"https:\/\/vos.homolog.arsnova.work\/index.php?rest_route=%2Fwp%2Fv2%2Fcomments&post=3375"}],"version-history":[{"count":0,"href":"https:\/\/vos.homolog.arsnova.work\/index.php?rest_route=\/wp\/v2\/posts\/3375\/revisions"}],"wp:featuredmedia":[{"embeddable":true,"href":"https:\/\/vos.homolog.arsnova.work\/index.php?rest_route=\/wp\/v2\/media\/3377"}],"wp:attachment":[{"href":"https:\/\/vos.homolog.arsnova.work\/index.php?rest_route=%2Fwp%2Fv2%2Fmedia&parent=3375"}],"wp:term":[{"taxonomy":"category","embeddable":true,"href":"https:\/\/vos.homolog.arsnova.work\/index.php?rest_route=%2Fwp%2Fv2%2Fcategories&post=3375"},{"taxonomy":"post_tag","embeddable":true,"href":"https:\/\/vos.homolog.arsnova.work\/index.php?rest_route=%2Fwp%2Fv2%2Ftags&post=3375"}],"curies":[{"name":"wp","href":"https:\/\/api.w.org\/{rel}","templated":true}]}}