{"id":3367,"date":"2018-02-03T10:36:19","date_gmt":"2018-02-03T12:36:19","guid":{"rendered":"https:\/\/vos.homolog.arsnova.work\/?p=3367"},"modified":"2018-02-03T21:22:02","modified_gmt":"2018-02-03T23:22:02","slug":"como-viajar-apenas-com-bagagem-de-mao","status":"publish","type":"post","link":"https:\/\/vos.homolog.arsnova.work\/?p=3367","title":{"rendered":"Como viajar apenas com bagagem de m\u00e3o"},"content":{"rendered":"<p style=\"text-align: justify;\">O carnaval est\u00e1 chegando e muita gente vai viajar para curtir o feriad\u00e3o. Alguns v\u00e3o para a praia, outros para o Rio, outros para o Nordeste. H\u00e1 tamb\u00e9m quem v\u00e1 escapar para mais longe e atravessar o Oceano. Mas o que todos tem em comum \u00e9 o fato de que ningu\u00e9m quer se preocupar com o que colocar na mala. At\u00e9 porque, no caso do carnaval h\u00e1 outras prioridades &#8211; e trajes sum\u00e1rios. Mas como n\u00e3o se preocupar?<\/p>\n<p style=\"text-align: justify;\">.<\/p>\n<blockquote>\n<h2 style=\"text-align: justify;\"><strong>\u00c9 muito simples, basta viajar apenas com a bagagem de m\u00e3o<\/strong><\/h2>\n<\/blockquote>\n<p style=\"text-align: justify;\">.<\/p>\n<p style=\"text-align: justify;\">N\u00e3o precisa se preocupar com bagagem extraviada. Nada de ficar mil anos esperando a mala aparecer na esteira. Nenhuma chance de precisar pagar alguma taxa extra. Parece dif\u00edcil, mas \u00e9 bastante simples. Basta ser objetivo. No inverno complica um pouco, mas \u00e9 perfeito pra o carnaval, especialmente com alguns truques na manga. E se a ideia \u00e9 voltar com muitas compras, basta comprar uma mala no pa\u00eds de destino e despachar somente na volta, que tal?<\/p>\n<p>.<\/p>\n<h2><strong>1. Comece comprando uma mala compacta, por\u00e9m espa\u00e7osa<\/strong><\/h2>\n<p style=\"text-align: justify;\">As malas que podemos carregar no avi\u00e3o, sem despachar, n\u00e3o s\u00e3o todas iguais. O ideial \u00e9 encontrar uma que seja compacta, para ser f\u00e1cil de carregar, mas espa\u00e7osa. De prefer\u00eancia com alguns bolsos externos e um expansor;<\/p>\n<p>.<\/p>\n<h2 style=\"text-align: justify;\"><strong>2. Espalhe tudo pela cama<\/strong><\/h2>\n<p style=\"text-align: justify;\">Essa etapa \u00e9 fundamental. Sem pensar no tamanho da mala, espalhe pela cama tudo o que tu achas que \u00e9 imprescind\u00edvel. A partir da\u00ed, edite e fique com o b\u00e1sico;<\/p>\n<p>.<\/p>\n<h2 style=\"text-align: justify;\"><strong>3. N\u00e3o repita itens pesados<\/strong><\/h2>\n<p style=\"text-align: justify;\">\u00c9 absolutamente desnecess\u00e1rio levar dois t\u00eanis, duas cal\u00e7as jeans, dois casacos, duas saias. Claro que tu precisas de mais de uma blusa, por exemplo, mas leve apenas uma pe\u00e7a dos artigos mais pesados;<\/p>\n<p>.<\/p>\n<h2><strong>4. Invista em pe\u00e7as \u00fanicas<\/strong><\/h2>\n<p style=\"text-align: justify;\">Essa vale para mais as mulheres. Invista em pe\u00e7as \u00fanicas, vestidos e macac\u00f5es. . Afinal, em geral, um vestido ocupa menos espa\u00e7o que uma saia e uma blusa;<\/p>\n<p>.<\/p>\n<h2><strong>5. N\u00e3o exagere nas pe\u00e7as \u00edntimas<\/strong><\/h2>\n<p style=\"text-align: justify;\">Leve somente o necess\u00e1rio, ou seja, uma para cada dia. Afinal, n\u00e3o \u00e9 dif\u00edcil lavar uma calcinha ou cueca. O mesmo vale para meias;<\/p>\n<p>.<\/p>\n<h2><strong>6. Economize nos cosm\u00e9ticos<\/strong><\/h2>\n<p style=\"text-align: justify;\">Leve somente o essencial, o m\u00ednimo. Creme dental, desodorante, sabonete, xampu, condicionador. Se a qualidade dos produtos n\u00e3o for importante, nem isso precisa, j\u00e1 que alguns hot\u00e9is oferecem miniaturas.<\/p>\n<p style=\"text-align: justify;\">O mesmo vale para a maquiagem: corretivo, batom e r\u00edmel. At\u00e9 porque, \u00e9 sempre uma compra poss\u00edvel \u2013 ou prov\u00e1vel. Al\u00e9m da quantidade, cuidado com o tamanho. As embalagens precisam ter menos de 100ml e guardadas em um saquinho transparente. No carnaval t\u00e1 liberado o brilho, hein;<\/p>\n<p>.<\/p>\n<h2><strong>7. Otimize o espa\u00e7o<\/strong><\/h2>\n<p style=\"text-align: justify;\">Nada de atirar as coisas de qualquer maneira. Dobre com cuidado e organize os itens de maneira a aproveitar ao m\u00e1ximo o espa\u00e7o da mala;<\/p>\n<p>.<\/p>\n<h2><strong>8. Deixe os l\u00edquidos em local acess\u00edvel<\/strong><\/h2>\n<p style=\"text-align: justify;\">Nada de esconder os l\u00edquidos no fundo da mala, sempre coloque por \u00faltimo. Deixe por cima do restante, porque talvez a seguran\u00e7a do aeroporto queira averiguar; Por precau\u00e7\u00e3o, leve um segundo kit de higiene na bolsa;<\/p>\n<p><em>Foto: Pixabay<\/em><\/p>\n","protected":false},"excerpt":{"rendered":"<p>O carnaval est\u00e1 chegando e muita gente vai viajar para curtir o feriad\u00e3o. Alguns v\u00e3o para a praia, outros para [&hellip;]<\/p>\n","protected":false},"author":3,"featured_media":3563,"comment_status":"open","ping_status":"open","sticky":false,"template":"","format":"standard","meta":{"_acf_changed":false,"footnotes":""},"categories":[1],"tags":[1001,9,8,1002,332,842,11],"class_list":["post-3367","post","type-post","status-publish","format-standard","has-post-thumbnail","hentry","category-guia-de-viagem","tag-bagagem-de-mao","tag-georgia-santos","tag-guia-de-viagem","tag-praticidade","tag-turismo","tag-viagem","tag-vos"],"acf":[],"_links":{"self":[{"href":"https:\/\/vos.homolog.arsnova.work\/index.php?rest_route=\/wp\/v2\/posts\/3367","targetHints":{"allow":["GET"]}}],"collection":[{"href":"https:\/\/vos.homolog.arsnova.work\/index.php?rest_route=\/wp\/v2\/posts"}],"about":[{"href":"https:\/\/vos.homolog.arsnova.work\/index.php?rest_route=\/wp\/v2\/types\/post"}],"author":[{"embeddable":true,"href":"https:\/\/vos.homolog.arsnova.work\/index.php?rest_route=\/wp\/v2\/users\/3"}],"replies":[{"embeddable":true,"href":"https:\/\/vos.homolog.arsnova.work\/index.php?rest_route=%2Fwp%2Fv2%2Fcomments&post=3367"}],"version-history":[{"count":0,"href":"https:\/\/vos.homolog.arsnova.work\/index.php?rest_route=\/wp\/v2\/posts\/3367\/revisions"}],"wp:featuredmedia":[{"embeddable":true,"href":"https:\/\/vos.homolog.arsnova.work\/index.php?rest_route=\/wp\/v2\/media\/3563"}],"wp:attachment":[{"href":"https:\/\/vos.homolog.arsnova.work\/index.php?rest_route=%2Fwp%2Fv2%2Fmedia&parent=3367"}],"wp:term":[{"taxonomy":"category","embeddable":true,"href":"https:\/\/vos.homolog.arsnova.work\/index.php?rest_route=%2Fwp%2Fv2%2Fcategories&post=3367"},{"taxonomy":"post_tag","embeddable":true,"href":"https:\/\/vos.homolog.arsnova.work\/index.php?rest_route=%2Fwp%2Fv2%2Ftags&post=3367"}],"curies":[{"name":"wp","href":"https:\/\/api.w.org\/{rel}","templated":true}]}}