{"id":3361,"date":"2018-01-06T09:56:16","date_gmt":"2018-01-06T11:56:16","guid":{"rendered":"https:\/\/vos.homolog.arsnova.work\/?p=3361"},"modified":"2018-01-06T00:09:31","modified_gmt":"2018-01-06T02:09:31","slug":"sete-momentos-em-o-globo-de-ouro-foi-palco-de-protestos","status":"publish","type":"post","link":"https:\/\/vos.homolog.arsnova.work\/?p=3361","title":{"rendered":"Sete momentos em o Globo de Ouro foi palco de protestos"},"content":{"rendered":"<p style=\"text-align: justify;\">O tapete vermelho ser\u00e1 diferente neste domingo (7). As atrizes de Hollywood prometem usar preto na cerim\u00f4nia do Globo de Ouro, em Los Angeles. A a\u00e7\u00e3o ocorre em solidariedade ao movimento <a href=\"https:\/\/metoomvmt.org\" target=\"_blank\" rel=\"noopener\"><strong>#metoo<\/strong><\/a>, que denuncia o ass\u00e9dio e abuso sexual na ind\u00fastria cinematogr\u00e1fica. A campanha foi lan\u00e7ada ap\u00f3s as in\u00fameras den\u00fancias contra o produtor Harvey Weinstein e outros poderosos do ramo como uma forma de levante, de desabafo.<\/p>\n<p style=\"text-align: justify;\">A cerim\u00f4nia \u00e9 basicamente um <em>open bar<\/em>, o que promove uma atmosfera bastante diferente do Oscar, mais informal e descontra\u00edda. <strong>O que n\u00e3o impediu, por\u00e9m, que o Globo de Ouro fosse palco de resist\u00eancia ao longo dos anos. De pol\u00edtica.<\/strong> \u00c0s vezes em tom jocoso, \u00e0s vezes despretensiosamente, \u00e0s vezes com a seriedade que o pr\u00f3prio tema carregava, \u00e0s vezes em forma de afirma\u00e7\u00e3o. <strong>Ou seja, n\u00e3o \u00e9 a primeira vez em que a premia\u00e7\u00e3o servir\u00e1 de palanque para uma causa.<\/strong><\/p>\n<p style=\"text-align: justify;\">.<\/p>\n<blockquote>\n<h2 style=\"text-align: center;\"><strong>Listamos sete momentos em que o Globo de Ouro foi palco de protestos &#8211; ou de coragem<\/strong><\/h2>\n<\/blockquote>\n<p>.<\/p>\n<h2 style=\"text-align: justify;\"><strong>1. Tina Fey e Amy Poehler cutucando o machismo em 2014<\/strong><\/h2>\n<p style=\"text-align: justify;\">As duas s\u00e3o hil\u00e1rias e j\u00e1 proporcionaram momentos memor\u00e1veis ao apresentar o Globo de Ouro em mais de uma ocasi\u00e3o. Mas muito antes de o movimento feminista ressurgir como no ano em que passou, Tina Fey e Amy Poehler alfinetaram a ind\u00fastria cinematogr\u00e1fica e os padr\u00f5es absurdos estabelecidos como ideal de beleza feminina com uma piadinha. Ao falar do emagrecimento de Mathew McConaghey para o papel em Clube de Compras Dallas, as duas dispararam: \u201cEle perdeu 20 quilos, o que uma atriz chama de estar em um filme\u201d \u2013 \u201cHe lost 45 pounds, or what actresses call being on a movie\u201d.<\/p>\n<p style=\"text-align: center;\"><iframe loading=\"lazy\" src=\"\/\/www.youtube.com\/embed\/LROHs5IYanU\" width=\"560\" height=\"314\" allowfullscreen=\"allowfullscreen\"><\/iframe><\/p>\n<p>.<\/p>\n<h2 style=\"text-align: justify;\"><strong>2. O discurso de Meryl Streep em 2017<\/strong><\/h2>\n<p style=\"text-align: justify;\">A atriz foi homenageada com o pr\u00eamio Cecil B. DeMille, pelo conjunto da obra, e aproveitou o momento para desabafar. Com pelo menos metade do pa\u00eds ainda atordoada com a elei\u00e7\u00e3o de Donald Trump, Meryl Streep fez um discurso impactante, pedindo empatia aos estrangeiros \u2013 aproveitando, inclusive, o fato de que o Globo de Ouro \u00e9 organizado pela Associa\u00e7\u00e3o de Correspondentes Estrangeiros de Hollywood.<br \/>\n\u201cEste instinto de humilhar, quando feito por algu\u00e9m em uma plataforma p\u00fablica, afeta a vida de todo mundo, porque d\u00e1 permiss\u00e3o para outros fazerem o mesmo. Desrespeito convida desrespeito, viol\u00eancia incita viol\u00eancia. Quando os poderosos usam de suas posi\u00e7\u00f5es para praticar bullying contra os outros, todos n\u00f3s perdemos\u201d, disse.<\/p>\n<p style=\"text-align: center;\"><iframe loading=\"lazy\" src=\"\/\/www.youtube.com\/embed\/hUVXPsE0qIg\" width=\"560\" height=\"314\" allowfullscreen=\"allowfullscreen\"><\/iframe><\/p>\n<p>.<\/p>\n<h2 style=\"text-align: justify;\"><strong>3. Globo de Ouro cancelado em fun\u00e7\u00e3o da greve dos roteiristas em 2008<\/strong><\/h2>\n<p style=\"text-align: justify;\">A premia\u00e7\u00e3o foi palco de protesto at\u00e9 mesmo quando n\u00e3o aconteceu. Em 2008, a cerim\u00f4nia foi cancelada em fun\u00e7\u00e3o da greve dos roteiristas de Hollywood, que amea\u00e7ava um tapete vermelho vazio. Os vencedores foram anunciados em uma coletiva de imprensa.<\/p>\n<p><a href=\"https:\/\/vos.homolog.arsnova.work\/wp-content\/uploads\/2018\/01\/greve-roteiristas-blog-Cinema-News-800x445.png\"><img loading=\"lazy\" decoding=\"async\" class=\"size-full wp-image-3381 aligncenter\" src=\"https:\/\/vos.homolog.arsnova.work\/wp-content\/uploads\/2018\/01\/greve-roteiristas-blog-Cinema-News-800x445.png\" alt=\"\" width=\"800\" height=\"445\" \/><\/a><\/p>\n<p>.<\/p>\n<h2 style=\"text-align: justify;\"><strong>4. Tina Fey e os haters em 2009<\/strong><\/h2>\n<p style=\"text-align: justify;\">De novo a frente do seu tempo, Tina Fey aproveitou o momento em que recebeu o pr\u00eamio de melhor atriz em s\u00e9rie de com\u00e9dia por 30 Rock para falar dos haters nas redes sociais. Ela lembrou que se algu\u00e9m estiver em risco de se sentir muito bem consigo mesmo, basta acessar a internet. E ainda citou nominalmente um hater de estima\u00e7\u00e3o.<\/p>\n<p style=\"text-align: center;\"><iframe loading=\"lazy\" src=\"\/\/www.youtube.com\/embed\/n4bFDgMUj7I\" width=\"560\" height=\"314\" allowfullscreen=\"allowfullscreen\"><\/iframe><\/p>\n<p>.<\/p>\n<h2 style=\"text-align: justify;\"><strong>5. Jodie Foster (praticamente) assumindo a homossexualidade em 2013<\/strong><\/h2>\n<p style=\"text-align: justify;\">Conhecida por manter a vida privada, bem, privada, a atriz surpreendeu a todos quando recebeu o pr\u00eamio Cecil B. Demille em 2013. Durante o discurso, ela disse: \u201cEu acho que tenho essa necessidade s\u00fabita de dizer algo que eu nunca fui capaz de divulgar em p\u00fablico. Mas eu vou simplesmente falar, certo? Alto e com orgulho, certo? Ent\u00e3o eu vou precisar do seu apoio nisso. Eu sou solteira.\u201d<\/p>\n<p style=\"text-align: center;\"><iframe loading=\"lazy\" src=\"\/\/www.youtube.com\/embed\/Er3xdrhCXuQ\" width=\"560\" height=\"314\" allowfullscreen=\"allowfullscreen\"><\/iframe><\/p>\n<p>.<\/p>\n<h2><strong>6. Tracy Morgan e a Am\u00e9rica p\u00f3s-racial em 2009<\/strong><\/h2>\n<p style=\"text-align: justify;\">Quando 30 Rock venceu o pr\u00eamio de melhor s\u00e9rie de com\u00e9dia, o ator Tracy Morgan tirou a estatueta das m\u00e3os da criadora do programa e disse: Tina Fey e eu fizemos um acordo. Se Barack Obama vencesse as elei\u00e7\u00f5es, eu falaria em nome da s\u00e9rie de agora em diante. Bem-vindos \u00e0 Am\u00e9rica p\u00f3s-racial. Eu sou a face da Am\u00e9rica p\u00f3s-racial. Lide com isso, Cate Blanchett!\u201d<\/p>\n<p style=\"text-align: center;\"><iframe loading=\"lazy\" src=\"\/\/www.youtube.com\/embed\/217HJgBJ8Gk\" width=\"560\" height=\"314\" allowfullscreen=\"allowfullscreen\"><\/iframe><\/p>\n<p>.<\/p>\n<h2 style=\"text-align: justify;\"><strong>7. Oliver Stone protesta contra a pol\u00edtica anti-drogas em 1979<\/strong><\/h2>\n<p style=\"text-align: justify;\">No discurso de agradecimento pelo pr\u00eamio de melhor roteiro pelo filme Expresso da Meia Noite, Oliver Stone fez um protesto contra a pol\u00edtica anti-drogas em vigor nos Estados Unidos. Foi justamente naquele per\u00edodo em que come\u00e7ou o encarceramento em massa da popula\u00e7\u00e3o negra norte-americana, muito bem abordado pelo document\u00e1rio 13 Emenda. Ele foi retirado a for\u00e7a do palco e n\u00f3s n\u00e3o conseguimos encontrar imagens do momento. H\u00e1, por\u00e9m, a declara\u00e7\u00e3o de quando ele ganha o Oscar no mesmo ano e mostra \u201cconsidera\u00e7\u00e3o a todos os homens e mulheres, em todo o mundo, que est\u00e3o na pris\u00e3o nesta noite.\u201d<\/p>\n<p style=\"text-align: center;\"><iframe loading=\"lazy\" src=\"\/\/www.youtube.com\/embed\/4VFUxZflwy8\" width=\"560\" height=\"314\" allowfullscreen=\"allowfullscreen\"><\/iframe><\/p>\n<p><em>Fotos: Getty Images<\/em><\/p>\n","protected":false},"excerpt":{"rendered":"<p>O tapete vermelho ser\u00e1 diferente neste domingo (7). As atrizes de Hollywood prometem usar preto na cerim\u00f4nia do Globo de [&hellip;]<\/p>\n","protected":false},"author":3,"featured_media":3382,"comment_status":"open","ping_status":"open","sticky":false,"template":"","format":"standard","meta":{"_acf_changed":false,"footnotes":""},"categories":[203],"tags":[963,967,961,962,970,965,968,964,966,969,11],"class_list":["post-3361","post","type-post","status-publish","format-standard","has-post-thumbnail","hentry","category-tao-serie","tag-metoo","tag-amy-poehler","tag-globo-de-ouro","tag-golden-globes","tag-jodie-foster","tag-meryl-streep","tag-oliver-stone","tag-protesto","tag-tina-fey","tag-tracy-morgan","tag-vos"],"acf":[],"_links":{"self":[{"href":"https:\/\/vos.homolog.arsnova.work\/index.php?rest_route=\/wp\/v2\/posts\/3361","targetHints":{"allow":["GET"]}}],"collection":[{"href":"https:\/\/vos.homolog.arsnova.work\/index.php?rest_route=\/wp\/v2\/posts"}],"about":[{"href":"https:\/\/vos.homolog.arsnova.work\/index.php?rest_route=\/wp\/v2\/types\/post"}],"author":[{"embeddable":true,"href":"https:\/\/vos.homolog.arsnova.work\/index.php?rest_route=\/wp\/v2\/users\/3"}],"replies":[{"embeddable":true,"href":"https:\/\/vos.homolog.arsnova.work\/index.php?rest_route=%2Fwp%2Fv2%2Fcomments&post=3361"}],"version-history":[{"count":0,"href":"https:\/\/vos.homolog.arsnova.work\/index.php?rest_route=\/wp\/v2\/posts\/3361\/revisions"}],"wp:featuredmedia":[{"embeddable":true,"href":"https:\/\/vos.homolog.arsnova.work\/index.php?rest_route=\/wp\/v2\/media\/3382"}],"wp:attachment":[{"href":"https:\/\/vos.homolog.arsnova.work\/index.php?rest_route=%2Fwp%2Fv2%2Fmedia&parent=3361"}],"wp:term":[{"taxonomy":"category","embeddable":true,"href":"https:\/\/vos.homolog.arsnova.work\/index.php?rest_route=%2Fwp%2Fv2%2Fcategories&post=3361"},{"taxonomy":"post_tag","embeddable":true,"href":"https:\/\/vos.homolog.arsnova.work\/index.php?rest_route=%2Fwp%2Fv2%2Ftags&post=3361"}],"curies":[{"name":"wp","href":"https:\/\/api.w.org\/{rel}","templated":true}]}}