{"id":3059,"date":"2017-11-20T16:34:34","date_gmt":"2017-11-20T18:34:34","guid":{"rendered":"https:\/\/vos.homolog.arsnova.work\/?p=3059"},"modified":"2017-11-20T18:56:58","modified_gmt":"2017-11-20T20:56:58","slug":"consciencia-e-invisibilidade-negra","status":"publish","type":"post","link":"https:\/\/vos.homolog.arsnova.work\/?p=3059","title":{"rendered":"Consci\u00eancia e invisibilidade negra"},"content":{"rendered":"<p style=\"text-align: justify;\">Dia 20 de novembro \u00e9 o <strong>Dia Nacional da Consci\u00eancia Negra<\/strong>. A data foi escolhida em homenagem \u00e0 morte de Zumbi dos Palmares (1655-1695), principal refer\u00eancia negra na hist\u00f3ria do Brasil. Todos n\u00f3s sabemos disso, do porqu\u00ea ser feriado em algumas cidades. Entretanto, uma coisa n\u00e3o pode passar batido nessas ora\u00e7\u00f5es: refer\u00eancia.<\/p>\n<p style=\"text-align: justify;\">.<\/p>\n<blockquote>\n<h2 style=\"text-align: center;\"><strong>Zumbi \u00e9, sim, o primeiro nome em que pensamos quando falamos de negritude no pa\u00eds, mas ele n\u00e3o \u00e9 um basti\u00e3o, o \u00fanico<\/strong><\/h2>\n<\/blockquote>\n<p>.<\/p>\n<p style=\"text-align: justify;\">Temos muitas refer\u00eancias negras na nossa hist\u00f3ria e, <strong>propositalmente<\/strong>, n\u00e3o sabemos de sua exist\u00eancia. Em conversas com amigos \u2013 negros e brancos de diferentes classes sociais \u2013 fiquei assustado ao saber do desconhecimento de nomes como <a href=\"https:\/\/pt.wikipedia.org\/wiki\/Abdias_do_Nascimento\" target=\"_blank\" rel=\"noopener\">Abdias do Nascimento<\/a> (1914-2011) e <a href=\"https:\/\/pt.wikipedia.org\/wiki\/L\u00e9lia_Gonzalez\" target=\"_blank\" rel=\"noopener\">L\u00e9lia Gonzalez<\/a> (1935-1994). Esses dois foram l\u00edderes contempor\u00e2neos que tiveram impacto na cultura e pol\u00edtica negra brasileira no \u00faltimo s\u00e9culo, <strong>mas por que n\u00e3o os conhecemos?<\/strong> Ou pior: por que n\u00e3o vamos atr\u00e1s de suas hist\u00f3rias?<\/p>\n<p style=\"text-align: justify;\">.<\/p>\n<blockquote>\n<h2 style=\"text-align: center;\"><strong>Porque o racismo age de muitas formas e invisibilizar o negro \u00e9 uma delas<\/strong><\/h2>\n<\/blockquote>\n<p>.<\/p>\n<p style=\"text-align: justify;\">Sou de Porto Alegre, nascido e criado, e s\u00f3 em 2015 passei a conhecer eventos de identidade e resist\u00eancia do povo negro da cidade. <strong>Porto Alegre \u00e9 uma cidade com uma segrega\u00e7\u00e3o absurda.<\/strong> Todos n\u00f3s, moradores da Capital, sabemos disso. No momento em que falamos os nomes dos bairros Moinhos de Vento e Restinga, conseguimos enxergar a cor dos moradores. Conseguimos fazer as associa\u00e7\u00f5es de branco e negro; rico e pobre; central e perif\u00e9rico; bom e ruim; organizado e bagun\u00e7ado; limpo e sujo. E fazemos isso sem esfor\u00e7o nenhum, \u201c\u00e9 natural.\u201d<\/p>\n<p style=\"text-align: justify;\">O Dia Nacional da Consci\u00eancia Negra \u00e9 um dia para que se reflita em cima de quest\u00f5es como essa, a da invisibilidade. Ele serve para que o debate do racismo seja levado ao maior n\u00famero de pessoas poss\u00edvel, brancas e\/ou negras. Ele serve para pensarmos em formas de mudar essas associa\u00e7\u00f5es de bom e ruim, no momento em que falamos sobre pessoas brancas e pessoas negras. <strong>Ele serve para que as refer\u00eancias negras n\u00e3o sejam esquecidas, mas, sim, estudadas e respeitadas.<\/strong><\/p>\n<p style=\"text-align: justify;\">E esse momento de reflex\u00e3o sobre a invisibilidade pode come\u00e7ar em Porto Alegre, uma das cidades mais ricas em cultura e hist\u00f3ria negra do Brasil. Na cidade que abrigou uma das maiores refer\u00eancias negras do pa\u00eds: <a href=\"https:\/\/pt.wikipedia.org\/wiki\/Oliveira_Silveira\" target=\"_blank\" rel=\"noopener\">Oliveira Silveira<\/a> (1941-2009). Na cidade em que se iniciou o movimento e o projeto para que o 20 de novembro fosse escolhido como o dia da nossa consci\u00eancia negra.<\/p>\n<p>.<\/p>\n<p style=\"text-align: justify;\"><em>*Na foto, Oliveira Silveira, poeta, militante do Movimento Negro e um dos l\u00edderes da campanha pelo reconhecimento do Dia Nacional da Consci\u00eancia Negra (<\/em><em>Divulga\u00e7\u00e3o)<\/em><\/p>\n","protected":false},"excerpt":{"rendered":"<p>Dia 20 de novembro \u00e9 o Dia Nacional da Consci\u00eancia Negra. A data foi escolhida em homenagem \u00e0 morte de [&hellip;]<\/p>\n","protected":false},"author":21,"featured_media":3067,"comment_status":"open","ping_status":"open","sticky":false,"template":"","format":"standard","meta":{"_acf_changed":false,"footnotes":""},"categories":[884],"tags":[887,885,886,277,289,888],"class_list":["post-3059","post","type-post","status-publish","format-standard","has-post-thumbnail","hentry","category-airan-albino","tag-airan-albino","tag-dia-da-consciencia-negra","tag-invisibilizacao","tag-preconceito","tag-racismo","tag-referencias"],"acf":[],"_links":{"self":[{"href":"https:\/\/vos.homolog.arsnova.work\/index.php?rest_route=\/wp\/v2\/posts\/3059","targetHints":{"allow":["GET"]}}],"collection":[{"href":"https:\/\/vos.homolog.arsnova.work\/index.php?rest_route=\/wp\/v2\/posts"}],"about":[{"href":"https:\/\/vos.homolog.arsnova.work\/index.php?rest_route=\/wp\/v2\/types\/post"}],"author":[{"embeddable":true,"href":"https:\/\/vos.homolog.arsnova.work\/index.php?rest_route=\/wp\/v2\/users\/21"}],"replies":[{"embeddable":true,"href":"https:\/\/vos.homolog.arsnova.work\/index.php?rest_route=%2Fwp%2Fv2%2Fcomments&post=3059"}],"version-history":[{"count":0,"href":"https:\/\/vos.homolog.arsnova.work\/index.php?rest_route=\/wp\/v2\/posts\/3059\/revisions"}],"wp:featuredmedia":[{"embeddable":true,"href":"https:\/\/vos.homolog.arsnova.work\/index.php?rest_route=\/wp\/v2\/media\/3067"}],"wp:attachment":[{"href":"https:\/\/vos.homolog.arsnova.work\/index.php?rest_route=%2Fwp%2Fv2%2Fmedia&parent=3059"}],"wp:term":[{"taxonomy":"category","embeddable":true,"href":"https:\/\/vos.homolog.arsnova.work\/index.php?rest_route=%2Fwp%2Fv2%2Fcategories&post=3059"},{"taxonomy":"post_tag","embeddable":true,"href":"https:\/\/vos.homolog.arsnova.work\/index.php?rest_route=%2Fwp%2Fv2%2Ftags&post=3059"}],"curies":[{"name":"wp","href":"https:\/\/api.w.org\/{rel}","templated":true}]}}