{"id":2088,"date":"2017-07-18T13:30:00","date_gmt":"2017-07-18T16:30:00","guid":{"rendered":"https:\/\/vos.homolog.arsnova.work\/?p=2088"},"modified":"2017-07-18T13:30:00","modified_gmt":"2017-07-18T16:30:00","slug":"corrupcao-ditadura-e-censura","status":"publish","type":"post","link":"https:\/\/vos.homolog.arsnova.work\/?p=2088","title":{"rendered":"Corrup\u00e7\u00e3o, ditadura e censura"},"content":{"rendered":"<p><span style=\"font-weight: 400\">Sempre que algu\u00e9m defende a volta da ditadura militar no Brasil alegando que naquela \u00e9poca n\u00e3o havia corrup\u00e7\u00e3o, me d\u00e1 um frio na espinha. Pela ignor\u00e2ncia ou pelo oportunismo da afirma\u00e7\u00e3o.\u00a0<\/span><span style=\"font-weight: 400\">Hoje, sabe-se que censura \u00e0 imprensa foi uma das formas de garantir essa imagem de integridade associada aos governos militares.\u00a0<\/span>Aos eventuais nost\u00e1lgicos daquele per\u00edodo que estiverem me lendo, recomendo informarem-se com essa mat\u00e9ria do <a href=\"https:\/\/noticias.uol.com.br\/politica\/ultimas-noticias\/2015\/04\/01\/conheca-dez-historias-de-corrupcao-durante-a-ditadura-militar.htm\">UOL<\/a> e tamb\u00e9m com a visita ao site <a href=\"http:\/\/memoriasdaditadura.org.br\/corrupcao\/index.html\">Mem\u00f3rias da Ditadura<\/a>.<\/p>\n<p style=\"text-align: justify\"><span style=\"font-weight: 400\">Para reflex\u00e3o liter\u00e1ria, <\/span><a href=\"http:\/\/www.lpm.com.br\/site\/default.asp?Template=..\/livros\/layout_produto.asp&amp;CategoriaID=836453&amp;ID=727284\"><i><span style=\"font-weight: 400\">Tambores Silenciosos<\/span><\/i><\/a><span style=\"font-weight: 400\">, do ga\u00facho Josu\u00e9 Guimar\u00e3es, \u00e9 um alerta de como a censura \u00e9 um verdadeiro\u00a0abuso de poder por parte das autoridades. No romance, situado na cidadezinha fict\u00edcia de Lagoa Branca, o prefeito resolve impedir que os moradores tenham acesso a jornais e a ouvir r\u00e1dio, para que sejam mais felizes. O enredo \u00e9 situado em 1936, \u00e9poca que antecede a implanta\u00e7\u00e3o do Estado Novo de Get\u00falio Vargas.<\/span><\/p>\n<p><span style=\"font-weight: 400\">O trecho a seguir mostra o di\u00e1logo do professor Ulisses com seus alunos, ap\u00f3s amea\u00e7as veladas do prefeito contra o educador:<\/span><\/p>\n<blockquote><p><span style=\"font-weight: 400\">\u201c[&#8230;] eu sei, meus filho, eu sei disso, estou fazendo o poss\u00edvel, estive mais de uma vez com Coronel Jo\u00e3o C\u00e2ndido e o homem me pareceu meio inconseq\u00fcente, ele tem um bom cora\u00e7\u00e3o, mas a cabe\u00e7a n\u00e3o deve estar regulando bem, meteu dentro dela algo estranho, chegou a me dizer que estava decidido a tornar a gente desta cidade feliz por bem ou por mal; eu disse a ele que por bem, eu entendia, mas que por mal eu nunca tinha visto ningu\u00e9m fazer outra pessoa feliz; e sabem o que ele me respondeu? Que respeitava muito a minha pessoa, contava comigo para o \u00eaxito de seu trabalho na prefeitura, mas que eu ficasse no meu lugar, ensinando os meus meninos e que deixasse de lado o seu plano de tornar Lagoa Branca uma cidade feliz como n\u00e3o havia outra no mundo.\u201d<\/span><\/p><\/blockquote>\n<p style=\"text-align: justify\"><span style=\"font-weight: 400\">Os personagens que resolvem n\u00e3o seguir os desmandos do prefeito, s\u00e3o presos e torturados. Na conclus\u00e3o do romance, h\u00e1 um boicote \u00e0 Semana da P\u00e1tria por parte dos estudantes, que come\u00e7am uma protesto apoiado pelas crian\u00e7as e idosos\u00a0da cidade. O prefeito acaba deposto pela popula\u00e7\u00e3o e se suicida. <\/span><\/p>\n<p style=\"text-align: justify\"><span style=\"font-weight: 400\">Na vida real, <a href=\"https:\/\/pt.wikipedia.org\/wiki\/Josu%C3%A9_Guimar%C3%A3es\">Josu\u00e9 Guimar\u00e3es<\/a> enfrentou muitos percal\u00e7os e amea\u00e7as de censura para conseguir lan\u00e7ar esse livro, no fim da d\u00e9cada de 1970, antes do fim do regime militar no pa\u00eds. A<\/span><span style=\"font-weight: 400\">\u00a0obra recebeu pr\u00eamios e \u00e9 um brado pela liberdade de express\u00e3o do povo. Altamente recomend\u00e1vel na atual conjuntura sociopol\u00edtica brasileira.<\/span><\/p>\n","protected":false},"excerpt":{"rendered":"<p>Sempre que algu\u00e9m defende a volta da ditadura militar no Brasil alegando que naquela \u00e9poca n\u00e3o havia corrup\u00e7\u00e3o, me d\u00e1 [&hellip;]<\/p>\n","protected":false},"author":5,"featured_media":2089,"comment_status":"open","ping_status":"open","sticky":false,"template":"","format":"standard","meta":{"_acf_changed":false,"footnotes":""},"categories":[4],"tags":[171,651,373,653,652,650],"class_list":["post-2088","post","type-post","status-publish","format-standard","has-post-thumbnail","hentry","category-voos-literarios","tag-censura","tag-ditadura","tag-josue-guimaraes","tag-liberdade-de-expressao","tag-regime-militar","tag-tambores-silenciosos"],"acf":[],"_links":{"self":[{"href":"https:\/\/vos.homolog.arsnova.work\/index.php?rest_route=\/wp\/v2\/posts\/2088","targetHints":{"allow":["GET"]}}],"collection":[{"href":"https:\/\/vos.homolog.arsnova.work\/index.php?rest_route=\/wp\/v2\/posts"}],"about":[{"href":"https:\/\/vos.homolog.arsnova.work\/index.php?rest_route=\/wp\/v2\/types\/post"}],"author":[{"embeddable":true,"href":"https:\/\/vos.homolog.arsnova.work\/index.php?rest_route=\/wp\/v2\/users\/5"}],"replies":[{"embeddable":true,"href":"https:\/\/vos.homolog.arsnova.work\/index.php?rest_route=%2Fwp%2Fv2%2Fcomments&post=2088"}],"version-history":[{"count":0,"href":"https:\/\/vos.homolog.arsnova.work\/index.php?rest_route=\/wp\/v2\/posts\/2088\/revisions"}],"wp:featuredmedia":[{"embeddable":true,"href":"https:\/\/vos.homolog.arsnova.work\/index.php?rest_route=\/wp\/v2\/media\/2089"}],"wp:attachment":[{"href":"https:\/\/vos.homolog.arsnova.work\/index.php?rest_route=%2Fwp%2Fv2%2Fmedia&parent=2088"}],"wp:term":[{"taxonomy":"category","embeddable":true,"href":"https:\/\/vos.homolog.arsnova.work\/index.php?rest_route=%2Fwp%2Fv2%2Fcategories&post=2088"},{"taxonomy":"post_tag","embeddable":true,"href":"https:\/\/vos.homolog.arsnova.work\/index.php?rest_route=%2Fwp%2Fv2%2Ftags&post=2088"}],"curies":[{"name":"wp","href":"https:\/\/api.w.org\/{rel}","templated":true}]}}