{"id":2067,"date":"2017-07-16T21:06:08","date_gmt":"2017-07-17T00:06:08","guid":{"rendered":"https:\/\/vos.homolog.arsnova.work\/?p=2067"},"modified":"2017-07-16T21:06:08","modified_gmt":"2017-07-17T00:06:08","slug":"cedeu-e-retrocedeu-governo-reduz-protecao-de-floresta-na-amazonia","status":"publish","type":"post","link":"https:\/\/vos.homolog.arsnova.work\/?p=2067","title":{"rendered":"Cedeu e retrocedeu &#8211; Governo reduz prote\u00e7\u00e3o de floresta na Amaz\u00f4nia"},"content":{"rendered":"<p style=\"text-align: justify;\">Nesta semana eu ia dar algumas dicas sobre como come\u00e7ar a viver de maneira mais sustent\u00e1vel, motivada por uma conversa que tive com meus pais. Mas o governo federal n\u00e3o permitiu. N\u00e3o, n\u00e3o fui censurada. Acontece que o presidente Michel Temer cedeu \u00e0 press\u00e3o da bancada ruralista e enviou ao Congresso um projeto de lei propondo uma REDU\u00c7\u00c3O NA PROTE\u00c7\u00c3O de floresta na Amaz\u00f4nia.<\/p>\n<p>.<\/p>\n<blockquote>\n<h2 style=\"text-align: center;\"><strong>\u00c9 isso mesmo, em meio a uma latente crise de nega\u00e7\u00e3o da ci\u00eancia \u2013 de dimens\u00f5es apocal\u00edpticas, talvez \u2013 o governo brasileiro quer reduzir a prote\u00e7\u00e3o ao meio ambiente<\/strong><\/h2>\n<\/blockquote>\n<p>.<\/p>\n<p style=\"text-align: justify;\">H\u00e1 um m\u00eas, o Executivo vetou a Medida Provis\u00f3ria 756, que reduzia a Floresta Nacional de Jamanxim (Flona), no Par\u00e1. Apesar da sinaliza\u00e7\u00e3o positiva, o governo cedeu e retrocedeu: o novo texto prev\u00ea uma redu\u00e7\u00e3o de 349.046 hectares nos limites da Flona.<\/p>\n<p style=\"text-align: justify;\">.<\/p>\n<h2 style=\"text-align: center;\">O PL prop\u00f5e uma redu\u00e7\u00e3o de 27% na \u00e1rea da Floresta Nacional<\/h2>\n<p>.<\/p>\n<p style=\"text-align: justify;\">Segundo comunicado do Minist\u00e9rio do Meio Ambiente, o projeto foi desenhado para diminuir os conflitos na regi\u00e3o e estancar o desmatamento:<\/p>\n<p style=\"text-align: justify;\">&#8220;A \u00e1rea onde se localiza a Floresta Nacional do Jamanxim tem sido palco de recorrentes conflitos fundi\u00e1rios e de atividades ilegais de extra\u00e7\u00e3o de madeira e de garimpo associados a grilagem de terra e a aus\u00eancia de regramento ambiental. Com reflexos na escalada da criminalidade e da viol\u00eancia contra agentes p\u00fablicos, sendo necess\u00e1ria a implanta\u00e7\u00e3o de pol\u00edticas de governo adequadas para enfrentar essas quest\u00f5es&#8221;.<\/p>\n<blockquote>\n<p style=\"text-align: justify;\"><strong>Deixa eu ver se entendi: para evitar o DESMATAMENTO ILEGAL, o governo resolve retirar a prote\u00e7\u00e3o que impede o desmatamento. Logo, o desmatamento passa a ser LEGAL e o conflito deixa de existir porque os propriet\u00e1rios das terras da regi\u00e3o n\u00e3o v\u00e3o mais atacar agentes do IBAMA (oito viaturas foram queimadas nas \u00faltimas semanas). \u00c9 isso?<\/strong><\/p>\n<\/blockquote>\n<p style=\"text-align: justify;\">Eu n\u00e3o sou escolada nesse assunto, confesso. Apesar de me preocupar com o meio ambiente e tentar levar uma vida sustent\u00e1vel, n\u00e3o conhe\u00e7o a situa\u00e7\u00e3o dos conflitos e desmatamentos na Amaz\u00f4nia a fundo. O que sei \u00e9 que \u00e9 um problema grande e em ascens\u00e3o h\u00e1 muitos anos. Mesmo assim, me parece um paradoxo.<\/p>\n<p>.<\/p>\n<blockquote>\n<h2 style=\"text-align: center;\"><strong>Vamos abrir m\u00e3o de proteger o meio ambiente para que ele deixe de ser destru\u00eddo. Essa \u00e9 a g\u00eanese da justificativa genial do PL<\/strong><\/h2>\n<\/blockquote>\n<p>.<\/p>\n<p style=\"text-align: justify;\">Posso estar errada e estou aberta \u00e0 discuss\u00e3o, mas me parece mais uma atrocidade contra o meio ambiente. N\u00e3o s\u00f3 isso, nos mostra que a nossa liberdade termina onde come\u00e7a o dinheiro do outro, afinal, algu\u00e9m est\u00e1 enchendo os bolsos com o ar que a gente deveria respirar.<\/p>\n<p>&nbsp;<\/p>\n<p>&nbsp;<\/p>\n","protected":false},"excerpt":{"rendered":"<p>Nesta semana eu ia dar algumas dicas sobre como come\u00e7ar a viver de maneira mais sustent\u00e1vel, motivada por uma conversa [&hellip;]<\/p>\n","protected":false},"author":3,"featured_media":2068,"comment_status":"open","ping_status":"open","sticky":false,"template":"","format":"standard","meta":{"_acf_changed":false,"footnotes":""},"categories":[23],"tags":[642,641,122,135,165],"class_list":["post-2067","post","type-post","status-publish","format-standard","has-post-thumbnail","hentry","category-ecoo","tag-amanximm","tag-flonaj","tag-governo-federal","tag-meio-ambiente","tag-sustentabilidade"],"acf":[],"_links":{"self":[{"href":"https:\/\/vos.homolog.arsnova.work\/index.php?rest_route=\/wp\/v2\/posts\/2067","targetHints":{"allow":["GET"]}}],"collection":[{"href":"https:\/\/vos.homolog.arsnova.work\/index.php?rest_route=\/wp\/v2\/posts"}],"about":[{"href":"https:\/\/vos.homolog.arsnova.work\/index.php?rest_route=\/wp\/v2\/types\/post"}],"author":[{"embeddable":true,"href":"https:\/\/vos.homolog.arsnova.work\/index.php?rest_route=\/wp\/v2\/users\/3"}],"replies":[{"embeddable":true,"href":"https:\/\/vos.homolog.arsnova.work\/index.php?rest_route=%2Fwp%2Fv2%2Fcomments&post=2067"}],"version-history":[{"count":0,"href":"https:\/\/vos.homolog.arsnova.work\/index.php?rest_route=\/wp\/v2\/posts\/2067\/revisions"}],"wp:featuredmedia":[{"embeddable":true,"href":"https:\/\/vos.homolog.arsnova.work\/index.php?rest_route=\/wp\/v2\/media\/2068"}],"wp:attachment":[{"href":"https:\/\/vos.homolog.arsnova.work\/index.php?rest_route=%2Fwp%2Fv2%2Fmedia&parent=2067"}],"wp:term":[{"taxonomy":"category","embeddable":true,"href":"https:\/\/vos.homolog.arsnova.work\/index.php?rest_route=%2Fwp%2Fv2%2Fcategories&post=2067"},{"taxonomy":"post_tag","embeddable":true,"href":"https:\/\/vos.homolog.arsnova.work\/index.php?rest_route=%2Fwp%2Fv2%2Ftags&post=2067"}],"curies":[{"name":"wp","href":"https:\/\/api.w.org\/{rel}","templated":true}]}}