{"id":1963,"date":"2017-06-28T10:45:59","date_gmt":"2017-06-28T13:45:59","guid":{"rendered":"https:\/\/vos.homolog.arsnova.work\/?p=1963"},"modified":"2017-10-02T10:06:29","modified_gmt":"2017-10-02T13:06:29","slug":"fala-de-michel-temer-nao-e-sobre-deus-mas-sobre-quem-pode-mante-lo-vivo","status":"publish","type":"post","link":"https:\/\/vos.homolog.arsnova.work\/?p=1963","title":{"rendered":"Fala de Michel Temer n\u00e3o \u00e9 sobre Deus, mas sobre quem pode mant\u00ea-lo vivo"},"content":{"rendered":"<p style=\"text-align: justify;\">Hoje, a pol\u00edtica brasileira \u00e9 um atoleiro, onde cada passo nos deixa mais cobertos de constrangimento e, por mais que andemos, parece imposs\u00edvel avan\u00e7ar. A cada minuto extra\u00a0sendo governados por Michel Temer, um presidente acusado pelo Procurador-Geral da Rep\u00fablica de crime comum, cometido no exerc\u00edcio do mandato, mais fundo pisamos no barro p\u00fatrido, mais desastrosa se torna nossa jornada pela inf\u00e2mia pol\u00edtica.<\/p>\n<p style=\"text-align: justify;\">E essa inunda\u00e7\u00e3o parece ter alcan\u00e7ado um n\u00edvel especialmente alto com o <a href=\"https:\/\/youtu.be\/3YPQonSOnyQ\">surreal pronunciamento de Temer<\/a>, concedido na tarde de ter\u00e7a-feira, 27 de junho de 2017. Uma fala assustadora em v\u00e1rios n\u00edveis, que v\u00e3o muito al\u00e9m do ins\u00f3lito <strong>&#8220;n\u00e3o sei como Deus me colocou aqui&#8221;<\/strong> &#8211; uma frase t\u00e3o cara de pau que j\u00e1 virou meme, com toda justi\u00e7a.<\/p>\n<p>.<\/p>\n<blockquote>\n<h2 style=\"text-align: center;\"><strong>Antes de tudo, um desafio de compreens\u00e3o se imp\u00f5e. A quem, no fim das contas, Michel Temer desejava falar?<\/strong><\/h2>\n<\/blockquote>\n<p>.<\/p>\n<p style=\"text-align: justify;\">Ao povo brasileiro, junto ao qual goza de uma impopularidade quase sem paralelos no Brasil democr\u00e1tico, certamente que n\u00e3o. Afinal, <strong>em nenhum momento dirigiu ao povo palavras de tranquilidade, esperan\u00e7a ou convic\u00e7\u00e3o<\/strong> &#8211; ali\u00e1s, quase poder\u00edamos dizer que <strong>n\u00e3o dirigiu ao povo palavra alguma<\/strong>. Ao alto empresariado, talvez? Mas de que jeito, se mencionou as t\u00e3o trombeteadas reformas apenas de passagem, se n\u00e3o trouxe nenhum indicativo de melhora econ\u00f4mica, sequer um dividendo positivo de sua tragic\u00f4mica viagem para R\u00fassia e Noruega foi capaz de enumerar?<\/p>\n<p>.<\/p>\n<blockquote>\n<h3 style=\"text-align: center;\"><strong>Pretendendo vender a imagem de estadista ultrajado por acusa\u00e7\u00f5es falsas, Temer s\u00f3 fez desnudar sua incapacidade de liderar um Estado. Ou existe qualquer coisa de l\u00edder em algu\u00e9m que, diante da ang\u00fastia de uma na\u00e7\u00e3o, dedica toda a sua fala a, mal e porcamente, defender a si mesmo?<\/strong><\/h3>\n<\/blockquote>\n<p>.<\/p>\n<p style=\"text-align: justify;\">Nada disso: <strong>o discurso de Temer s\u00f3 faz sentido quando se olha para o Congresso Nacional<\/strong>. \u00c9 a ele, ou ao que resta de apoio dentro dele, que Temer dirigiu suas palavras de fr\u00e1gil defesa, ao mesmo tempo que posicionou-se de forma clara em uma guerra contra o Minist\u00e9rio P\u00fablico e a Pol\u00edcia Federal. &#8220;Querem parar o pa\u00eds&#8221;, disse o presidente, e ao dizer tal coisa falava n\u00e3o ao detentores do poder econ\u00f4mico, mas aos deputados e senadores que podem salv\u00e1-lo da investiga\u00e7\u00e3o no Supremo. <em>Estou com voc\u00eas<\/em>, \u00e9 isso que Temer quis dizer, o tempo todo, com tal \u00e2nsia que a mal-disfar\u00e7ada mensagem saltava o tempo todo para fora das entrelinhas. Estou com voc\u00eas, meu inimigo \u00e9 o mesmo, estejam comigo e juntos lutemos at\u00e9 o fim. Querem parar o pa\u00eds, ora pois.<\/p>\n<p style=\"text-align: justify;\">S\u00f3 assim faz sentido a aus\u00eancia de justificativas ou perspectivas, as ila\u00e7\u00f5es que comete enquanto diz que n\u00e3o as cometeria, os torpes coment\u00e1rios sobre Rodrigo Janot, o procurador Marcelo Miller e a JBS. N\u00e3o explica o conte\u00fado de sua conversa com Joesley Batista, n\u00e3o justifica ter sido flagrado em mentira sobre a viagem de jatinho com um &#8220;bandido not\u00f3rio&#8221;, n\u00e3o faz mais que tergiversar sobre a grava\u00e7\u00e3o que, segundo per\u00edcia da PF, n\u00e3o foi adulterada como alega. N\u00e3o entra nesses m\u00e9ritos simplesmente porque n\u00e3o \u00e9 essa sua estrat\u00e9gia.<\/p>\n<p style=\"text-align: justify;\">A luta \u00e9 outra: parar de derreter no Congresso, onde at\u00e9 companheiros de sigla (<a href=\"http:\/\/politica.estadao.com.br\/noticias\/geral,senador-acusa-michel-temer-de-chantagem-e-cobra-renuncia-do-presidente,70001853746\">e n\u00e3o estou falando de Renan Calheiros<\/a>) n\u00e3o se constrangem mais em avacalh\u00e1-lo publicamente.<\/p>\n<p>.<\/p>\n<blockquote>\n<h2 style=\"text-align: center;\"><strong>Sem a maioria na C\u00e2mara e no Senado, Temer n\u00e3o tem nada &#8211; e fala grosso para tentar deter a debandada, demonstrar que est\u00e1 pronto para brigar por si e, por tabela, em nome deles<\/strong><\/h2>\n<\/blockquote>\n<p>.<\/p>\n<p style=\"text-align: justify;\">Chama uma claque um tanto pat\u00e9tica para aplaudi-lo (com direito a rid\u00edculos gritos de &#8220;bravo!&#8221; por parte de Darc\u00edsio Perondi) e elogia o &#8220;qu\u00f3rum suficiente para uma sess\u00e3o na C\u00e2mara&#8221;, agradecendo pelo &#8220;apoio extremamente espont\u00e2neo&#8221;. \u00c9 falso e pat\u00e9tico, mas n\u00e3o \u00e9 desprovido de fun\u00e7\u00e3o.<\/p>\n<p style=\"text-align: justify;\">O cad\u00e1ver pol\u00edtico que \u00e9 Michel Temer vem apodrecendo em p\u00fablico desde a revela\u00e7\u00e3o devastadora da grava\u00e7\u00e3o feita por Joesley. J\u00e1 s\u00e3o 40 dias em que sua presen\u00e7a \u00e9 um misto de inf\u00e2mia, desaforo e constrangimento. A disposi\u00e7\u00e3o, evidente quando diz que a den\u00fancia \u00e9 &#8220;uma fic\u00e7\u00e3o&#8221; calcada em &#8220;provas armadas&#8221;, \u00e9 insistir em submeter o pa\u00eds a uma presen\u00e7a que quase ningu\u00e9m tolera mais, sem brandir sequer as tais reformas estruturantes como desculpa. A briga \u00e9 para salvar a pele, e a institui\u00e7\u00f5es que funcionem no raio que as parta. Curioso perceber que, em meio a tanta dissimula\u00e7\u00e3o e del\u00edrio, a fala de Michel Temer n\u00e3o deixa de ter uma distorcida forma de sinceridade.<\/p>\n<p style=\"text-align: justify;\"><em>Foto: Fabio Rodrigues Pozzebom \/ Ag\u00eancia Brasil<\/em><\/p>\n","protected":false},"excerpt":{"rendered":"<p>Hoje, a pol\u00edtica brasileira \u00e9 um atoleiro, onde cada passo nos deixa mais cobertos de constrangimento e, por mais que [&hellip;]<\/p>\n","protected":false},"author":14,"featured_media":1964,"comment_status":"open","ping_status":"open","sticky":false,"template":"","format":"standard","meta":{"_acf_changed":false,"footnotes":""},"categories":[20],"tags":[508,530,121],"class_list":["post-1963","post","type-post","status-publish","format-standard","has-post-thumbnail","hentry","category-igor-natusch","tag-corrupcao","tag-crise-politica","tag-michel-temer"],"acf":[],"_links":{"self":[{"href":"https:\/\/vos.homolog.arsnova.work\/index.php?rest_route=\/wp\/v2\/posts\/1963","targetHints":{"allow":["GET"]}}],"collection":[{"href":"https:\/\/vos.homolog.arsnova.work\/index.php?rest_route=\/wp\/v2\/posts"}],"about":[{"href":"https:\/\/vos.homolog.arsnova.work\/index.php?rest_route=\/wp\/v2\/types\/post"}],"author":[{"embeddable":true,"href":"https:\/\/vos.homolog.arsnova.work\/index.php?rest_route=\/wp\/v2\/users\/14"}],"replies":[{"embeddable":true,"href":"https:\/\/vos.homolog.arsnova.work\/index.php?rest_route=%2Fwp%2Fv2%2Fcomments&post=1963"}],"version-history":[{"count":0,"href":"https:\/\/vos.homolog.arsnova.work\/index.php?rest_route=\/wp\/v2\/posts\/1963\/revisions"}],"wp:featuredmedia":[{"embeddable":true,"href":"https:\/\/vos.homolog.arsnova.work\/index.php?rest_route=\/wp\/v2\/media\/1964"}],"wp:attachment":[{"href":"https:\/\/vos.homolog.arsnova.work\/index.php?rest_route=%2Fwp%2Fv2%2Fmedia&parent=1963"}],"wp:term":[{"taxonomy":"category","embeddable":true,"href":"https:\/\/vos.homolog.arsnova.work\/index.php?rest_route=%2Fwp%2Fv2%2Fcategories&post=1963"},{"taxonomy":"post_tag","embeddable":true,"href":"https:\/\/vos.homolog.arsnova.work\/index.php?rest_route=%2Fwp%2Fv2%2Ftags&post=1963"}],"curies":[{"name":"wp","href":"https:\/\/api.w.org\/{rel}","templated":true}]}}