{"id":1933,"date":"2017-06-23T10:11:21","date_gmt":"2017-06-23T13:11:21","guid":{"rendered":"https:\/\/vos.homolog.arsnova.work\/?p=1933"},"modified":"2017-06-23T16:33:32","modified_gmt":"2017-06-23T19:33:32","slug":"viva-sao-joao","status":"publish","type":"post","link":"https:\/\/vos.homolog.arsnova.work\/?p=1933","title":{"rendered":"Viva S\u00e3o Jo\u00e3o!"},"content":{"rendered":"<p style=\"text-align: justify;\">Dia 24 \u00e9 dia de S\u00e3o Jo\u00e3o! E pra entrar no clima, hoje temos duas sugest\u00f5es: uma festa e muita m\u00fasica!<\/p>\n<p style=\"text-align: justify;\"><a href=\"https:\/\/vos.homolog.arsnova.work\/wp-content\/uploads\/2017\/06\/saojoao.jpg\"><img loading=\"lazy\" decoding=\"async\" class=\"alignnone  wp-image-1940\" src=\"https:\/\/vos.homolog.arsnova.work\/wp-content\/uploads\/2017\/06\/saojoao-300x140.jpg\" alt=\"\" width=\"607\" height=\"283\" \/><\/a><a href=\"https:\/\/vos.homolog.arsnova.work\/wp-content\/uploads\/2017\/06\/sucata.jpg\"><img loading=\"lazy\" decoding=\"async\" class=\"alignnone  wp-image-1939\" src=\"https:\/\/vos.homolog.arsnova.work\/wp-content\/uploads\/2017\/06\/sucata-213x300.jpg\" alt=\"\" width=\"201\" height=\"283\" \/><\/a><\/p>\n<p style=\"text-align: justify;\">.<\/p>\n<h1 style=\"text-align: justify;\"><strong>Festa<\/strong><\/h1>\n<p style=\"text-align: justify;\">Pra quem quiser participar de uma aut\u00eantica festa junina, \u00e9 s\u00f3 chegar l\u00e1 na pra\u00e7a Estado de Israel, na frente do Espa\u00e7o Cuidado Que Mancha. Vai ter pescaria, jogo de argolas, boca do monstro. Vai ter uma oficina cria\u00e7\u00e3o de brinquedos de sucata. Vai ter comidinhas gostosas. Vai ter a Editora Libretos com banca de livros. Vai ter um brech\u00f3, quent\u00e3o, cerveja artesanal e muito mais! Uma tarde pra reunir a fam\u00edlia, os vizinhos, brincar e pegar um solzinho!<\/p>\n<p style=\"text-align: justify;\">.<\/p>\n<h1 style=\"text-align: justify;\"><strong>M\u00fasicas<\/strong><\/h1>\n<p style=\"text-align: justify;\">\n<p style=\"text-align: justify;\">Pra quem quiser ir entrando no clima, indico o maravilhoso CD S\u00e3o Jo\u00e3o do Carneirinho, da Cia Cabelo de Maria, de S\u00e3o Paulo. \u00c9 ouvir, se emocionar e dan\u00e7ar!<\/p>\n<p style=\"padding-left: 120px;\"><iframe loading=\"lazy\" src=\"\/\/www.youtube.com\/embed\/_qqaOZtvNpU\" width=\"560\" height=\"314\" allowfullscreen=\"allowfullscreen\"><\/iframe><\/p>\n<p style=\"padding-left: 120px;\"><iframe loading=\"lazy\" src=\"\/\/www.youtube.com\/embed\/FgtltRaDqdg\" width=\"560\" height=\"314\" allowfullscreen=\"allowfullscreen\"><\/iframe><\/p>\n<p style=\"padding-left: 120px;\"><iframe loading=\"lazy\" src=\"\/\/www.youtube.com\/embed\/SqZ75hmJM4s\" width=\"560\" height=\"314\" allowfullscreen=\"allowfullscreen\"><\/iframe><\/p>\n<p>&nbsp;<\/p>\n<p style=\"padding-left: 120px;\"><iframe loading=\"lazy\" src=\"\/\/www.youtube.com\/embed\/FuUNvlPnN5A\" width=\"560\" height=\"314\" allowfullscreen=\"allowfullscreen\"><\/iframe><\/p>\n<p>&nbsp;<\/p>\n<p>&nbsp;<\/p>\n<p style=\"padding-left: 120px;\"><iframe loading=\"lazy\" src=\"\/\/www.youtube.com\/embed\/oiNi4Fnv-EU\" width=\"560\" height=\"314\" allowfullscreen=\"allowfullscreen\"><\/iframe><\/p>\n<h2 style=\"text-align: center;\">.<\/h2>\n<h2 style=\"text-align: center;\"><strong>Boa festa pra todos!<\/strong><\/h2>\n","protected":false},"excerpt":{"rendered":"<p>Dia 24 \u00e9 dia de S\u00e3o Jo\u00e3o! E pra entrar no clima, hoje temos duas sugest\u00f5es: uma festa e muita [&hellip;]<\/p>\n","protected":false},"author":10,"featured_media":1936,"comment_status":"open","ping_status":"open","sticky":false,"template":"","format":"standard","meta":{"_acf_changed":false,"footnotes":""},"categories":[17],"tags":[603,602,601],"class_list":["post-1933","post","type-post","status-publish","format-standard","has-post-thumbnail","hentry","category-raquel-grabauska","tag-cabelo-de-maria","tag-festa-junina","tag-sao-joao"],"acf":[],"_links":{"self":[{"href":"https:\/\/vos.homolog.arsnova.work\/index.php?rest_route=\/wp\/v2\/posts\/1933","targetHints":{"allow":["GET"]}}],"collection":[{"href":"https:\/\/vos.homolog.arsnova.work\/index.php?rest_route=\/wp\/v2\/posts"}],"about":[{"href":"https:\/\/vos.homolog.arsnova.work\/index.php?rest_route=\/wp\/v2\/types\/post"}],"author":[{"embeddable":true,"href":"https:\/\/vos.homolog.arsnova.work\/index.php?rest_route=\/wp\/v2\/users\/10"}],"replies":[{"embeddable":true,"href":"https:\/\/vos.homolog.arsnova.work\/index.php?rest_route=%2Fwp%2Fv2%2Fcomments&post=1933"}],"version-history":[{"count":0,"href":"https:\/\/vos.homolog.arsnova.work\/index.php?rest_route=\/wp\/v2\/posts\/1933\/revisions"}],"wp:featuredmedia":[{"embeddable":true,"href":"https:\/\/vos.homolog.arsnova.work\/index.php?rest_route=\/wp\/v2\/media\/1936"}],"wp:attachment":[{"href":"https:\/\/vos.homolog.arsnova.work\/index.php?rest_route=%2Fwp%2Fv2%2Fmedia&parent=1933"}],"wp:term":[{"taxonomy":"category","embeddable":true,"href":"https:\/\/vos.homolog.arsnova.work\/index.php?rest_route=%2Fwp%2Fv2%2Fcategories&post=1933"},{"taxonomy":"post_tag","embeddable":true,"href":"https:\/\/vos.homolog.arsnova.work\/index.php?rest_route=%2Fwp%2Fv2%2Ftags&post=1933"}],"curies":[{"name":"wp","href":"https:\/\/api.w.org\/{rel}","templated":true}]}}