{"id":1921,"date":"2017-06-22T19:15:18","date_gmt":"2017-06-22T22:15:18","guid":{"rendered":"https:\/\/vos.homolog.arsnova.work\/?p=1921"},"modified":"2017-06-22T21:10:31","modified_gmt":"2017-06-23T00:10:31","slug":"clitorios-ou-ovario","status":"publish","type":"post","link":"https:\/\/vos.homolog.arsnova.work\/?p=1921","title":{"rendered":"Clit\u00f3ris ou Ov\u00e1rio?"},"content":{"rendered":"<p style=\"text-align: justify;\"><a href=\"https:\/\/www.youtube.com\/watch?v=t_veXiDyQvU\" target=\"_blank\" rel=\"noopener noreferrer\">Se quiser, clique e leia ouvindo: Karol Conka &#8211; Lal\u00e1<\/a><\/p>\n<p style=\"text-align: justify;\">Sabe o boquete? Sabe, n\u00e9? J\u00e1 parou para pensar que n\u00e3o existe uma palavra equivalente para sexo oral em mulheres? A Karol Conka pensou. A rapper paranaense de 30 anos \u00e9 uma das mulheres s\u00edmbolo do que chamamos de terceira onda do feminismo. O \u00faltimo lacre foi lan\u00e7ado na primeira semana de junho: a m\u00fasica Lal\u00e1. O termo foi criado pela pr\u00f3pria Karol.<\/p>\n<p style=\"text-align: justify;\">.<\/p>\n<h1 style=\"text-align: center;\"><strong>Sexo oral feminino \u00e9 \u2018lal\u00e1\u2019<\/strong><\/h1>\n<p>.<\/p>\n<p style=\"text-align: justify;\">\u00c9 claro que o clipe foi lan\u00e7ado acompanhado de &#8220;&#8221;&#8221;&#8221;&#8221;&#8221;&#8221;pol\u00eamica&#8221;&#8221;&#8221;&#8221;&#8221;&#8221;&#8221;. Afinal, tem muita gente para dar pitaco em todo e qualquer assunto relacionado ao feminino. <a href=\"https:\/\/www.instagram.com\/p\/BVCablnhfIE\/?hl=pt-br\" target=\"_blank\" rel=\"noopener noreferrer\">A equipe que criou o v\u00eddeo lindo que acompanha a m\u00fasica \u00e9 composta apenas por mulhere<\/a>s. O v\u00eddeo tem quase dois milh\u00f5es e meio de visualiza\u00e7\u00f5es.<\/p>\n<p style=\"text-align: justify;\">Camila Cornelsen e <a href=\"https:\/\/www.instagram.com\/veraegito\/?hl=pt-br\" target=\"_blank\" rel=\"noopener noreferrer\">Vera Egito<\/a> dividiram a dire\u00e7\u00e3o. Camila teve sua conta extinta e foi bloqueada do Instagram depois de postar 01 minuto do v\u00eddeo em seu perfil. Vera, <a href=\"https:\/\/www.instagram.com\/p\/BVR3H4DgKO_\/?hl=pt-br\" target=\"_blank\" rel=\"noopener noreferrer\">em conversa com a Dani Arrais<\/a>, do <a href=\"https:\/\/www.instagram.com\/donttouchmymoleskine\/?hl=pt-br\" target=\"_blank\" rel=\"noopener noreferrer\">Don\u2019t Touch My Moleskine<\/a>, disse:<\/p>\n<p style=\"text-align: justify;\"><em>\u201cNa celebrada m\u00fasica brasileira &#8211; poderia dizer de todo o mundo tamb\u00e9m &#8211; o sujeito do desejo \u00e9 masculino e o objeto desse desejo \u00e9 feminino tradicionalmente. Mas agora a mo\u00e7a bonita que vem, n\u00e3o passa. Ela fica e fala do que est\u00e1 afim. Deixa claro tamb\u00e9m quais s\u00e3o suas vontades, prefer\u00eancias, e toma o eu l\u00edrico do tes\u00e3o pra si. Karol \u00e9 essa mulher inteligente, de personalidade, independente e corajosa. Ela \u00e9 linda tamb\u00e9m. Provavelmente o rosto mais sim\u00e9trico que eu j\u00e1 filmei, impressionante. Linda em qualquer enquadramento. Mas j\u00e1 \u00e9 tempo do atributo da beleza n\u00e3o ser mais o principal ao se falar de uma mulher. Especialmente uma mente criativa como Karol Conk\u00e1. Foi de uma honra e de uma felicidade enormes realizar esse trabalho para ela. Especialmente ao lado da Camila Cornelsen, minha mana fot\u00f3grafa inspira\u00e7\u00e3o e apoio pro meu trabalho e pra minha vida. &#8216;Direitos de prazer iguais&#8217;, clama Karol. \u00c9 isso a\u00ed. Celebremos esses novos tempos. N\u00e3o tem retrocesso. Desse lugar de fala a gente n\u00e3o sai mais.&#8221;. Punto y basta.<\/em><\/p>\n<p style=\"text-align: justify;\">.<\/p>\n<blockquote>\n<p style=\"text-align: justify;\"><strong>Nos dias seguintes ao lan\u00e7amento, Karol postou frames e imagens do clipe sempre lembrando o quanto tem sido atacada apenas por falar de um assunto que incomoda aqueles que est\u00e3o acostumados a dominarem todos os cen\u00e1rios: os homens.<\/strong><\/p>\n<\/blockquote>\n<p style=\"text-align: justify;\">.<\/p>\n<p style=\"text-align: justify;\">Eu poderia falar muitas outras coisas sobre este assunto, falar das conversas que tenho com amigas, sempre cheias de relatos de homens que n\u00e3o conhecem o corpo feminino e de como o pudor imposto pela sociedade faz com que essas mulheres que reclamam dos homens muitas vezes nem saibam instru\u00ed-los. Por\u00e9m, deixo aqui apenas a \u00edntegra da letra escrita por Conka. Te juro que vais entender do que estamos falando! #melambel\u00e1<\/p>\n<p style=\"text-align: justify;\">.<\/p>\n<h2 style=\"text-align: justify;\"><strong>Lal\u00e1 &#8211;\u00a0<\/strong><strong>Karol Conka<\/strong><\/h2>\n<p style=\"text-align: justify;\">L\u00e1 l\u00e1 l\u00e1<\/p>\n<p style=\"text-align: justify;\">Moleque mimado bolado que agora chora<br \/>\nS\u00f3 porque eu mandei ajoelhar<br \/>\nFazer um lal\u00e1 por v\u00e1rias horas<\/p>\n<p style=\"text-align: justify;\">Ele disse por a\u00ed que era o tal<br \/>\nPega geral e apavora<br \/>\nSeduzi pra conferir<br \/>\nE percebi que era da boca pra fora<\/p>\n<p style=\"text-align: justify;\">D\u00e1 pra perceber que existem v\u00e1rios<br \/>\nFalam demais, fingem que faz<br \/>\nChega a ser hil\u00e1rio<br \/>\nMal sabe a diferen\u00e7a de um clit\u00f3ris pra um ov\u00e1rio<br \/>\nDedilham ao contr\u00e1rio<br \/>\nEgo\u00edstas criando um orgasmo imagin\u00e1rio<\/p>\n<p style=\"text-align: justify;\">Pouco importa pra ele se voc\u00ea tamb\u00e9m t\u00e1 satisfeita<br \/>\nEsses caras ainda n\u00e3o aprenderam que 10 minutos \u00e9 desfeita<br \/>\nNem a bomba que toma n\u00e3o aguenta o molejo da lomba<br \/>\nSe desmonta, tem medo e no final s\u00f3 me desaponta<\/p>\n<p style=\"text-align: justify;\">J\u00e1 fico arrependida<br \/>\nSeca, desacreditada e fria<br \/>\nDesse jeito desanima<br \/>\nQuero ser bem atendida<\/p>\n<p style=\"text-align: justify;\">O que me anima \u00e9 a habilidade na lambida<br \/>\nMal\u00edcia, muita saliva enquanto eu queimo uma sativa<\/p>\n<p style=\"text-align: justify;\">L\u00e1 l\u00e1 l\u00e1, me lambe l\u00e1<br \/>\nL\u00e1 l\u00e1 l\u00e1, me lambe, me lambe, me d\u00ea uma lambida l\u00e1<\/p>\n<p style=\"text-align: justify;\">\u00c9 inacredit\u00e1vel, eles ficam sem a\u00e7\u00e3o<br \/>\nQuando a gente sabe o que quer e j\u00e1 mete a press\u00e3o<br \/>\nTem que saber fazer se n\u00e3o gera contradi\u00e7\u00e3o<br \/>\nDireitos de prazer iguais, mais compreens\u00e3o<\/p>\n<p style=\"text-align: justify;\">Isso daqui n\u00e3o t\u00e1 de enfeite<br \/>\nD\u00e1 um jeito, se ajeite<br \/>\nSem ser fake, ent\u00e3o vai se deite<br \/>\nSe eu quero, respeite<\/p>\n<p style=\"text-align: justify;\">O clima deixa de ser quente, confundiu minha mente<br \/>\nFalam de mais, quando chega na hora a a\u00e7\u00e3o n\u00e3o \u00e9 equivalente<br \/>\nNem vem, sou apenas mais uma com experi\u00eancia e sabe quem tem<br \/>\nVejo v\u00e1rios convencidos achando que no final mandou bem<\/p>\n<p style=\"text-align: justify;\">Minhas amigas concordam tamb\u00e9m<br \/>\nVoc\u00eas podem ir mais al\u00e9m<br \/>\nSem dedica\u00e7\u00e3o espantam um har\u00e9m<\/p>\n<p style=\"text-align: justify;\">Curvem-se, encostem os l\u00e1bios na flor<br \/>\nQuebra esse tabu, isso n\u00e3o \u00e9 nenhum favor<\/p>\n<p style=\"text-align: justify;\">O que me anima \u00e9 a habilidade na lambida<br \/>\nMal\u00edcia, muita saliva<br \/>\nEnquanto eu queimo uma sativa<\/p>\n<p style=\"text-align: justify;\">L\u00e1 l\u00e1 l\u00e1<br \/>\nL\u00e1 l\u00e1 l\u00e1, me lambe l\u00e1<br \/>\nL\u00e1 l\u00e1 l\u00e1, me lambe, me lambe<br \/>\nMe d\u00ea uma lambida l\u00e1<br \/>\nL\u00e1 l\u00e1 l\u00e1<br \/>\nL\u00e1 l\u00e1 l\u00e1, me lambe l\u00e1<br \/>\nL\u00e1 l\u00e1 l\u00e1, me lambe, me lambe<br \/>\nMe d\u00ea uma lambida l\u00e1<\/p>\n","protected":false},"excerpt":{"rendered":"<p>Se quiser, clique e leia ouvindo: Karol Conka &#8211; Lal\u00e1 Sabe o boquete? Sabe, n\u00e9? J\u00e1 parou para pensar que [&hellip;]<\/p>\n","protected":false},"author":8,"featured_media":1922,"comment_status":"open","ping_status":"open","sticky":false,"template":"","format":"standard","meta":{"_acf_changed":false,"footnotes":""},"categories":[15],"tags":[600,284,303,144,451,293],"class_list":["post-1921","post","type-post","status-publish","format-standard","has-post-thumbnail","hentry","category-glow","tag-empoderamento","tag-feminismo","tag-mulheres","tag-musica","tag-sexo","tag-sexualidade"],"acf":[],"_links":{"self":[{"href":"https:\/\/vos.homolog.arsnova.work\/index.php?rest_route=\/wp\/v2\/posts\/1921","targetHints":{"allow":["GET"]}}],"collection":[{"href":"https:\/\/vos.homolog.arsnova.work\/index.php?rest_route=\/wp\/v2\/posts"}],"about":[{"href":"https:\/\/vos.homolog.arsnova.work\/index.php?rest_route=\/wp\/v2\/types\/post"}],"author":[{"embeddable":true,"href":"https:\/\/vos.homolog.arsnova.work\/index.php?rest_route=\/wp\/v2\/users\/8"}],"replies":[{"embeddable":true,"href":"https:\/\/vos.homolog.arsnova.work\/index.php?rest_route=%2Fwp%2Fv2%2Fcomments&post=1921"}],"version-history":[{"count":0,"href":"https:\/\/vos.homolog.arsnova.work\/index.php?rest_route=\/wp\/v2\/posts\/1921\/revisions"}],"wp:featuredmedia":[{"embeddable":true,"href":"https:\/\/vos.homolog.arsnova.work\/index.php?rest_route=\/wp\/v2\/media\/1922"}],"wp:attachment":[{"href":"https:\/\/vos.homolog.arsnova.work\/index.php?rest_route=%2Fwp%2Fv2%2Fmedia&parent=1921"}],"wp:term":[{"taxonomy":"category","embeddable":true,"href":"https:\/\/vos.homolog.arsnova.work\/index.php?rest_route=%2Fwp%2Fv2%2Fcategories&post=1921"},{"taxonomy":"post_tag","embeddable":true,"href":"https:\/\/vos.homolog.arsnova.work\/index.php?rest_route=%2Fwp%2Fv2%2Ftags&post=1921"}],"curies":[{"name":"wp","href":"https:\/\/api.w.org\/{rel}","templated":true}]}}