{"id":1886,"date":"2017-06-21T23:32:00","date_gmt":"2017-06-22T02:32:00","guid":{"rendered":"https:\/\/vos.homolog.arsnova.work\/?p=1886"},"modified":"2017-06-22T23:09:00","modified_gmt":"2017-06-23T02:09:00","slug":"10-coisas-que-odeio-em-voces-os-do-twitter-e-em-mim","status":"publish","type":"post","link":"https:\/\/vos.homolog.arsnova.work\/?p=1886","title":{"rendered":"10 coisas que odeio em voc\u00eas, os do Twitter &#8211; e em mim"},"content":{"rendered":"<p style=\"text-align: justify;\">Fiquei umas duas semanas relativamente afastada do Twitter. \u00c9 impressionante o nosso poder de n\u00e3o evoluir em duas semanas. E falo de mim, de ti e de voc\u00eas, que continuaram no Twitter. Hoje foi a primeira vez\u00a0em 15 dias que parei efetivamente para ler o que as pessoas est\u00e3o a dizer no infame microblog e descobri <strong>dez coisas que odeio em voc\u00eas, os do Twitter &#8211; e em mim, claro<\/strong><\/p>\n<p style=\"text-align: justify;\">.<\/p>\n<p style=\"text-align: justify;\"><strong>1. Somos malvados<\/strong><\/p>\n<p style=\"text-align: justify;\">J\u00e1 perceberam a facilidade que temos pra xingar algu\u00e9m com base em 140 caracteres? E a gente acha bonito. Retuita e curte e comenta e xinga e fala da bunda daquela, da celulite daquela outra, fulano \u00e9 ladr\u00e3o, sicrano \u00e9 assassino, vai estudar, vai se enxergar, tu n\u00e3o sabe nada, sua rid\u00edcula.<\/p>\n<p style=\"text-align: justify;\"><strong>2. Somos desonestos intelectualmente<\/strong><\/p>\n<p style=\"text-align: justify;\">Todo mundo tem uma agenda e n\u00e3o tem nada de errado com isso. Vou escrever e retuitar o que me interessa e colocar as coisas nos meus termos. O problema \u00e9 quando a gente fala algo sabendo que n\u00e3o \u00e9 verdade, especialmente quando temos grande audi\u00eancias. S\u00f3 um exemplinho de hoje: o deputado estadual Marcel Van Hattem (PP) disse que a rep\u00f3rter Vit\u00f3ria Famer, da R\u00e1dio Gua\u00edba, \u00e9 uma &#8220;militante de esquerda radical&#8221; e disse que ela tem &#8220;postura de militante de extrema esquerda&#8221;. Nem vou entrar no m\u00e9rito da compet\u00eancia da Vit\u00f3ria porque n\u00e3o precisa, mas o deputado Van Hattem \u00e9 um cara informado e familiarizado com a Ci\u00eancia Pol\u00edtica, at\u00e9 onde sei. Sendo assim, ele sabe que nem a Vera Guasso \u00e9 extrema esquerda e, mesmo assim, coloca esse r\u00f3tulo em uma rep\u00f3rter que simplesmente falou algo que ele n\u00e3o gostou. Porque cola com o p\u00fablico dele, pronto. Temos dois problemas a\u00ed: ele\u00a0est\u00e1 atingindo a integridade do trabalho de uma rep\u00f3rter e est\u00e1 fazendo isso com uma afirma\u00e7\u00e3o que ele sabe que \u00e9 n\u00e3o \u00e9 verdade.\u00a0E a verdade \u00e9 que a gente tem uma tendenciazinha a fazer isso com nossas coisas, tamb\u00e9m.\u00a0A menos que eu esteja superestimando as pessoas.<\/p>\n<p style=\"text-align: justify;\"><em>PS.: a desonestidade intelectual do deputado acometeu muitos dos seus seguidores, que passaram a atacar a rep\u00f3rter de v\u00e1rias maneiras nas redes sociais. N\u00e3o estou dizendo que foi a g\u00eanese, mas \u00e9 parte de um fen\u00f4meno bizarro.\u00a0<\/em><\/p>\n<p style=\"text-align: justify;\"><strong>3. Somos obcecados com a dupla Grenal<\/strong><\/p>\n<p style=\"text-align: justify;\">Eu sou gremista, tor\u00e7o, choro, sofro e todo o pacote. Falo de Gr\u00eamio, corneteio o colorado e tudo o mais, mas a gente \u00e9 obcecado. Hoje teve a tal da coluna pedindo pra parar com a corneta, o que foi rid\u00edculo. Mas \u00e9 motivo pra passar o DIA INTEIRO FALANDO DISSO?<\/p>\n<p style=\"text-align: justify;\"><strong>4. Somos cegos politicamente<\/strong><\/p>\n<p style=\"text-align: justify;\">N\u00e3o precisa de explica\u00e7\u00e3o, n\u00e9? \u00c9 nosso, \u00e9 lindo. \u00c9 deles, \u00e9 feio. Essa \u00e9 nossa base pol\u00edtica.<\/p>\n<p style=\"text-align: justify;\"><strong>5. N\u00e3o temos senso de humor<\/strong><\/p>\n<p style=\"text-align: justify;\">Assim como xingamos a galera rapidinho, nos ofendemos com QUALQUER COISA com a mesma velocidade. E n\u00e3o, n\u00e3o estou falando de preconceito, ass\u00e9dio, agress\u00e3o verbal etc. Estou falando de escrever uma cornetinha, fazer uma piadinha e receber MIL replies de pessoas que precisam de umas 12 horas de sono. \u00c9 muito ressentimento, muita desconfian\u00e7a. Por exemplo, meu marido \u00e9 comentarista esportivo, e no Twitter, QUALQUER coisa que ele diga tem o objetivo de DESTRUIR Gr\u00eamio ou Inter (voltando ao ontem 3). S\u00e9rio mesmo?<\/p>\n<p style=\"text-align: justify;\"><strong>6. Juramos ser\u00a0especialistas<\/strong><\/p>\n<p style=\"text-align: justify;\">Desse aqui sou culpada at\u00e9 o pesco\u00e7o. Temos uma necessidade IMPRESSIONANTE \u00a0de comentar todo e qualquer evento que aconte\u00e7a na Via L\u00e1ctea e juramos ser especialistas de absolutamente tudo. A gente tem certeza que tem as respostas certas e solu\u00e7\u00f5es para todos os males do mundo. Preguiiiii\u00e7a.<\/p>\n<p style=\"text-align: justify;\"><strong>7. Somos preconceituosos<\/strong><\/p>\n<p style=\"text-align: justify;\">A todo instante \u00e9 poss\u00edvel ler\u00a0algum tu\u00edte em que algu\u00e9m fala mal de gays, estrangeiros, refugiados, mulheres, negros, pobres, ricos, petistas, tucanos, de direita, de esquerda, disso, daquilo. E quando paramos pra pensar, h\u00e1 nenhuma l\u00f3gica por tr\u00e1s do preconceito puro e simples. \u00c9 normal ter receio com o desconhecido, afinal, n\u00e3o conhecemos. Mas a quantidade de discursos inflamados sobre o desconhecido \u00e9 assustadora. A quantidade de discursos inflamados contra\u00a0a pura e simples exist\u00eancia de determinadas pessoas \u00e9 desoladora.<\/p>\n<p style=\"text-align: justify;\"><strong>8. Somos provincianos<\/strong><\/p>\n<p style=\"text-align: justify;\">\u00c9 impressionante como somos atrasados, simples assim. A impress\u00e3o que d\u00e1 \u00e9 que ficamos andando em c\u00edrculos. Voc\u00eas se deram conta que, de uma forma ou outra, ainda rivalizamos sobre a Revolu\u00e7\u00e3o Farroupilha? Sem falar nesse papo de somos melhores em tudo.<\/p>\n<p style=\"text-align: justify;\"><strong>9. N\u00e3o conseguimos mudar de assunto<\/strong><\/p>\n<p style=\"text-align: justify;\">\u00c9 sempre a mesma coisa.<\/p>\n<p style=\"text-align: justify;\"><strong>10. Odiamos demais<\/strong><\/p>\n<p style=\"text-align: justify;\">Quer prova maior do que eu fazer uma lista sobre o que odeio?<\/p>\n<p>&nbsp;<\/p>\n","protected":false},"excerpt":{"rendered":"<p>Fiquei umas duas semanas relativamente afastada do Twitter. \u00c9 impressionante o nosso poder de n\u00e3o evoluir em duas semanas. E [&hellip;]<\/p>\n","protected":false},"author":3,"featured_media":1891,"comment_status":"open","ping_status":"open","sticky":false,"template":"","format":"standard","meta":{"_acf_changed":false,"footnotes":""},"categories":[22],"tags":[63,145,583,9,584,111,177,11],"class_list":["post-1886","post","type-post","status-publish","format-standard","has-post-thumbnail","hentry","category-georgia-santos","tag-alguma-coisa-esta-fora-da-ordem","tag-comportamento","tag-comportamento-humano","tag-georgia-santos","tag-interacao","tag-redes-sociais","tag-twitter","tag-vos"],"acf":[],"_links":{"self":[{"href":"https:\/\/vos.homolog.arsnova.work\/index.php?rest_route=\/wp\/v2\/posts\/1886","targetHints":{"allow":["GET"]}}],"collection":[{"href":"https:\/\/vos.homolog.arsnova.work\/index.php?rest_route=\/wp\/v2\/posts"}],"about":[{"href":"https:\/\/vos.homolog.arsnova.work\/index.php?rest_route=\/wp\/v2\/types\/post"}],"author":[{"embeddable":true,"href":"https:\/\/vos.homolog.arsnova.work\/index.php?rest_route=\/wp\/v2\/users\/3"}],"replies":[{"embeddable":true,"href":"https:\/\/vos.homolog.arsnova.work\/index.php?rest_route=%2Fwp%2Fv2%2Fcomments&post=1886"}],"version-history":[{"count":0,"href":"https:\/\/vos.homolog.arsnova.work\/index.php?rest_route=\/wp\/v2\/posts\/1886\/revisions"}],"wp:featuredmedia":[{"embeddable":true,"href":"https:\/\/vos.homolog.arsnova.work\/index.php?rest_route=\/wp\/v2\/media\/1891"}],"wp:attachment":[{"href":"https:\/\/vos.homolog.arsnova.work\/index.php?rest_route=%2Fwp%2Fv2%2Fmedia&parent=1886"}],"wp:term":[{"taxonomy":"category","embeddable":true,"href":"https:\/\/vos.homolog.arsnova.work\/index.php?rest_route=%2Fwp%2Fv2%2Fcategories&post=1886"},{"taxonomy":"post_tag","embeddable":true,"href":"https:\/\/vos.homolog.arsnova.work\/index.php?rest_route=%2Fwp%2Fv2%2Ftags&post=1886"}],"curies":[{"name":"wp","href":"https:\/\/api.w.org\/{rel}","templated":true}]}}