{"id":1871,"date":"2017-06-20T20:55:47","date_gmt":"2017-06-20T23:55:47","guid":{"rendered":"https:\/\/vos.homolog.arsnova.work\/?p=1871"},"modified":"2017-06-21T13:22:10","modified_gmt":"2017-06-21T16:22:10","slug":"ocupacoes-injustica-e-literatura","status":"publish","type":"post","link":"https:\/\/vos.homolog.arsnova.work\/?p=1871","title":{"rendered":"Ocupa\u00e7\u00f5es, (in)justi\u00e7a e literatura"},"content":{"rendered":"<p style=\"text-align: justify\"><span style=\"font-weight: 400\">Nos \u00faltimos dias, surgiu mais um gre-nal (ou fla-flu) nas redes sociais. A forma como ocorreu a reintegra\u00e7\u00e3o de posse de um pr\u00e9dio p\u00fablico do governo do Estado, no centro de Porto Alegre, dividiu opini\u00f5es. Mesmo na m\u00eddia tradicional, n\u00e3o houve consenso, j\u00e1 que a a\u00e7\u00e3o da Brigada Militar foi considerada por muitos truculenta e inadequada e a decis\u00e3o judicial abriu margem para que a opera\u00e7\u00e3o ocorresse \u00e0 noite, em plena v\u00e9spera de feriado.<\/span><\/p>\n<p style=\"text-align: justify\"><span style=\"font-weight: 400\">Vamos a um resumo dos fatos. Uma a\u00e7\u00e3o judicial determinou a desocupa\u00e7\u00e3o de um im\u00f3vel que h\u00e1 cerca de dois anos abrigava moradores da chamada Ocupa\u00e7\u00e3o Lanceiros Negros (uma refer\u00eancia aos negros livres que lutaram bravamente na Revolu\u00e7\u00e3o Farroupilha). Vale ressalvar que o pr\u00e9dio j\u00e1 estava vazio h\u00e1 muito tempo quando essas fam\u00edlias foram morar no local.<\/span><\/p>\n<p style=\"text-align: justify\"><span style=\"font-weight: 400\">Mas o que realmente gerou questionamento\u00a0foi a forma de atua\u00e7\u00e3o do poder p\u00fablico. A ocupa\u00e7\u00e3o tinha crian\u00e7as e at\u00e9 beb\u00eas. Como em uma situa\u00e7\u00e3o assim n\u00e3o estava presente o Conselho Tutelar, por exemplo? Um comentarista de uma das maiores emissoras de r\u00e1dio do Rio Grande do Sul considerou que <a href=\"http:\/\/zh.clicrbs.com.br\/rs\/porto-alegre\/noticia\/2017\/06\/claudio-brito-a-protecao-das-criancas-nao-se-da-com-bomba-de-gas-9816877.html#showNoticia=ZUVIfFAxOFw4Nzg0NjAwMDQ4ODkwNTUyMzIwTndJODg2NzM4NzIyNzE4ODQ2NTM4MnpfLTYxNzk2Njg0MzY0NDUwMzY1NDRNc1EtaThCUTVQd0phW340L3Y=\">princ\u00edpios constitucionais foram violados, o que \u00e9 grav\u00edssimo<\/a>.<\/span><\/p>\n<p><span style=\"font-weight: 400\">O colunista de um grande jornal <a href=\"http:\/\/www.correiodopovo.com.br\/blogs\/juremirmachado\/2017\/06\/9934\/tres-singelas-perguntas\/\">questionou<\/a> porque\u00a0um juiz recebe um polpudo aux\u00edlio-moradia enquanto \u00a0fam\u00edlias de sem-teto ficam sem ter onde morar. A associa\u00e7\u00e3o da categoria, em resposta, divulgou uma <a href=\"http:\/\/www.ajuris.org.br\/2017\/06\/17\/nota\/\">nota<\/a> a respeito do coment\u00e1rio. Antes, a Ajuris havia <a href=\"http:\/\/www.ajuris.org.br\/2017\/06\/16\/nota-sobre-a-reintegracao-de-posse-da-ocupacao-lanceiros-negros\/\">lamentado<\/a> a forma como ocorreu a reintegra\u00e7\u00e3o de posse.<\/span><\/p>\n<p style=\"text-align: justify\"><span style=\"font-weight: 400\">Em meio a esse cen\u00e1rio, recorro a Franz Kafka e seu c\u00e9lebre livro <em>O Processo<\/em>. A obra \u00e9 uma grande cr\u00edtica \u00e0 injusti\u00e7as\u00a0e arbitrariedades do sistema. O julgamento de Josef K. por um tribunal misterioso demonstra a fragilidade do cidad\u00e3o perante as autoridades, situa\u00e7\u00e3o enfrentada muitas vezes no Brasil, principalmente pelos mais pobres.<\/span><\/p>\n<p style=\"text-align: justify\"><span style=\"font-weight: 400\">O trecho a seguir, selecionado do in\u00edcio da obra, revela as incoer\u00eancias do sistema, a partir da r\u00e9plica de um dos\u00a0guardas que aborda o protagonista, no in\u00edcio do processo:<\/span><\/p>\n<blockquote>\n<p style=\"text-align: justify\"><span style=\"font-weight: 400\">Que \u00e9 que o senhor quer? Julga que pode terminar rapidamente com o seu enorme processo, o seu maldito processo, s\u00f3 por se p\u00f4r a discutir conosco, que n\u00e3o passamos de guardas, quest\u00f5es de documentos de identifica\u00e7\u00e3o e de mandados de captura? N\u00f3s somos apenas funcion\u00e1rios subalternos, que pouco ou nada percebem de documentos de identifica\u00e7\u00e3o e que, neste caso, n\u00e3o t\u00eam outra miss\u00e3o a n\u00e3o ser a de vigi\u00e1-lo dez horas por dia. \u00c9 para isso que nos pagam. No entanto, ainda somos capazes de compreender que as altas autoridades, ao servi\u00e7o das quais e<\/span><span style=\"font-weight: 400\">stamos, antes de darem uma ordem de pris\u00e3o, tiram minuciosas informa\u00e7\u00f5es acerca da pessoa a ser detida e dos motivos da deten\u00e7\u00e3o. Assim, n\u00e3o h\u00e1 possibilidades de engano. As nossas autoridades, at\u00e9 onde eu conhe\u00e7o, e os meus conhecimentos n\u00e3o v\u00e3o al\u00e9m das categorias mais baixas, n\u00e3o s\u00e3o daquelas que andam atr\u00e1s das culpas das pessoas, mas, como diz a Lei, s\u00e3o for\u00e7adas pelos delitos a enviarem-nos a n\u00f3s, os guardas.<\/span><\/p>\n<\/blockquote>\n<p style=\"text-align: justify\"><span style=\"font-weight: 400\">Franz Kafka \u00e9 considerado um dos grandes escritores de todos os tempos. Nascido em Praga, capital da atual Rep\u00fablica Checa, Kafka integra o can\u00f4ne liter\u00e1rio alem\u00e3o, por ter escrito nesse idioma. O livro <a href=\"https:\/\/www.submarino.com.br\/produto\/5470951\/livro-o-processo-edicao-de-bolso\"><em>O Processo<\/em><\/a> \u00e9 p\u00f3stumo, tendo sido publicado em 1925, um ano depois de sua morte. Por\u00e9m, permanece muito atual em seu nonsense, c\u00e9lebre na obra\u00a0kafkiana tamb\u00e9m em outras obras, como <em>A Metamorfose<\/em>.<\/span><\/p>\n<p style=\"text-align: justify\"><span style=\"font-weight: 400\">O livro <em>O Processo<\/em> foi para as <a href=\"https:\/\/www.youtube.com\/watch?v=qnoUG9K_BYw\">telonas <\/a>pela primeira vez na d\u00e9cada de 1960, com dire\u00e7\u00e3o do\u00a0\u00edcone do cinema Orson Welles e protagonizado por Anthony Perkins.<\/span><\/p>\n<p>&nbsp;<\/p>\n","protected":false},"excerpt":{"rendered":"<p>Nos \u00faltimos dias, surgiu mais um gre-nal (ou fla-flu) nas redes sociais. A forma como ocorreu a reintegra\u00e7\u00e3o de posse [&hellip;]<\/p>\n","protected":false},"author":5,"featured_media":1872,"comment_status":"open","ping_status":"open","sticky":false,"template":"","format":"standard","meta":{"_acf_changed":false,"footnotes":""},"categories":[4],"tags":[574,577,572,576,571,575,573,578,579],"class_list":["post-1871","post","type-post","status-publish","format-standard","has-post-thumbnail","hentry","category-voos-literarios","tag-a-metamorfose","tag-ajuris","tag-franz-kafka","tag-justica","tag-kafka","tag-lanceiros-negros","tag-o-processo","tag-ocupacao","tag-sem-teto"],"acf":[],"_links":{"self":[{"href":"https:\/\/vos.homolog.arsnova.work\/index.php?rest_route=\/wp\/v2\/posts\/1871","targetHints":{"allow":["GET"]}}],"collection":[{"href":"https:\/\/vos.homolog.arsnova.work\/index.php?rest_route=\/wp\/v2\/posts"}],"about":[{"href":"https:\/\/vos.homolog.arsnova.work\/index.php?rest_route=\/wp\/v2\/types\/post"}],"author":[{"embeddable":true,"href":"https:\/\/vos.homolog.arsnova.work\/index.php?rest_route=\/wp\/v2\/users\/5"}],"replies":[{"embeddable":true,"href":"https:\/\/vos.homolog.arsnova.work\/index.php?rest_route=%2Fwp%2Fv2%2Fcomments&post=1871"}],"version-history":[{"count":0,"href":"https:\/\/vos.homolog.arsnova.work\/index.php?rest_route=\/wp\/v2\/posts\/1871\/revisions"}],"wp:featuredmedia":[{"embeddable":true,"href":"https:\/\/vos.homolog.arsnova.work\/index.php?rest_route=\/wp\/v2\/media\/1872"}],"wp:attachment":[{"href":"https:\/\/vos.homolog.arsnova.work\/index.php?rest_route=%2Fwp%2Fv2%2Fmedia&parent=1871"}],"wp:term":[{"taxonomy":"category","embeddable":true,"href":"https:\/\/vos.homolog.arsnova.work\/index.php?rest_route=%2Fwp%2Fv2%2Fcategories&post=1871"},{"taxonomy":"post_tag","embeddable":true,"href":"https:\/\/vos.homolog.arsnova.work\/index.php?rest_route=%2Fwp%2Fv2%2Ftags&post=1871"}],"curies":[{"name":"wp","href":"https:\/\/api.w.org\/{rel}","templated":true}]}}