{"id":1847,"date":"2017-06-16T16:44:12","date_gmt":"2017-06-16T19:44:12","guid":{"rendered":"https:\/\/vos.homolog.arsnova.work\/?p=1847"},"modified":"2017-10-02T10:15:39","modified_gmt":"2017-10-02T13:15:39","slug":"maes-que-tudo-fazem","status":"publish","type":"post","link":"https:\/\/vos.homolog.arsnova.work\/?p=1847","title":{"rendered":"M\u00e3es que tudo fazem"},"content":{"rendered":"<blockquote>\n<h2 style=\"text-align: center;\"><strong>Quando nasce um filho, tudo aquilo que a gente pensou, idealizou, sonhou, muda drasticamente<\/strong><\/h2>\n<\/blockquote>\n<p style=\"text-align: justify;\">A dist\u00e2ncia que se cria entre a teoria e a pr\u00e1tica \u00e9 imensa. E essa tentativa de unir uma coisa com a outra resulta na cria\u00e7\u00e3o dos nossos filhos.\u00a0Uma das principais coisas que tenho lido em rela\u00e7\u00e3o \u00e0s m\u00e3es recentes \u00e9 a necessidade de ficar mais tempo com os filhos. Li esses dias o desespero de uma m\u00e3e que teria que colocar a filha de 4 meses na creche para poder voltar ao trabalho. Pagando a creche, restariam R$ 200,00 do sal\u00e1rio dela.<\/p>\n<p style=\"text-align: justify;\">O que fazer ent\u00e3o? Tenho visto muita m\u00e3e criando seu pr\u00f3prio neg\u00f3cio. Recriando, inventando uma nova carreira.<\/p>\n<p>.<\/p>\n<blockquote>\n<h2 style=\"text-align: center;\"><strong>Vou citar aqui apenas quatro m\u00e3es que conhe\u00e7o e admiro muito Certamente elas inspiram muita gente<\/strong><\/h2>\n<\/blockquote>\n<p>.<\/p>\n<p style=\"text-align: justify;\">A Fl\u00e1via criou o<a href=\"https:\/\/www.facebook.com\/Brech%C3%B3-Infantil-Entrou-na-Roda-Virtual-1449199442050738\/?fref=ts\" target=\"_blank\" rel=\"noopener\"><strong> Brech\u00f3 Infantil Entrou na Roda Virtual<\/strong><\/a> ap\u00f3s o nascimento da sua filha. A ideia era ter mais tempo para dedicar \u00e0 pequena e tamb\u00e9m colocar em pr\u00e1tica os conceitos aprendidos no Mestrado de Educa\u00e7\u00e3o Ambiental.<\/p>\n<p style=\"text-align: justify;\">As roupinhas entram na roda entre os beb\u00eas e crian\u00e7as e auxiliam na reutiliza\u00e7\u00e3o de materiais, j\u00e1 que muitas pe\u00e7as s\u00e3o recuperadas e garimpadas de uma m\u00e3e para outra.<\/p>\n<p style=\"text-align: justify;\">A Fernanda foi comiss\u00e1ria de v\u00f4o por 5 anos, normalmente ficava longe de casa de 5 a 6 dias. Quando teve seus filhos, optou por ficar com eles e abandonar a profiss\u00e3o. E estando em casa, precisava fazer algo pra ajudar no or\u00e7amento. Foi quando falou com uma amiga de SP que j\u00e1 trabalhava com mimos pra festa e resolveram abrir uma filial da <a href=\"https:\/\/www.facebook.com\/tucaminuca\/\" target=\"_blank\" rel=\"noopener\">&#8220;<strong>Tuca Minuca&#8221;<\/strong><\/a> em Porto Alegre. E ent\u00e3o h\u00e1 tr\u00eas anos faz os trabalhos em casa:\u00a0 \u201cassim pude juntar duas coisas que amo, meus filhos e as festas!\u201d<\/p>\n<p style=\"text-align: justify;\">Para a Mah, d<strong>o<a href=\"https:\/\/www.designbarbaro.com.br\/me\" target=\"_blank\" rel=\"noopener\"> Design B\u00e1rbaro,<\/a><\/strong> tudo come\u00e7ou ap\u00f3s sua demiss\u00e3o ao t\u00e9rmino da licen\u00e7a maternidade. Seis meses depois, seu marido tamb\u00e9m foi demitido. Entraram com toda a energia num projeto conjunto.\u00a0 \u201cNossa forma de trabalhar \u00e9 intensa e apaixonada, acreditamos no trabalho de nossos clientes\u201d.<\/p>\n<p style=\"text-align: justify;\">A Diva tem dois filhos e queria mais tempo ao lado deles. Quando o mais novo nasceu, foi diagnosticado aplv e al\u00e9rgico a\u00a0 ovo. Precisava de maiores cuidados com a alimenta\u00e7\u00e3o. Foi ent\u00e3o que surgia a ideia de trabalhar em casa. Sua m\u00e3e, costureira h\u00e1 mais de 40 anos, fazia fantasias para sua filha mais velha e elas viam uma grande demanda nesse mercado. Criaram assim a <strong>Imaginar e Brincar<\/strong>, uma loja de fantasias e acess\u00f3rios infantis que valorizam o conforto e divers\u00e3o em suas roupas.<\/p>\n<p style=\"text-align: justify;\">Admiro demais essas super profissionais!<\/p>\n","protected":false},"excerpt":{"rendered":"<p>Quando nasce um filho, tudo aquilo que a gente pensou, idealizou, sonhou, muda drasticamente A dist\u00e2ncia que se cria entre [&hellip;]<\/p>\n","protected":false},"author":10,"featured_media":1848,"comment_status":"open","ping_status":"open","sticky":false,"template":"","format":"standard","meta":{"_acf_changed":false,"footnotes":""},"categories":[17],"tags":[194,551,192,565],"class_list":["post-1847","post","type-post","status-publish","format-standard","has-post-thumbnail","hentry","category-raquel-grabauska","tag-criancas","tag-empreendedorismo-feminino","tag-filhos","tag-licenca-maternidade"],"acf":[],"_links":{"self":[{"href":"https:\/\/vos.homolog.arsnova.work\/index.php?rest_route=\/wp\/v2\/posts\/1847","targetHints":{"allow":["GET"]}}],"collection":[{"href":"https:\/\/vos.homolog.arsnova.work\/index.php?rest_route=\/wp\/v2\/posts"}],"about":[{"href":"https:\/\/vos.homolog.arsnova.work\/index.php?rest_route=\/wp\/v2\/types\/post"}],"author":[{"embeddable":true,"href":"https:\/\/vos.homolog.arsnova.work\/index.php?rest_route=\/wp\/v2\/users\/10"}],"replies":[{"embeddable":true,"href":"https:\/\/vos.homolog.arsnova.work\/index.php?rest_route=%2Fwp%2Fv2%2Fcomments&post=1847"}],"version-history":[{"count":0,"href":"https:\/\/vos.homolog.arsnova.work\/index.php?rest_route=\/wp\/v2\/posts\/1847\/revisions"}],"wp:featuredmedia":[{"embeddable":true,"href":"https:\/\/vos.homolog.arsnova.work\/index.php?rest_route=\/wp\/v2\/media\/1848"}],"wp:attachment":[{"href":"https:\/\/vos.homolog.arsnova.work\/index.php?rest_route=%2Fwp%2Fv2%2Fmedia&parent=1847"}],"wp:term":[{"taxonomy":"category","embeddable":true,"href":"https:\/\/vos.homolog.arsnova.work\/index.php?rest_route=%2Fwp%2Fv2%2Fcategories&post=1847"},{"taxonomy":"post_tag","embeddable":true,"href":"https:\/\/vos.homolog.arsnova.work\/index.php?rest_route=%2Fwp%2Fv2%2Ftags&post=1847"}],"curies":[{"name":"wp","href":"https:\/\/api.w.org\/{rel}","templated":true}]}}