{"id":1842,"date":"2017-06-15T09:02:12","date_gmt":"2017-06-15T12:02:12","guid":{"rendered":"https:\/\/vos.homolog.arsnova.work\/?p=1842"},"modified":"2017-10-02T10:36:48","modified_gmt":"2017-10-02T13:36:48","slug":"porque-organizacao-da-parada-lgbt-de-sao-paulo-nao-grita-fora-temer","status":"publish","type":"post","link":"https:\/\/vos.homolog.arsnova.work\/?p=1842","title":{"rendered":"Por que a organiza\u00e7\u00e3o da Parada LGBT de S\u00e3o Paulo n\u00e3o grita Fora Temer?"},"content":{"rendered":"<p style=\"text-align: justify;\">A cidade de S\u00e3o Paulo realiza anualmente a maior Parada do Orgulho LGBT do Brasil. Mais de um milh\u00e3o de pessoas sair\u00e3o \u00e0s ruas neste domingo, dia 18, para celebrar a diversidade e lutar por direitos em um evento que se caracteriza pela mistura entre a alegria festiva e a seriedade reivindicat\u00f3ria.\u00a0Contudo, algo parece desajustado na parada deste ano.<\/p>\n<p>.<\/p>\n<blockquote>\n<h2 style=\"text-align: center;\"><strong>O pa\u00eds vive uma conjuntura turbulenta, com um governo ileg\u00edtimo e fr\u00e1gil. Com 4% de apoio popular e enrolado na Opera\u00e7\u00e3o Lava Jato, Michel Temer \u00e9 sustentado apenas pelos piores interesses fisiologistas de um Congresso Nacional coberto de lama<\/strong><\/h2>\n<\/blockquote>\n<p>.<\/p>\n<p style=\"text-align: justify;\">Em todos os cantos do pa\u00eds, qualquer evento, pe\u00e7a teatral ou cerim\u00f4nia oficial \u00a0tornou-se um palco para que algu\u00e9m puxe um grito de Fora Temer, que instantaneamente se transforma em coro. Esta foi a marca do Carnaval deste ano, onde os blocos de rua das principais cidades do pa\u00eds expressaram este sentimento de repulsa ao governo.<\/p>\n<p style=\"text-align: justify;\">Agora, que a situa\u00e7\u00e3o est\u00e1 ainda mais grave do que em fevereiro, a Associa\u00e7\u00e3o da Parada do Orgulho LGBT de S\u00e3o Paulo toma uma decis\u00e3o inexplic\u00e1vel: escolhe como tema da edi\u00e7\u00e3o deste ano o \u201cEstado laico\u201d. \u00c9 evidente que a luta por um Estado laico \u00e9 necess\u00e1ria, justa e dialoga com a prote\u00e7\u00e3o da popula\u00e7\u00e3o LGBT brasileira, na medida em que fan\u00e1ticos religiosos neopentecostais dominam amplos setores da pol\u00edtica e articulam iniciativas cada mais vez mais nocivas aos nossos direitos.<\/p>\n<p>.<\/p>\n<blockquote>\n<h2 style=\"text-align: center;\"><strong>Acontece que este governo representa, tamb\u00e9m, estes setores. Que, ali\u00e1s, s\u00e3o muito bons em se misturar com qualquer governo. N\u00e3o \u00e9 \u00e0 toa que o bispo Marcelo Crivella, hoje prefeito do Rio, foi ministro da Dilma<\/strong><\/h2>\n<\/blockquote>\n<p>.<\/p>\n<p style=\"text-align: justify;\">A conjuntura exige da Parada LGBT de S\u00e3o Paulo um grito forte, alegre e colorido por Fora Temer. O movimento LGBT sempre esteve na vanguarda das lutas sociais. Simplesmente n\u00e3o faz sentido que a associa\u00e7\u00e3o da parada resolva ignorar o momento hist\u00f3rico do pa\u00eds e colocar esta poderosa festa da diversidade em rota de colis\u00e3o contra um governo que sequer \u00e9 um aliado dos LGBTs.<\/p>\n<p style=\"text-align: justify;\">Tenho a convic\u00e7\u00e3o de que, embora oficialmente o Fora Temer esteja ausente do tema da parada deste ano, ela acabar\u00e1 inevitavelmente expressando este car\u00e1ter de recha\u00e7o ao governo. A popula\u00e7\u00e3o LGBT sabe que Michel Temer \u00e9 um inimigo de nossos direitos. \u00c9 uma pena que a pr\u00f3pria organiza\u00e7\u00e3o da parada tenha optado por perder o trem da hist\u00f3ria.<\/p>\n<p style=\"text-align: justify;\"><em>Foto: <a href=\"https:\/\/www.flickr.com\/people\/77855978@N03?rb=1\" target=\"_blank\" rel=\"noopener noreferrer\">Ben Tavener\/Flickr<\/a><\/em><\/p>\n","protected":false},"excerpt":{"rendered":"<p>A cidade de S\u00e3o Paulo realiza anualmente a maior Parada do Orgulho LGBT do Brasil. Mais de um milh\u00e3o de [&hellip;]<\/p>\n","protected":false},"author":13,"featured_media":1844,"comment_status":"open","ping_status":"open","sticky":false,"template":"","format":"standard","meta":{"_acf_changed":false,"footnotes":""},"categories":[19],"tags":[],"class_list":["post-1842","post","type-post","status-publish","format-standard","has-post-thumbnail","hentry","category-samir-oliveira"],"acf":[],"_links":{"self":[{"href":"https:\/\/vos.homolog.arsnova.work\/index.php?rest_route=\/wp\/v2\/posts\/1842","targetHints":{"allow":["GET"]}}],"collection":[{"href":"https:\/\/vos.homolog.arsnova.work\/index.php?rest_route=\/wp\/v2\/posts"}],"about":[{"href":"https:\/\/vos.homolog.arsnova.work\/index.php?rest_route=\/wp\/v2\/types\/post"}],"author":[{"embeddable":true,"href":"https:\/\/vos.homolog.arsnova.work\/index.php?rest_route=\/wp\/v2\/users\/13"}],"replies":[{"embeddable":true,"href":"https:\/\/vos.homolog.arsnova.work\/index.php?rest_route=%2Fwp%2Fv2%2Fcomments&post=1842"}],"version-history":[{"count":0,"href":"https:\/\/vos.homolog.arsnova.work\/index.php?rest_route=\/wp\/v2\/posts\/1842\/revisions"}],"wp:featuredmedia":[{"embeddable":true,"href":"https:\/\/vos.homolog.arsnova.work\/index.php?rest_route=\/wp\/v2\/media\/1844"}],"wp:attachment":[{"href":"https:\/\/vos.homolog.arsnova.work\/index.php?rest_route=%2Fwp%2Fv2%2Fmedia&parent=1842"}],"wp:term":[{"taxonomy":"category","embeddable":true,"href":"https:\/\/vos.homolog.arsnova.work\/index.php?rest_route=%2Fwp%2Fv2%2Fcategories&post=1842"},{"taxonomy":"post_tag","embeddable":true,"href":"https:\/\/vos.homolog.arsnova.work\/index.php?rest_route=%2Fwp%2Fv2%2Ftags&post=1842"}],"curies":[{"name":"wp","href":"https:\/\/api.w.org\/{rel}","templated":true}]}}