{"id":1836,"date":"2017-06-14T19:18:12","date_gmt":"2017-06-14T22:18:12","guid":{"rendered":"https:\/\/vos.homolog.arsnova.work\/?p=1836"},"modified":"2017-10-02T10:07:16","modified_gmt":"2017-10-02T13:07:16","slug":"as-vaias-contra-miriam-leitao-e-o-fim-do-meio-campo-politico","status":"publish","type":"post","link":"https:\/\/vos.homolog.arsnova.work\/?p=1836","title":{"rendered":"As vaias contra M\u00edriam Leit\u00e3o e o fim do meio-campo pol\u00edtico"},"content":{"rendered":"<p style=\"text-align: justify;\">Se algu\u00e9m ainda precisava de elementos para constatar como nosso debate pol\u00edtico est\u00e1 apodrecido e sem rumo, o recente <a href=\"http:\/\/blogs.oglobo.globo.com\/miriam-leitao\/post\/o-odio-bordo.html\">incidente envolvendo a jornalista M\u00edriam Leit\u00e3o<\/a> durante uma viagem de avi\u00e3o traz um monte de elementos \u00fateis para deixar o problema desenhado ainda mais nitidamente. E o retrato que surge com essas novas pinceladas, infelizmente, n\u00e3o \u00e9 nada positivo.<\/p>\n<p>.<\/p>\n<blockquote>\n<h3 style=\"text-align: center;\"><strong>Para come\u00e7ar, temos o fato evidente: hostilizar algu\u00e9m apenas por n\u00e3o gostar do resultado da sua atividade profissional e\/ou posi\u00e7\u00e3o pol\u00edtica \u00e9 falta de civilidade e intoler\u00e2ncia, no m\u00ednimo<\/strong><\/h3>\n<\/blockquote>\n<p>.<\/p>\n<p style=\"text-align: justify;\">Vale tanto para M\u00edriam Leit\u00e3o quanto para, digamos, <a href=\"http:\/\/exame.abril.com.br\/brasil\/chico-buarque-e-hostilizado-por-jovens-de-direita-no-rio\/\">Chico Buarque<\/a> &#8211; e tamb\u00e9m para tantos colegas jornalistas, hostilizados em diferentes situa\u00e7\u00f5es como se eles e a empresa para a qual trabalham fossem uma coisa s\u00f3. E abra\u00e7ar os primeiros relatos dando conta de que M\u00edriam &#8220;exagerou&#8221;, vindos de quem n\u00e3o parece ter exatamente isen\u00e7\u00e3o no acontecido, como modo de desmerecer as queixas dela em sua totalidade \u00e9, pura e simplesmente, ser <strong>ideologicamente seletivo<\/strong>. Lamento, mas \u00e9 verdade.<\/p>\n<p style=\"text-align: justify;\">Mas h\u00e1 mais. Embora n\u00e3o seja exatamente uma pessoa isenta, M\u00edriam Leit\u00e3o est\u00e1 longe de ser uma direitosa raivosa, uma criatura pol\u00edtica movida pela intoler\u00e2ncia a tudo que tenha o menor cheirinho que seja de esquerda. N\u00e3o se trata de algu\u00e9m que abomina Direitos Humanos, que se posiciona abertamente contra grupos socialmente prejudicados, que combate a\u00e7\u00f5es afirmativas ou defende o endurecimento irrestrito do ponto de vista penal. \u00c9 uma figura que foi perseguida durante a Ditadura militar, ou seja, que se op\u00f4s claramente a um dos momentos mais terr\u00edveis da hist\u00f3ria de nosso pa\u00eds. Embora comprometida com reformas pol\u00edticas para l\u00e1 de\u00a0question\u00e1veis, ningu\u00e9m dir\u00e1 que \u00e9 incoerente nisso, uma vez que o liberalismo econ\u00f4mico e o discurso pr\u00f3-mercado s\u00e3o uma constante em seus posicionamentos h\u00e1 muito tempo.<\/p>\n<p>.<\/p>\n<blockquote>\n<h2 style=\"text-align: center;\"><strong>M\u00edriam Leit\u00e3o \u00e9 algu\u00e9m com quem uma pessoa que pensa \u00e0 esquerda pode n\u00e3o concordar, mas de di\u00e1logo certamente muito menos dif\u00edcil\u00a0do que com um <em>fake<\/em> adorador de Bolsomitos ou um pseudo-pensador de direita devoto de Olavo de Carvalho<\/strong><\/h2>\n<\/blockquote>\n<p>.<\/p>\n<p style=\"text-align: justify;\">N\u00e3o estamos diante de uma rebeldia pol\u00edtica pr\u00e9-adolescente \u00e0 MBL, nem de um fascismo que grita por interven\u00e7\u00e3o militar e que, se pudesse, perseguiria opositores do mesmo modo que a pr\u00f3pria M\u00edriam e tantos outros foram perseguidos no passado. Estamos, isso sim, confrontados com um pensamento liberal mais ou menos leg\u00edtimo, certamente question\u00e1vel (e qual pensamento n\u00e3o \u00e9?), mas com todos os predicados necess\u00e1rios para um debate honesto. Que n\u00e3o acontecer\u00e1 na Rede Globo, \u00e9 certo, mas n\u00e3o est\u00e1 proibido de acontecer em qualquer outro lugar, em qualquer outro per\u00edodo no tempo.<\/p>\n<p style=\"text-align: justify;\">A op\u00e7\u00e3o das pessoas que entoaram gritos de guerra naquele voo, e a op\u00e7\u00e3o dos que seguem atacando M\u00edriam Leit\u00e3o nas redes sociais, n\u00e3o foi\u00a0essa. <strong>Percebe-se claramente como o meio-campo desapareceu: do lado de l\u00e1 da linha lim\u00edtrofe \u00e9 tudo mais ou menos a mesma coisa, tudo merece basicamente a mesma rea\u00e7\u00e3o hostil.<\/strong> Uma rea\u00e7\u00e3o, a seu modo, t\u00e3o chucra e ignorante quanto a dos f\u00e3s de Bolsomito que todos nos esfor\u00e7amos (e com plena raz\u00e3o) para condenar.<\/p>\n<h4 style=\"text-align: justify;\">Quem assim age transforma o suposto oponente em espantalho, e v\u00ea na imagem que acabou de criar a legitimidade para destruir qualquer espa\u00e7o de pondera\u00e7\u00e3o.<\/h4>\n<p style=\"text-align: justify;\">&#8220;Mas ela n\u00e3o foi solid\u00e1ria a Dilma Rousseff quando a ent\u00e3o presidenta foi ofendida na abertura da Copa&#8221;, dir\u00e3o uns. &#8220;Ela est\u00e1 colhendo o que plantou&#8221;, acrescentar\u00e3o outros. Embora n\u00e3o sejam exatamente equivocados, n\u00e3o consigo enxergar onde esses argumentos querem chegar. Se ela fracassou em condenar as agress\u00f5es brutais e mis\u00f3ginas cometidas contra Dilma em diferentes situa\u00e7\u00f5es, isso muda a situa\u00e7\u00e3o exatamente em qu\u00ea? Se ela eventualmente contribui para desinformar e confundir a opini\u00e3o p\u00fablica, de que forma isso legitima a NOSSA ades\u00e3o, direta ou indireta, ao urro dos n\u00e3o-pensantes?<\/p>\n<p style=\"text-align: justify;\"><strong>Pedir a carteirinha ideol\u00f3gica de quem vamos ou n\u00e3o vamos defender n\u00e3o vai nos levar a lugar\u00a0algum.<\/strong>\u00a0\u00c9 o que foi feito por alguns que ousaram defender a hostilidade a Chico Buarque, s\u00f3 para rememorar o exemplo acima. Precisamos ter algo que esteja acima disso, ou ent\u00e3o n\u00e3o teremos quase nada. E nem vou falar no cheiro de mofo argumentativo que emana de gritos como os que foram feitos contra a jornalista, porque a\u00ed precisaria me estender ainda mais do que j\u00e1 me estendi.<\/p>\n<p style=\"text-align: justify;\">Eu n\u00e3o concordo com muita, mas muita coisa que M\u00edriam Leit\u00e3o escreve e diz. E fico constrangido de precisar dizer isso, porque a rea\u00e7\u00e3o natural de muitos ser\u00e1 dizer que s\u00f3 me alinho entre os que condenam a pataquada porque sou da mesma laia ou quero pagar de isent\u00e3o. Um dos n\u00f3s aparentemente mais dif\u00edceis de desatar nesses tempos de degrada\u00e7\u00e3o pol\u00edtica coletiva \u00e9 justamente entender que essa degrada\u00e7\u00e3o \u00e9 algo coletivo, que atinge todos os \u00e2ngulos, e que \u00e9 preciso estar alerta para n\u00e3o ser reprodutor e incentivador dela. <strong>Mesmo que o discurso da &#8220;rea\u00e7\u00e3o&#8221; seja atraente, ele definitivamente n\u00e3o serve para tudo.<\/strong><\/p>\n<p style=\"text-align: justify;\"><em>Foto:\u00a0Bruna Caroline\/Comunique-se<\/em><\/p>\n","protected":false},"excerpt":{"rendered":"<p>Se algu\u00e9m ainda precisava de elementos para constatar como nosso debate pol\u00edtico est\u00e1 apodrecido e sem rumo, o recente incidente [&hellip;]<\/p>\n","protected":false},"author":14,"featured_media":1838,"comment_status":"open","ping_status":"open","sticky":false,"template":"","format":"standard","meta":{"_acf_changed":false,"footnotes":""},"categories":[20],"tags":[],"class_list":["post-1836","post","type-post","status-publish","format-standard","has-post-thumbnail","hentry","category-igor-natusch"],"acf":[],"_links":{"self":[{"href":"https:\/\/vos.homolog.arsnova.work\/index.php?rest_route=\/wp\/v2\/posts\/1836","targetHints":{"allow":["GET"]}}],"collection":[{"href":"https:\/\/vos.homolog.arsnova.work\/index.php?rest_route=\/wp\/v2\/posts"}],"about":[{"href":"https:\/\/vos.homolog.arsnova.work\/index.php?rest_route=\/wp\/v2\/types\/post"}],"author":[{"embeddable":true,"href":"https:\/\/vos.homolog.arsnova.work\/index.php?rest_route=\/wp\/v2\/users\/14"}],"replies":[{"embeddable":true,"href":"https:\/\/vos.homolog.arsnova.work\/index.php?rest_route=%2Fwp%2Fv2%2Fcomments&post=1836"}],"version-history":[{"count":0,"href":"https:\/\/vos.homolog.arsnova.work\/index.php?rest_route=\/wp\/v2\/posts\/1836\/revisions"}],"wp:featuredmedia":[{"embeddable":true,"href":"https:\/\/vos.homolog.arsnova.work\/index.php?rest_route=\/wp\/v2\/media\/1838"}],"wp:attachment":[{"href":"https:\/\/vos.homolog.arsnova.work\/index.php?rest_route=%2Fwp%2Fv2%2Fmedia&parent=1836"}],"wp:term":[{"taxonomy":"category","embeddable":true,"href":"https:\/\/vos.homolog.arsnova.work\/index.php?rest_route=%2Fwp%2Fv2%2Fcategories&post=1836"},{"taxonomy":"post_tag","embeddable":true,"href":"https:\/\/vos.homolog.arsnova.work\/index.php?rest_route=%2Fwp%2Fv2%2Ftags&post=1836"}],"curies":[{"name":"wp","href":"https:\/\/api.w.org\/{rel}","templated":true}]}}