{"id":1830,"date":"2017-06-13T12:58:08","date_gmt":"2017-06-13T15:58:08","guid":{"rendered":"https:\/\/vos.homolog.arsnova.work\/?p=1830"},"modified":"2017-06-13T13:01:19","modified_gmt":"2017-06-13T16:01:19","slug":"diretas-ja-feminismo-e-literatura","status":"publish","type":"post","link":"https:\/\/vos.homolog.arsnova.work\/?p=1830","title":{"rendered":"Diretas J\u00e1, feminismo e literatura"},"content":{"rendered":"<p>No \u00faltimo final de semana, aconteceram manifesta\u00e7\u00f5es pelas Diretas J\u00e1 em diversas cidades brasileiras. Em S\u00e3o Paulo, o protesto realizado nesse domingo teve um enfoque diferente: colocar em pauta os <a href=\"https:\/\/www.cartacapital.com.br\/politica\/mulheres-organizam-ato-feminista-em-favor-das-diretas-ja\">direitos das mulheres<\/a>. A ideia partiu da escritora Clara Averbuck, sobre quem j\u00e1 escrevi <a href=\"https:\/\/vos.homolog.arsnova.work\/voos-literarios\/respeita-as-minas-na-literatura-e-em-qualquer-lugar\/\">aqui<\/a>.<\/p>\n<p>Eu respeito\u00a0o trabalho liter\u00e1rio da Clara e tamb\u00e9m sua coragem em se posicionar politicamente em um per\u00edodo de tanto \u00f3dio nas redes sociais e fora delas. A trajet\u00f3ria pessoal\u00a0de escritores e outras personalidades nem sempre \u00e9 admir\u00e1vel. Mas existem muitas mulheres que fizeram a diferen\u00e7a e servem de exemplos para todos com suas hist\u00f3rias de vida.<\/p>\n<p>Em homenagem ao ato feminista pelas Diretas J\u00e1, selecionei cinco biografias de mulheres poderosas de diferentes \u00e1reas. Inspirem-se!!<\/p>\n<blockquote><p>\u00a0<b>Carmen Miranda<\/b><span style=\"font-weight: 400\"> &#8211; A trajet\u00f3ria da pequena not\u00e1vel \u00e9 contada com maestria por Ruy Castro em\u00a0<\/span><a href=\"http:\/\/www.livrariacultura.com.br\/p\/carmen-uma-biografia-1143937?id_link=8787&amp;adtype=pla&amp;gclid=CjwKEAjw_LG8BRDb1JTxm8uP_UwSJADu_8pWLDaobeil8mz9xjs3PfxvGVDmhktB62lrJY13uYj-QBoCCS_w_wcB\"><i><span style=\"font-weight: 400\">Carmen, Uma Biografia<\/span><\/i><\/a><span style=\"font-weight: 400\">.<\/span><\/p>\n<p><b>Clarice Lispector<\/b><span style=\"font-weight: 400\"> &#8211; A obra <\/span><i><span style=\"font-weight: 400\"><a href=\"http:\/\/www.saraiva.com.br\/clarice-2854869.html\">Clarice<\/a>,<\/span><\/i><span style=\"font-weight: 400\"> \u00e9 uma refer\u00eancia para os amantes da literatura, mostrando a vida e obra da escritora pela vis\u00e3o do norte-americano Benjamin Moser.<\/span><\/p>\n<p><b>Frida Kahlo &#8211; <\/b><span style=\"font-weight: 400\">O livro mostra a intimidade da pintora que transformou sua vida em arte. <\/span><a href=\"http:\/\/www.livrariacultura.com.br\/p\/frida-a-biografia-22894662\"><i><span style=\"font-weight: 400\">Frida &#8211; A Biografia<\/span><\/i><\/a><span style=\"font-weight: 400\"> foi escrita por Hayden Herrera.<\/span><\/p>\n<p><b>Janis Joplin &#8211; <\/b><span style=\"font-weight: 400\">A roqueira transgressora pela vis\u00e3o da irm\u00e3 na obra <\/span><a href=\"http:\/\/www.extra.com.br\/livros\/BiografiasCartasMemorias\/Biografias\/Com-Amor-Janis-Joplin-161537.html\"><i><span style=\"font-weight: 400\">Com Amor, Janis Joplin<\/span><\/i><\/a><span style=\"font-weight: 400\">, de Laura Joplin.<\/span><\/p>\n<p><b>Elis Regina<\/b><span style=\"font-weight: 400\"> &#8211; A cantora Elis Regina t\u00eam mais de uma obra dedicada \u00e0 sua trajet\u00f3ria. Indico\u00a0<\/span><a href=\"http:\/\/www.livrariacultura.com.br\/p\/elis-uma-biografia-musical-5175165?id_link=8787&amp;adtype=pla&amp;gclid=CjwKEAjw_LG8BRDb1JTxm8uP_UwSJADu_8pWgKf6Pc_pPxejmsNdHfBNqfF-YWdtQ5Bkpxz17cUBTxoCcI7w_wcB#\"><i><span style=\"font-weight: 400\">Elis, Uma Biografia Musical<\/span><\/i><\/a><span style=\"font-weight: 400\">, escrita pelo ga\u00facho Arthur de Faria.<\/span><\/p>\n<p style=\"text-align: left\">\n<\/blockquote>\n","protected":false},"excerpt":{"rendered":"<p>No \u00faltimo final de semana, aconteceram manifesta\u00e7\u00f5es pelas Diretas J\u00e1 em diversas cidades brasileiras. Em S\u00e3o Paulo, o protesto realizado [&hellip;]<\/p>\n","protected":false},"author":5,"featured_media":1831,"comment_status":"open","ping_status":"open","sticky":false,"template":"","format":"standard","meta":{"_acf_changed":false,"footnotes":""},"categories":[4],"tags":[560,561,314,446,398,564,284,562,563],"class_list":["post-1830","post","type-post","status-publish","format-standard","has-post-thumbnail","hentry","category-voos-literarios","tag-biografia","tag-carmen-miranda","tag-clara-averbuck","tag-clarice-lispector","tag-diretas-ja","tag-elis-regina","tag-feminismo","tag-frida-kahlo","tag-janis-joplin"],"acf":[],"_links":{"self":[{"href":"https:\/\/vos.homolog.arsnova.work\/index.php?rest_route=\/wp\/v2\/posts\/1830","targetHints":{"allow":["GET"]}}],"collection":[{"href":"https:\/\/vos.homolog.arsnova.work\/index.php?rest_route=\/wp\/v2\/posts"}],"about":[{"href":"https:\/\/vos.homolog.arsnova.work\/index.php?rest_route=\/wp\/v2\/types\/post"}],"author":[{"embeddable":true,"href":"https:\/\/vos.homolog.arsnova.work\/index.php?rest_route=\/wp\/v2\/users\/5"}],"replies":[{"embeddable":true,"href":"https:\/\/vos.homolog.arsnova.work\/index.php?rest_route=%2Fwp%2Fv2%2Fcomments&post=1830"}],"version-history":[{"count":0,"href":"https:\/\/vos.homolog.arsnova.work\/index.php?rest_route=\/wp\/v2\/posts\/1830\/revisions"}],"wp:featuredmedia":[{"embeddable":true,"href":"https:\/\/vos.homolog.arsnova.work\/index.php?rest_route=\/wp\/v2\/media\/1831"}],"wp:attachment":[{"href":"https:\/\/vos.homolog.arsnova.work\/index.php?rest_route=%2Fwp%2Fv2%2Fmedia&parent=1830"}],"wp:term":[{"taxonomy":"category","embeddable":true,"href":"https:\/\/vos.homolog.arsnova.work\/index.php?rest_route=%2Fwp%2Fv2%2Fcategories&post=1830"},{"taxonomy":"post_tag","embeddable":true,"href":"https:\/\/vos.homolog.arsnova.work\/index.php?rest_route=%2Fwp%2Fv2%2Ftags&post=1830"}],"curies":[{"name":"wp","href":"https:\/\/api.w.org\/{rel}","templated":true}]}}